{"id":365,"date":"2022-04-18T21:00:18","date_gmt":"2022-04-19T00:00:18","guid":{"rendered":"http:\/\/blogdoarmindomaia.com.br\/?p=365"},"modified":"2022-04-18T21:00:23","modified_gmt":"2022-04-19T00:00:23","slug":"festival-saberes-e-sabores-sera-em-maio","status":"publish","type":"post","link":"http:\/\/blogdoarmindomaia.com.br\/?p=365","title":{"rendered":"Festival Saberes e Sabores ser\u00e1 em maio"},"content":{"rendered":"\n<figure class=\"wp-block-image size-large is-style-default\"><img loading=\"lazy\" decoding=\"async\" width=\"1024\" height=\"663\" src=\"http:\/\/blogdoarmindomaia.com.br\/wp-content\/uploads\/2022\/04\/Festival-Saberes-e-Sabores-sera-em-maio-pag-12-1-1024x663.jpg\" alt=\"\" class=\"wp-image-368\" srcset=\"http:\/\/blogdoarmindomaia.com.br\/wp-content\/uploads\/2022\/04\/Festival-Saberes-e-Sabores-sera-em-maio-pag-12-1-1024x663.jpg 1024w, http:\/\/blogdoarmindomaia.com.br\/wp-content\/uploads\/2022\/04\/Festival-Saberes-e-Sabores-sera-em-maio-pag-12-1-300x194.jpg 300w, http:\/\/blogdoarmindomaia.com.br\/wp-content\/uploads\/2022\/04\/Festival-Saberes-e-Sabores-sera-em-maio-pag-12-1-768x497.jpg 768w, http:\/\/blogdoarmindomaia.com.br\/wp-content\/uploads\/2022\/04\/Festival-Saberes-e-Sabores-sera-em-maio-pag-12-1.jpg 1280w\" sizes=\"auto, (max-width: 1024px) 100vw, 1024px\" \/><\/figure>\n\n\n\n<figure class=\"wp-block-image size-large is-style-default\"><img loading=\"lazy\" decoding=\"async\" width=\"1024\" height=\"693\" src=\"http:\/\/blogdoarmindomaia.com.br\/wp-content\/uploads\/2022\/04\/sabores_4-1024x693.jpg\" alt=\"\" class=\"wp-image-367\" srcset=\"http:\/\/blogdoarmindomaia.com.br\/wp-content\/uploads\/2022\/04\/sabores_4-1024x693.jpg 1024w, http:\/\/blogdoarmindomaia.com.br\/wp-content\/uploads\/2022\/04\/sabores_4-300x203.jpg 300w, http:\/\/blogdoarmindomaia.com.br\/wp-content\/uploads\/2022\/04\/sabores_4-768x520.jpg 768w, http:\/\/blogdoarmindomaia.com.br\/wp-content\/uploads\/2022\/04\/sabores_4.jpg 1280w\" sizes=\"auto, (max-width: 1024px) 100vw, 1024px\" \/><\/figure>\n\n\n\n<figure class=\"wp-block-image size-large is-style-default\"><img loading=\"lazy\" decoding=\"async\" width=\"1024\" height=\"682\" src=\"http:\/\/blogdoarmindomaia.com.br\/wp-content\/uploads\/2022\/04\/Festival-Saberes-e-Sabores-sera-em-maio-pag-12-1024x682.jpg\" alt=\"\" class=\"wp-image-366\" srcset=\"http:\/\/blogdoarmindomaia.com.br\/wp-content\/uploads\/2022\/04\/Festival-Saberes-e-Sabores-sera-em-maio-pag-12-1024x682.jpg 1024w, http:\/\/blogdoarmindomaia.com.br\/wp-content\/uploads\/2022\/04\/Festival-Saberes-e-Sabores-sera-em-maio-pag-12-300x200.jpg 300w, http:\/\/blogdoarmindomaia.com.br\/wp-content\/uploads\/2022\/04\/Festival-Saberes-e-Sabores-sera-em-maio-pag-12-768x512.jpg 768w, http:\/\/blogdoarmindomaia.com.br\/wp-content\/uploads\/2022\/04\/Festival-Saberes-e-Sabores-sera-em-maio-pag-12.jpg 1280w\" sizes=\"auto, (max-width: 1024px) 100vw, 1024px\" \/><\/figure>\n\n\n\n<p><em>Evento&nbsp;<\/em><em>que faz parte d<\/em><em>o circuito de festivais de Arax\u00e1 est\u00e1<\/em><em>&nbsp;<\/em><em>cheio de novidades<\/em><br><br>A organiza\u00e7\u00e3o do Festival Saberes e Sabores de Arax\u00e1 anunciou esta semana que um dos principais eventos gastron\u00f4micos de Minas Gerais&nbsp;ser\u00e1 realizado este ano entre os dias 11 e 15 de maio,&nbsp;quarta a domingo. Uma grande estrutura vai ser montada no Parque do Barreiro, tendo como fundo a arquitetura \u00fanica do Grande Hotel. \u201c\u00c9 um evento que re\u00fane cultura e gastronomia em um local que tem tradi\u00e7\u00e3o e uma rica hist\u00f3ria. O festival res gata nossa ess\u00eancia e a fama das artes e da culin\u00e1ria de Arax\u00e1\u201d, ressalta o&nbsp;idealizador&nbsp;do evento, Armando de Angelis.<br>A&nbsp;tenda gastron\u00f4mica promete encantar os visitantes com estandes destinados a bares, restaurantes e cervejarias artesanais.&nbsp;<br><br>No palco principal est\u00e3o confirmadas apresenta\u00e7\u00f5es de bandas de m\u00fasica instrumental em ritmos como jazz, blues, rock, cl\u00e1ssicos e MPB. Para completar o clima intimista, oficinas,&nbsp;degusta\u00e7\u00f5es (caf\u00e9s, gin, vinho e cacha\u00e7a), produtos da terra,&nbsp;espa\u00e7o para as mais variadas formas de express\u00e3o cultural e art\u00edstica, seguran\u00e7a e conforto para os visitantes tornam-se ingredientes sempre presentes no festival. \u201cNossa \u00faltima edi\u00e7\u00e3o ocorreu em 2018. Estamos com muita saudade desse encontro t\u00e3o relevante com os saberes e com os sabores de nossa terra; por isso preparamos uma edi\u00e7\u00e3o especial, hist\u00f3rica e cheia de novidades\u201d, adianta a presidente da Funda\u00e7\u00e3o Cultural Acia (Facia), Elisa Bai\u00e3o Macedo.&nbsp;<br><br>A programa\u00e7\u00e3o completa ser\u00e1 divulgada em breve.<br><br><strong>Hist\u00f3rico<\/strong><br><br>O Festival Saberes e Sabores ganhou o formato atual, que&nbsp;tem como foco a promo\u00e7\u00e3o dos valores locais e regionais,&nbsp;a partir de 2016. O evento foi inspirado na obra de seu idealizador. No livro de mesmo nome, o autor Armando de Angelis,&nbsp;narra per\u00edodos da hist\u00f3ria de Arax\u00e1 e da sua gastronomia. Armando traz para o festival, al\u00e9m da inspira\u00e7\u00e3o, seu renome e a experi\u00eancia na realiza\u00e7\u00e3o de grandes eventos gastron\u00f4micos. J\u00e1 passaram pelo festival os chefes franceses Claude Troisgros e \u00c9rick Jacquin e atra\u00e7\u00f5es m usicais&nbsp;como Derico &amp; Sindicato do Jazz, Swiss College Dixie Band e Pepeu Gomes.<br><br>O Festival Saberes e Sabores de Arax\u00e1 \u00e9 promovido pela Funda\u00e7\u00e3o Cultural Acia (Facia) e tem o patroc\u00ednio m\u00e1ster da Companhia Brasileira de Metalurgia e Minera\u00e7\u00e3o (CBMM), atrav\u00e9s da Lei de Incentivo \u00e0 Cultura, da Secretaria Especial de Cultura do Minist\u00e9rio do Turismo. &nbsp;Patroc\u00ednio: Mart Minas e Zema.<br><br><strong>Servi\u00e7o<\/strong><br><em>Festival Saberes e Sabores<\/em><br><strong>Data:&nbsp;<\/strong>11 a 15 de maio<br><strong>Local:<\/strong>&nbsp;Parque do Barreiro<br><strong>Informa\u00e7\u00f5es:<\/strong><br><a href=\"http:\/\/saberesesaboresdearaxa.com.br\/\" target=\"_blank\" rel=\"noreferrer noopener\">http:\/\/saberesesaboresdearaxa.com.br\/<\/a><br><em>Facebook e Instagram:<\/em>&nbsp;@saberesesaboresdearaxa<\/p>\n","protected":false},"excerpt":{"rendered":"<p>Evento&nbsp;que faz parte do circuito de festivais de Arax\u00e1 est\u00e1&nbsp;cheio de novidades A organiza\u00e7\u00e3o do Festival Saberes e Sabores de<\/p>\n","protected":false},"author":2,"featured_media":368,"comment_status":"open","ping_status":"open","sticky":false,"template":"","format":"standard","meta":{"footnotes":""},"categories":[9,16],"tags":[],"class_list":["post-365","post","type-post","status-publish","format-standard","has-post-thumbnail","hentry","category-araxa","category-gastronomia"],"_links":{"self":[{"href":"http:\/\/blogdoarmindomaia.com.br\/index.php?rest_route=\/wp\/v2\/posts\/365","targetHints":{"allow":["GET"]}}],"collection":[{"href":"http:\/\/blogdoarmindomaia.com.br\/index.php?rest_route=\/wp\/v2\/posts"}],"about":[{"href":"http:\/\/blogdoarmindomaia.com.br\/index.php?rest_route=\/wp\/v2\/types\/post"}],"author":[{"embeddable":true,"href":"http:\/\/blogdoarmindomaia.com.br\/index.php?rest_route=\/wp\/v2\/users\/2"}],"replies":[{"embeddable":true,"href":"http:\/\/blogdoarmindomaia.com.br\/index.php?rest_route=%2Fwp%2Fv2%2Fcomments&post=365"}],"version-history":[{"count":1,"href":"http:\/\/blogdoarmindomaia.com.br\/index.php?rest_route=\/wp\/v2\/posts\/365\/revisions"}],"predecessor-version":[{"id":369,"href":"http:\/\/blogdoarmindomaia.com.br\/index.php?rest_route=\/wp\/v2\/posts\/365\/revisions\/369"}],"wp:featuredmedia":[{"embeddable":true,"href":"http:\/\/blogdoarmindomaia.com.br\/index.php?rest_route=\/wp\/v2\/media\/368"}],"wp:attachment":[{"href":"http:\/\/blogdoarmindomaia.com.br\/index.php?rest_route=%2Fwp%2Fv2%2Fmedia&parent=365"}],"wp:term":[{"taxonomy":"category","embeddable":true,"href":"http:\/\/blogdoarmindomaia.com.br\/index.php?rest_route=%2Fwp%2Fv2%2Fcategories&post=365"},{"taxonomy":"post_tag","embeddable":true,"href":"http:\/\/blogdoarmindomaia.com.br\/index.php?rest_route=%2Fwp%2Fv2%2Ftags&post=365"}],"curies":[{"name":"wp","href":"https:\/\/api.w.org\/{rel}","templated":true}]}}