{"id":3662,"date":"2022-12-12T14:57:24","date_gmt":"2022-12-12T17:57:24","guid":{"rendered":"http:\/\/blogdoarmindomaia.com.br\/?p=3662"},"modified":"2022-12-12T14:57:26","modified_gmt":"2022-12-12T17:57:26","slug":"mostra-de-dancas-do-festnatal-comeca-nesta-segunda-12","status":"publish","type":"post","link":"http:\/\/blogdoarmindomaia.com.br\/?p=3662","title":{"rendered":"<strong>Mostra de Dan\u00e7as do FestNatal come\u00e7a nesta segunda (12)<\/strong>"},"content":{"rendered":"\n<figure class=\"wp-block-image size-full is-style-default\"><img loading=\"lazy\" decoding=\"async\" width=\"1000\" height=\"666\" src=\"http:\/\/blogdoarmindomaia.com.br\/wp-content\/uploads\/2022\/12\/sexta_abertura-2.jpg\" alt=\"\" class=\"wp-image-3663\" srcset=\"http:\/\/blogdoarmindomaia.com.br\/wp-content\/uploads\/2022\/12\/sexta_abertura-2.jpg 1000w, http:\/\/blogdoarmindomaia.com.br\/wp-content\/uploads\/2022\/12\/sexta_abertura-2-300x200.jpg 300w, http:\/\/blogdoarmindomaia.com.br\/wp-content\/uploads\/2022\/12\/sexta_abertura-2-768x511.jpg 768w\" sizes=\"auto, (max-width: 1000px) 100vw, 1000px\" \/><\/figure>\n\n\n\n<figure class=\"wp-block-image size-full is-style-default\"><img loading=\"lazy\" decoding=\"async\" width=\"1000\" height=\"667\" src=\"http:\/\/blogdoarmindomaia.com.br\/wp-content\/uploads\/2022\/12\/sexta_caravana-2.jpg\" alt=\"\" class=\"wp-image-3664\" srcset=\"http:\/\/blogdoarmindomaia.com.br\/wp-content\/uploads\/2022\/12\/sexta_caravana-2.jpg 1000w, http:\/\/blogdoarmindomaia.com.br\/wp-content\/uploads\/2022\/12\/sexta_caravana-2-300x200.jpg 300w, http:\/\/blogdoarmindomaia.com.br\/wp-content\/uploads\/2022\/12\/sexta_caravana-2-768x512.jpg 768w\" sizes=\"auto, (max-width: 1000px) 100vw, 1000px\" \/><\/figure>\n\n\n\n<p><em>Nove escolas v\u00e3o se apresentar no palco principal com a promessa de surpreender o p\u00fablico<\/em><\/p>\n\n\n\n<p>A tradicional Mostra de Dan\u00e7as do FestNatal Arax\u00e1 ser\u00e1 aberta nesta segunda-feira (12). O maior festival natalino do Estado de Minas Gerais apresenta nesta edi\u00e7\u00e3o o trabalho de nove escolas da cidade que se apresentar\u00e3o em dois dias no palco principal, em espet\u00e1culos de movimentos precisos e muito ritmo que prometem surpreender o p\u00fablico.<\/p>\n\n\n\n<p>Os alunos do Camta (Centro de Atendimento M\u00faltiplo dos Talentos de Arax\u00e1) v\u00e3o abrir a Mostra. Segundo o coordenador de eventos da entidade, Alex Sander Fonseca J\u00fanior, ser\u00e3o apresentadas seis coreografias, que se conectam por meio da hist\u00f3ria de Jo\u00e3ozinho e Maria. \u201cO Camta sempre teve como uma de suas bases levar cultura e arte para crian\u00e7as e adolescentes e uma apresenta\u00e7\u00e3o em um evento desta dimens\u00e3o que \u00e9 o FestNatal, com toda certeza, faz muita diferen\u00e7a na vida destas crian\u00e7as, \u00e9 um marco. \u00c9 lindo ver a empolga\u00e7\u00e3o delas se preparando e se dedicando em aperfei\u00e7oar na coreografia e desafiando seus limites para entregar um verdadeiro show de dan\u00e7a\u201d, diz.<\/p>\n\n\n\n<p>As apresenta\u00e7\u00f5es ocorrem de forma sequencial. Ap\u00f3s o Camta, sobem ao palco os bailarinos do Alimah Centro de Dan\u00e7as. Eles v\u00e3o apresentar parte do espet\u00e1culo \u201cUma Noite de Natal\u201d, que inclui v\u00e1rias coreografias premiadas em festivais competitivos que aconteceram ao longo do ano de 2022.&nbsp;\u201cTodo ano quando fazemos o calend\u00e1rio de apresenta\u00e7\u00f5es tanto as bailarinas quanto as m\u00e3es j\u00e1 ficam ansiosas para saber se vamos participar do FestNatal. Isso porque \u00e9 um evento que d\u00e1 visibilidade ao nosso trabalho. Al\u00e9m disso, as bailarinas aproveitam para prestigiar outras atra\u00e7\u00f5es do evento. O FestNatal \u00e9 um momento m\u00e1gico na vida de quem participa\u201d, ressalta Dayane Fernandes, diretora da Alimah Centro de Dan\u00e7as.<\/p>\n\n\n\n<p>OCDK (Centro de Dan\u00e7as Kathak) faz o encerramento do primeiro dia da mostra e promete uma apresenta\u00e7\u00e3o em tr\u00eas etapas. Na primeira, profissionais da dan\u00e7a e turmas contempor\u00e2neas se apresentar\u00e3o com a miss\u00e3o de transmitir aos espectadores um pouco do imagin\u00e1rio que permeia as lendas do folclore brasileiro, parte importante da cultura popular. O segundo momento destaca a dan\u00e7a inclusiva. A solista Yasmin de Castro Rosa Silva vai envolver o p\u00fablico com a lenda da vit\u00f3ria-r\u00e9gia, originalmente uma \u00edndia que se afogou ap\u00f3s se inclinar no rio para tentar beijar o reflexo da lua. A terceira etapa da apresenta\u00e7\u00e3o traz a dan\u00e7a popular internacional, com uma refer\u00eancia \u00e0 \u00cdndia e ao Holi, o festival das cores.&nbsp; \u201cPara n\u00f3s, participar de um evento cultural t\u00e3o lindo como o FestNatal \u00e9 sensacional. Celebrar o Natal e seu tempo em um espa\u00e7o m\u00faltiplo de atividades proporciona para os alunos da dan\u00e7a experi\u00eancia, forma\u00e7\u00e3o e difus\u00e3o cultural\u201d, comenta Ana Claudia Silva Fernandes (Santinha).<\/p>\n\n\n\n<p><strong>O fim de semana no FestNatal<\/strong><\/p>\n\n\n\n<p>O primeiro fim de semana do FestNatal Arax\u00e1 foi um sucesso. Neste domingo (11) Papai Noel percorreu o Parque do Barreiro levando encanto e alegria para as crian\u00e7as que se divertiam no cart\u00e3o postal de Arax\u00e1. \u00c0 noite ele bateu ponto no ExpoMinas Arax\u00e1, onde recebe os visitantes em sua casinha at\u00e9 o dia 23 de dezembro, com muitas fotos e atra\u00e7\u00f5es culturais.<\/p>\n\n\n\n<p>No espet\u00e1culo \u201cRetalhos de Hist\u00f3rias\u201d a&nbsp;Cia. Deu na Telha&nbsp;resgatou com muito bom humor&nbsp;algumas narrativas que est\u00e3o no imagin\u00e1rio popular araxaense. O p\u00fablico se divertiu com a Lenda de S\u00e3o Domingos, da Noiva do Hotel e a vida da Irm\u00e3 Filomena. \u201cEu conhecia algumas, mas, assim, achei o m\u00e1ximo. \u00c9 uma forma de aprendermos sobre a nossa cultura rindo bastante\u201d, diz a comerciante Maria Helena Ara\u00fajo.<\/p>\n\n\n\n<p>Na parte musical destaque para o retorno de umas das atra\u00e7\u00f5es mais tradicionais do FestNatal Arax\u00e1. O B\u00eajazz On The Street circulou pelo evento levando a beleza da m\u00fasica instrumental com uma proximidade \u00edmpar do p\u00fablico. \u201cTocamos no FestNatal desde a primeira edi\u00e7\u00e3o do festival. Tem um repert\u00f3rio com m\u00fasicas natalinas que a gente acrescenta ao nosso e o p\u00fablico recebe sempre muito bem, em especial as crian\u00e7as\u201d, dizem.<\/p>\n\n\n\n<p>Al\u00e9m do B\u00eajazz On The Street (Lei de Incentivo \u00e0 Cultura) subiram ao palco no terceiro dia do evento o violeiro Jo\u00e3o Lima (Lei de Incentivo \u00e0 Cultura) e a banda Mamma Jamma (programa\u00e7\u00e3o extra).<\/p>\n\n\n\n<p><em>S\u00e1bado<\/em><\/p>\n\n\n\n<p>Uma noite especial. O FestNatal teve neste s\u00e1bado (10) a presen\u00e7a do embaixador e curador do festival Diego Figueiredo. Guitarrista indicado ao Grammy em 2020, ele est\u00e1 entre os maiores m\u00fasicos de&nbsp;<em>jazz<\/em>&nbsp;do mundo. Ter\u00e1 quatro apresenta\u00e7\u00f5es no evento com convidados especiais e ajudou a compor a grade que segue at\u00e9 o dia 23. \u201c\u00c9 m\u00fasica de qualidade. Teremos grandes nomes, encontros inusitados, um conjunto \u00edmpar, especial\u201d, ressalta Diego.<\/p>\n\n\n\n<p>Logo ap\u00f3s a apresenta\u00e7\u00e3o de Diego Figueiredo Trio (Lei de Incentivo \u00e0 Cultura), subiu ao palco C\u00e1ssio Sales (programa\u00e7\u00e3o extra). O cantor, que h\u00e1 30 anos homenageia Tim Maia em seus shows, fez o p\u00fablico cantar junto os principais&nbsp;<em>hits<\/em>&nbsp;de um dos maiores nomes da nossa m\u00fasica.<\/p>\n\n\n\n<p><em>Sexta<\/em><\/p>\n\n\n\n<p>O FestNatal Arax\u00e1 fez nesta sexta (9) a maior chegada de Papai Noel de todos os tempos.&nbsp;O \u201cbom velhinho\u201d veio com a Caravana de Natal da Coca-Cola e estava acompanhado pelos&nbsp;personagens da turma da Kika no Cerrado (CBMM), da Pol\u00edcia Militar e do Corpo de Bombeiros. Ele percorreu as principais ruas e avenidas da cidade. Centenas de pessoas acompanharam o desfile em pontos de concentra\u00e7\u00e3o na Avenida Amazonas, em quase toda a extens\u00e3o das Avenidas Washington Barcelos, Ant\u00f4nio Carlos e tamb\u00e9m na Avenida Imbiara, onde muita gente esperou a passagem do \u201cbom velhinho\u201d na porta do est\u00e1dio Fausto Alvim. Papai Noel chegou ao Expominas \u00e0s 21h e foi recepcionado por uma multid\u00e3o de crian\u00e7as que j\u00e1 esperava por ele aproveitando a estrutura montada no centro de eventos.<\/p>\n\n\n\n<p>Durante a abertura do FestNatal Arax\u00e1 2022, a presidente da Funda\u00e7\u00e3o Cultural Acia (Facia), Elisa Bai\u00e3o Mac\u00eado, ressaltou a import\u00e2ncia do trabalho de todas as pessoas que executam esse grande projeto e agradeceu aos patrocinadores, apoiadores e imprensa pelo empenho com o evento deste ano. \u201cFoi tudo preparado com muito carinho. Ser\u00e3o 15 dias de muita alegria, estamos muito felizes de receb\u00ea-los aqui. Vamos viver essa magia juntos!\u201d, disse a uma plateia lotada na \u00e1rea de shows do evento.<\/p>\n\n\n\n<p>A noite foi encerrada com&nbsp;<em>\u201cThe Fairy Doll\u201d<\/em>, um&nbsp;espet\u00e1culo&nbsp;composto por Josef Bayer e que ganhou vida com os alunos do Centro De Dan\u00e7as Kathak (CDK).<\/p>\n\n\n\n<p><strong>Programa\u00e7\u00e3o<\/strong><\/p>\n\n\n\n<p><strong>12\/12 \u2013 SEGUNDA<\/strong><\/p>\n\n\n\n<p>9h \u2013 Papai Noel Itinerante \u2013 Av. Ant\u00f4nio Carlos<\/p>\n\n\n\n<p>19h \u2013 Papai Noel na Vila &#8211; Expominas<\/p>\n\n\n\n<p>19h \u2013 Mostra de Dan\u00e7as FestNatal<\/p>\n\n\n\n<p><strong>13\/12 \u2013 TER\u00c7A<\/strong><\/p>\n\n\n\n<p>9h \u2013 Papai Noel Itinerante \u2013 Cal\u00e7ad\u00e3o<\/p>\n\n\n\n<p>19h \u2013 Papai Noel na Vila &#8211; Expominas<\/p>\n\n\n\n<p>19h \u2013 Mostra de Dan\u00e7as FestNatal<\/p>\n\n\n\n<p><strong>14\/12 &#8211; QUARTA<\/strong><\/p>\n\n\n\n<p>9h \u2013 Papai Noel Itinerante \u2013 CDH<\/p>\n\n\n\n<p>19h \u2013 Papai Noel na Vila &#8211; Expominas<\/p>\n\n\n\n<p>19h \u2013 Oficina de Arte \u2013 Quadrinhos \u2013 Ton Lima<\/p>\n\n\n\n<p>20h \u2013 Haroldo J\u00fanior<\/p>\n\n\n\n<p>21h30 \u2013 V\u00edtor e Versol<\/p>\n\n\n\n<p>23h \u2013 Lipe e Fernando<\/p>\n\n\n\n<p><strong>Para todos<\/strong><\/p>\n\n\n\n<p>O FestNatal Arax\u00e1 oferece acessibilidade em toda sua programa\u00e7\u00e3o. As atividades do palco t\u00eam tradu\u00e7\u00e3o simult\u00e2nea em Libras. A estrutura f\u00edsica foi pensada para garantir que pessoas que utilizam cadeiras de roda ou tenham outras necessidades especiais de locomo\u00e7\u00e3o possam transitar em todos os espa\u00e7os.<\/p>\n\n\n\n<p>A organiza\u00e7\u00e3o do evento tamb\u00e9m oferece o atendimento personalizado para pessoas com defici\u00eancia visual, que devem solicitar audiodescri\u00e7\u00e3o com anteced\u00eancia.<\/p>\n\n\n\n<p><strong>FestNatal Arax\u00e1<\/strong><\/p>\n\n\n\n<p>O FestNatal Arax\u00e1 \u00e9 o maior festival natalino de Minas Gerais. Neste ano o evento ocorre entre os dias 9 e 23 de dezembro no Expominas Arax\u00e1 com entrada gratuita e atra\u00e7\u00f5es de m\u00fasica, teatro, dan\u00e7a e muito mais.<\/p>\n\n\n\n<p>O FestNatal Arax\u00e1 tem a apresenta\u00e7\u00e3o do Minist\u00e9rio do Turismo e da CBMM. \u00c9 realizado pela Lei Federal de Incentivo \u00e0 Cultura com o patroc\u00ednio Master da CBMM. Tem o patroc\u00ednio da Bem Brasil, Mart Minas, Zema, Codemge e Governo do Estado de Minas Gerais, com o apoio da ACIA Arax\u00e1, Click Telecom, Prefeitura Municipal de Arax\u00e1, Funda\u00e7\u00e3o Cultural Calmon Barreto e TV Integra\u00e7\u00e3o. Uma realiza\u00e7\u00e3o da Funda\u00e7\u00e3o Cultural Acia, Secretaria Especial da Cultura do Minist\u00e9rio do Turismo e Governo Federal.<\/p>\n\n\n\n<p><strong>Servi\u00e7o<\/strong><\/p>\n\n\n\n<p><strong><em>FestNatal Arax\u00e1<\/em><\/strong><\/p>\n\n\n\n<p><strong><em>Data<\/em><\/strong>: de 9 a 23\/12<\/p>\n\n\n\n<p><strong><em>Local<\/em><\/strong><strong>:<\/strong>&nbsp;Expominas Arax\u00e1<\/p>\n\n\n\n<p><strong><em>Entrada gratuita<\/em><\/strong><\/p>\n\n\n\n<p><strong><em>Outras informa\u00e7\u00f5es:<\/em><\/strong>&nbsp;@festnatalaraxa \/&nbsp;<a href=\"http:\/\/www.festnatalaraxa.com.br\/\" target=\"_blank\" rel=\"noreferrer noopener\">www.festnatalaraxa.com.br<\/a><\/p>\n\n\n\n<p><em>Transmiss\u00e3o ao vivo pelo YouTube, no canal FestNatal Arax\u00e1<\/em><\/p>\n","protected":false},"excerpt":{"rendered":"<p>Nove escolas v\u00e3o se apresentar no palco principal com a promessa de surpreender o p\u00fablico A tradicional Mostra de Dan\u00e7as<\/p>\n","protected":false},"author":2,"featured_media":3663,"comment_status":"open","ping_status":"open","sticky":false,"template":"","format":"standard","meta":{"footnotes":""},"categories":[9,5,11],"tags":[],"class_list":["post-3662","post","type-post","status-publish","format-standard","has-post-thumbnail","hentry","category-araxa","category-arte-e-cultura","category-destaques"],"_links":{"self":[{"href":"http:\/\/blogdoarmindomaia.com.br\/index.php?rest_route=\/wp\/v2\/posts\/3662","targetHints":{"allow":["GET"]}}],"collection":[{"href":"http:\/\/blogdoarmindomaia.com.br\/index.php?rest_route=\/wp\/v2\/posts"}],"about":[{"href":"http:\/\/blogdoarmindomaia.com.br\/index.php?rest_route=\/wp\/v2\/types\/post"}],"author":[{"embeddable":true,"href":"http:\/\/blogdoarmindomaia.com.br\/index.php?rest_route=\/wp\/v2\/users\/2"}],"replies":[{"embeddable":true,"href":"http:\/\/blogdoarmindomaia.com.br\/index.php?rest_route=%2Fwp%2Fv2%2Fcomments&post=3662"}],"version-history":[{"count":1,"href":"http:\/\/blogdoarmindomaia.com.br\/index.php?rest_route=\/wp\/v2\/posts\/3662\/revisions"}],"predecessor-version":[{"id":3665,"href":"http:\/\/blogdoarmindomaia.com.br\/index.php?rest_route=\/wp\/v2\/posts\/3662\/revisions\/3665"}],"wp:featuredmedia":[{"embeddable":true,"href":"http:\/\/blogdoarmindomaia.com.br\/index.php?rest_route=\/wp\/v2\/media\/3663"}],"wp:attachment":[{"href":"http:\/\/blogdoarmindomaia.com.br\/index.php?rest_route=%2Fwp%2Fv2%2Fmedia&parent=3662"}],"wp:term":[{"taxonomy":"category","embeddable":true,"href":"http:\/\/blogdoarmindomaia.com.br\/index.php?rest_route=%2Fwp%2Fv2%2Fcategories&post=3662"},{"taxonomy":"post_tag","embeddable":true,"href":"http:\/\/blogdoarmindomaia.com.br\/index.php?rest_route=%2Fwp%2Fv2%2Ftags&post=3662"}],"curies":[{"name":"wp","href":"https:\/\/api.w.org\/{rel}","templated":true}]}}