{"id":3666,"date":"2022-12-12T15:07:33","date_gmt":"2022-12-12T18:07:33","guid":{"rendered":"http:\/\/blogdoarmindomaia.com.br\/?p=3666"},"modified":"2022-12-12T15:07:35","modified_gmt":"2022-12-12T18:07:35","slug":"prefeitura-de-araxa-apresenta-plano-de-cargos-e-salarios-do-quadro-geral-de-servidores-e-plano-de-carreira-da-educacao","status":"publish","type":"post","link":"http:\/\/blogdoarmindomaia.com.br\/?p=3666","title":{"rendered":"<strong>Prefeitura de Arax\u00e1 apresenta Plano de Cargos e Sal\u00e1rios do Quadro Geral de Servidores e Plano de Carreira da Educa\u00e7\u00e3o<\/strong>"},"content":{"rendered":"\n<p><\/p>\n\n\n\n<figure class=\"wp-block-image size-full is-style-default\"><img loading=\"lazy\" decoding=\"async\" width=\"1024\" height=\"683\" src=\"http:\/\/blogdoarmindomaia.com.br\/wp-content\/uploads\/2022\/12\/Prefeitura-de-Araxa-apresenta-Plano-de-Cargos-e-Salarios-pag-07.jpg\" alt=\"\" class=\"wp-image-3667\" srcset=\"http:\/\/blogdoarmindomaia.com.br\/wp-content\/uploads\/2022\/12\/Prefeitura-de-Araxa-apresenta-Plano-de-Cargos-e-Salarios-pag-07.jpg 1024w, http:\/\/blogdoarmindomaia.com.br\/wp-content\/uploads\/2022\/12\/Prefeitura-de-Araxa-apresenta-Plano-de-Cargos-e-Salarios-pag-07-300x200.jpg 300w, http:\/\/blogdoarmindomaia.com.br\/wp-content\/uploads\/2022\/12\/Prefeitura-de-Araxa-apresenta-Plano-de-Cargos-e-Salarios-pag-07-768x512.jpg 768w\" sizes=\"auto, (max-width: 1024px) 100vw, 1024px\" \/><\/figure>\n\n\n\n<p>Mais um dia hist\u00f3rico para o funcionalismo p\u00fablico de Arax\u00e1 nesta segunda-feira (12). A Prefeitura de Arax\u00e1 encaminha \u00e0 C\u00e2mara Municipal dois projetos de lei que beneficiam a categoria. As propostas atualizam o Plano de Cargos e Sal\u00e1rios do Quadro Geral de Servidores da Administra\u00e7\u00e3o Municipal Direta e Indireta e o Plano de Carreira da Educa\u00e7\u00e3o. Ao todo, cerca de 5 mil servidores poder\u00e3o ser beneficiados com os projetos.<br><br>As propostas eram demandas antigas dos servidores e foram elaboradas com a participa\u00e7\u00e3o do Sindicato dos Servidores P\u00fablicos Municipais da Microrregi\u00e3o do Planalto de Arax\u00e1 (Sinplalto) e uma comiss\u00e3o formada por colaboradores. Os projetos ser\u00e3o apreciados e debatidos pelos vereadores nos pr\u00f3ximos meses.<br><br>O prefeito Robson Magela destaca que os projetos encaminhados ao legislativo, juntamente com o Estatuto do Servidor P\u00fablico Municipal atualizado recentemente pelo Executivo, garantem direitos e benef\u00edcios dos servidores que n\u00e3o eram concedidos h\u00e1 v\u00e1rias d\u00e9cadas.<br><br>&#8220;Assim como o Estatuto do Servidor, o Plano de Cargos e Sal\u00e1rios de Servidores e o Plano de Carreira da Educa\u00e7\u00e3o estavam defasados h\u00e1 v\u00e1rios anos e n\u00e3o eram cumpridos na \u00edntegra pelo Munic\u00edpio. Essa atualiza\u00e7\u00e3o e, principalmente, a implanta\u00e7\u00e3o efetiva dos benef\u00edcios, ser\u00e1 mais uma a\u00e7\u00e3o da gest\u00e3o que demonstra o nosso trabalho de valoriza\u00e7\u00e3o do servidor. O funcionalismo p\u00fablico \u00e9 quem faz a nossa cidade funcionar e queremos que todos eles tenham orgulho da profiss\u00e3o, boas condi\u00e7\u00f5es de trabalho e, principalmente, o reconhecimento que merecem&#8221;, ressalta o prefeito.<br><br>De acordo com o presidente da C\u00e2mara, Raphael Rios, os planos s\u00e3o solicita\u00e7\u00f5es antigas dos servidores e dos vereadores municipais. \u201cEstamos muito felizes e ser\u00e1 um ganho muito grande para o servidor. N\u00e3o vamos votar esse projeto nesta \u00faltima reuni\u00e3o do ano, iremos trabalhar para o ano que vem com o novo presidente e deixei a sugest\u00e3o inclusive de criarmos uma comiss\u00e3o especial para tratar sobre essa quest\u00e3o. Esperamos uma audi\u00eancia p\u00fablica, um debate amplo da C\u00e2mara com o executivo e que o melhor texto seja aprovado para que o servidor seja beneficiado por algo que merecem e aguardam por muitos anos.<br><\/p>\n","protected":false},"excerpt":{"rendered":"<p>Mais um dia hist\u00f3rico para o funcionalismo p\u00fablico de Arax\u00e1 nesta segunda-feira (12). A Prefeitura de Arax\u00e1 encaminha \u00e0 C\u00e2mara<\/p>\n","protected":false},"author":2,"featured_media":3667,"comment_status":"open","ping_status":"open","sticky":false,"template":"","format":"standard","meta":{"footnotes":""},"categories":[9,11],"tags":[],"class_list":["post-3666","post","type-post","status-publish","format-standard","has-post-thumbnail","hentry","category-araxa","category-destaques"],"_links":{"self":[{"href":"http:\/\/blogdoarmindomaia.com.br\/index.php?rest_route=\/wp\/v2\/posts\/3666","targetHints":{"allow":["GET"]}}],"collection":[{"href":"http:\/\/blogdoarmindomaia.com.br\/index.php?rest_route=\/wp\/v2\/posts"}],"about":[{"href":"http:\/\/blogdoarmindomaia.com.br\/index.php?rest_route=\/wp\/v2\/types\/post"}],"author":[{"embeddable":true,"href":"http:\/\/blogdoarmindomaia.com.br\/index.php?rest_route=\/wp\/v2\/users\/2"}],"replies":[{"embeddable":true,"href":"http:\/\/blogdoarmindomaia.com.br\/index.php?rest_route=%2Fwp%2Fv2%2Fcomments&post=3666"}],"version-history":[{"count":1,"href":"http:\/\/blogdoarmindomaia.com.br\/index.php?rest_route=\/wp\/v2\/posts\/3666\/revisions"}],"predecessor-version":[{"id":3668,"href":"http:\/\/blogdoarmindomaia.com.br\/index.php?rest_route=\/wp\/v2\/posts\/3666\/revisions\/3668"}],"wp:featuredmedia":[{"embeddable":true,"href":"http:\/\/blogdoarmindomaia.com.br\/index.php?rest_route=\/wp\/v2\/media\/3667"}],"wp:attachment":[{"href":"http:\/\/blogdoarmindomaia.com.br\/index.php?rest_route=%2Fwp%2Fv2%2Fmedia&parent=3666"}],"wp:term":[{"taxonomy":"category","embeddable":true,"href":"http:\/\/blogdoarmindomaia.com.br\/index.php?rest_route=%2Fwp%2Fv2%2Fcategories&post=3666"},{"taxonomy":"post_tag","embeddable":true,"href":"http:\/\/blogdoarmindomaia.com.br\/index.php?rest_route=%2Fwp%2Fv2%2Ftags&post=3666"}],"curies":[{"name":"wp","href":"https:\/\/api.w.org\/{rel}","templated":true}]}}