{"id":3669,"date":"2022-12-13T10:52:02","date_gmt":"2022-12-13T13:52:02","guid":{"rendered":"http:\/\/blogdoarmindomaia.com.br\/?p=3669"},"modified":"2022-12-13T10:52:04","modified_gmt":"2022-12-13T13:52:04","slug":"obras-sociais-allan-kardec-paz-e-amor-e-prefeitura-firmam-convenio","status":"publish","type":"post","link":"http:\/\/blogdoarmindomaia.com.br\/?p=3669","title":{"rendered":"Obras Sociais Allan Kardec Paz e Amor e Prefeitura firmam conv\u00eanio"},"content":{"rendered":"\n<figure class=\"wp-block-image size-full is-style-default\"><img loading=\"lazy\" decoding=\"async\" width=\"1024\" height=\"683\" src=\"http:\/\/blogdoarmindomaia.com.br\/wp-content\/uploads\/2022\/12\/Convenio.jpeg\" alt=\"\" class=\"wp-image-3670\" srcset=\"http:\/\/blogdoarmindomaia.com.br\/wp-content\/uploads\/2022\/12\/Convenio.jpeg 1024w, http:\/\/blogdoarmindomaia.com.br\/wp-content\/uploads\/2022\/12\/Convenio-300x200.jpeg 300w, http:\/\/blogdoarmindomaia.com.br\/wp-content\/uploads\/2022\/12\/Convenio-768x512.jpeg 768w\" sizes=\"auto, (max-width: 1024px) 100vw, 1024px\" \/><\/figure>\n\n\n\n<p>A Prefeitura de Arax\u00e1 firmou conv\u00eanio no valor de R$ 50.000,00 com as Obras Sociais Allan Kardec Paz e Amor. O termo foi assinado pelo prefeito Robson Magela na tarde de segunda-feira (12) e ser\u00e1 pago em parcela \u00fanica por meio de recursos pr\u00f3prios do Munic\u00edpio. A assinatura contou com a presen\u00e7a do presidente da entidade, Divaldo Lemos, e de sua esposa Joana Darc Lemos, atuante nos trabalhos realizados pela Associa\u00e7\u00e3o. O vereador Bosco J\u00fanior, autor da indica\u00e7\u00e3o do conv\u00eanio, tamb\u00e9m participou do momento.<br><br>A entidade sem fins lucrativos existe h\u00e1 40 anos e oferece para diferentes idades, servi\u00e7os b\u00e1sicos, como doa\u00e7\u00e3o de roupas, cortes de cabelo, distribui\u00e7\u00e3o de alimentos e campanhas para arrecada\u00e7\u00e3o de rem\u00e9dios. De acordo com Divaldo, a verba ser\u00e1 utilizada para a obra do local e ir\u00e1 melhorar de forma significativa os atendimentos. \u201cEsse valor \u00e9 muito importante para n\u00f3s que trabalhamos diariamente nas Obras porque sabemos que vamos conseguir beneficiar mais algu\u00e9m com esse aux\u00edlio. \u00c9 uma alegria muito grande e uma gratid\u00e3o imensa\u201d, comemora o presidente da Associa\u00e7\u00e3o.<br><br>Segundo o vereador Bosco J\u00fanior o trabalho realizado pela entidade \u00e9 admir\u00e1vel e deve ser conhecido por todos os araxaenses \u201cSomente conhecendo a institui\u00e7\u00e3o de perto para entender a dimens\u00e3o dessas a\u00e7\u00f5es. S\u00e3o v\u00e1rios familiares e amigos envolvidos que se encontram no local para oferecer um tempo do seu dia para ajudar o pr\u00f3ximo. \u00c9 um trabalho j\u00e1 conhecido na regi\u00e3o e fundamental para nossa cidade. Ficamos muito felizes do Poder P\u00fablico contribuir com as pessoas e institui\u00e7\u00f5es que tem seriedade nesse tipo de presta\u00e7\u00e3o de servi\u00e7o\u201d, ressalta.<br><br>O prefeito Robson Magela destaca que a gest\u00e3o vai continuar trabalhando e contribuindo com o Terceiro Setor da cidade. \u201cAs entidades assistenciais e educacionais prestam um trabalho s\u00e9rio e admir\u00e1vel para a popula\u00e7\u00e3o de Arax\u00e1. Estamos muito felizes em assinar mais um termo de fomento e auxiliar mais uma vez o trabalho t\u00e3o lindo que \u00e9 desenvolvido pelas Obras Sociais Allan Kardec. O Poder P\u00fablico deve sim contribuir com a manuten\u00e7\u00e3o do local e com o que mais for necess\u00e1rio para a atua\u00e7\u00e3o da Associa\u00e7\u00e3o por meio desse repasse\u201d, refor\u00e7a o prefeito.<\/p>\n","protected":false},"excerpt":{"rendered":"<p>A Prefeitura de Arax\u00e1 firmou conv\u00eanio no valor de R$ 50.000,00 com as Obras Sociais Allan Kardec Paz e Amor.<\/p>\n","protected":false},"author":2,"featured_media":3670,"comment_status":"open","ping_status":"open","sticky":false,"template":"","format":"standard","meta":{"footnotes":""},"categories":[9,11],"tags":[],"class_list":["post-3669","post","type-post","status-publish","format-standard","has-post-thumbnail","hentry","category-araxa","category-destaques"],"_links":{"self":[{"href":"http:\/\/blogdoarmindomaia.com.br\/index.php?rest_route=\/wp\/v2\/posts\/3669","targetHints":{"allow":["GET"]}}],"collection":[{"href":"http:\/\/blogdoarmindomaia.com.br\/index.php?rest_route=\/wp\/v2\/posts"}],"about":[{"href":"http:\/\/blogdoarmindomaia.com.br\/index.php?rest_route=\/wp\/v2\/types\/post"}],"author":[{"embeddable":true,"href":"http:\/\/blogdoarmindomaia.com.br\/index.php?rest_route=\/wp\/v2\/users\/2"}],"replies":[{"embeddable":true,"href":"http:\/\/blogdoarmindomaia.com.br\/index.php?rest_route=%2Fwp%2Fv2%2Fcomments&post=3669"}],"version-history":[{"count":1,"href":"http:\/\/blogdoarmindomaia.com.br\/index.php?rest_route=\/wp\/v2\/posts\/3669\/revisions"}],"predecessor-version":[{"id":3671,"href":"http:\/\/blogdoarmindomaia.com.br\/index.php?rest_route=\/wp\/v2\/posts\/3669\/revisions\/3671"}],"wp:featuredmedia":[{"embeddable":true,"href":"http:\/\/blogdoarmindomaia.com.br\/index.php?rest_route=\/wp\/v2\/media\/3670"}],"wp:attachment":[{"href":"http:\/\/blogdoarmindomaia.com.br\/index.php?rest_route=%2Fwp%2Fv2%2Fmedia&parent=3669"}],"wp:term":[{"taxonomy":"category","embeddable":true,"href":"http:\/\/blogdoarmindomaia.com.br\/index.php?rest_route=%2Fwp%2Fv2%2Fcategories&post=3669"},{"taxonomy":"post_tag","embeddable":true,"href":"http:\/\/blogdoarmindomaia.com.br\/index.php?rest_route=%2Fwp%2Fv2%2Ftags&post=3669"}],"curies":[{"name":"wp","href":"https:\/\/api.w.org\/{rel}","templated":true}]}}