{"id":3672,"date":"2022-12-13T11:05:50","date_gmt":"2022-12-13T14:05:50","guid":{"rendered":"http:\/\/blogdoarmindomaia.com.br\/?p=3672"},"modified":"2022-12-13T11:05:52","modified_gmt":"2022-12-13T14:05:52","slug":"gastronomia-tambem-e-atracao-especial-no-festnatal-araxa","status":"publish","type":"post","link":"http:\/\/blogdoarmindomaia.com.br\/?p=3672","title":{"rendered":"<strong>Gastronomia tamb\u00e9m \u00e9 atra\u00e7\u00e3o especial no FestNatal Arax\u00e1<\/strong>"},"content":{"rendered":"\n<figure class=\"wp-block-image size-large is-style-default\"><img loading=\"lazy\" decoding=\"async\" width=\"1024\" height=\"683\" src=\"http:\/\/blogdoarmindomaia.com.br\/wp-content\/uploads\/2022\/12\/Gastronomia-tambem-e-atracao-especial-no-FestNatal-Araxa-pag-06-1024x683.jpg\" alt=\"\" class=\"wp-image-3673\" srcset=\"http:\/\/blogdoarmindomaia.com.br\/wp-content\/uploads\/2022\/12\/Gastronomia-tambem-e-atracao-especial-no-FestNatal-Araxa-pag-06-1024x683.jpg 1024w, http:\/\/blogdoarmindomaia.com.br\/wp-content\/uploads\/2022\/12\/Gastronomia-tambem-e-atracao-especial-no-FestNatal-Araxa-pag-06-300x200.jpg 300w, http:\/\/blogdoarmindomaia.com.br\/wp-content\/uploads\/2022\/12\/Gastronomia-tambem-e-atracao-especial-no-FestNatal-Araxa-pag-06-768x512.jpg 768w, http:\/\/blogdoarmindomaia.com.br\/wp-content\/uploads\/2022\/12\/Gastronomia-tambem-e-atracao-especial-no-FestNatal-Araxa-pag-06.jpg 1128w\" sizes=\"auto, (max-width: 1024px) 100vw, 1024px\" \/><\/figure>\n\n\n\n<figure class=\"wp-block-image size-large is-style-default\"><img loading=\"lazy\" decoding=\"async\" width=\"1024\" height=\"683\" src=\"http:\/\/blogdoarmindomaia.com.br\/wp-content\/uploads\/2022\/12\/gastronomia_2-1024x683.jpg\" alt=\"\" class=\"wp-image-3674\" srcset=\"http:\/\/blogdoarmindomaia.com.br\/wp-content\/uploads\/2022\/12\/gastronomia_2-1024x683.jpg 1024w, http:\/\/blogdoarmindomaia.com.br\/wp-content\/uploads\/2022\/12\/gastronomia_2-300x200.jpg 300w, http:\/\/blogdoarmindomaia.com.br\/wp-content\/uploads\/2022\/12\/gastronomia_2-768x512.jpg 768w, http:\/\/blogdoarmindomaia.com.br\/wp-content\/uploads\/2022\/12\/gastronomia_2.jpg 1128w\" sizes=\"auto, (max-width: 1024px) 100vw, 1024px\" \/><\/figure>\n\n\n\n<p><em>S\u00e3o dezenas de op\u00e7\u00f5es de pratos doces e salgados oferecidos nos 11 bares e cinco foodtrucks instalados no evento<\/em><\/p>\n\n\n\n<p>O maior festival natalino de Minas Gerais tem como foco a divulga\u00e7\u00e3o da cultura, mas tamb\u00e9m oferece um espet\u00e1culo \u00e0 parte quando o assunto \u00e9 gastronomia. A pra\u00e7a de alimenta\u00e7\u00e3o, instalada na \u00e1rea externa do ExpoMinas Arax\u00e1 \u00e9 totalmente coberta e oferece conforto para que o visitante possa experimentar dezenas de op\u00e7\u00f5es de pratos doces e salgados. No card\u00e1pio, massas, carnes, past\u00e9is, sandu\u00edches e receitas especiais. \u201cTrouxemos variedade com pre\u00e7o justo para que o p\u00fablico do FestNatal possa experimentar de tudo um pouco ao longo dos 15 dias do festival. O resultado j\u00e1 est\u00e1 surpreendendo e temos ouvido muitos elogios\u201d, diz Luciano Rios, coordenador da pra\u00e7a de alimenta\u00e7\u00e3o.<\/p>\n\n\n\n<p>Do vinho ao chope gelado, passando pelo refrigerante, suco e \u00e1gua; na pra\u00e7a o visitante tamb\u00e9m encontra um atendimento r\u00e1pido e com muita qualidade. Destaque ainda para os doces, que fazem a alegria das crian\u00e7as. As op\u00e7\u00f5es incluem bombons, balas, donuts e at\u00e9 ma\u00e7\u00e3 do amor. \u201cAchei tudo muito gostoso e o bom \u00e9 que a gente come bem e pode ficar assistindo \u00e0 programa\u00e7\u00e3o aqui de fora. Uma del\u00edcia\u201d, diz a professora Ana Cl\u00e1udia Alvarenga.<\/p>\n\n\n\n<p><strong>TOP 10<\/strong><\/p>\n\n\n\n<p>N\u00f3s separamos 10 pratos imperd\u00edveis desta edi\u00e7\u00e3o do FestNatal Arax\u00e1:<\/p>\n\n\n\n<ol class=\"wp-block-list\" type=\"1\">\n<li>Bolinho de arroz com queijo<\/li>\n\n\n\n<li>Tropeiro<\/li>\n\n\n\n<li>Sandu\u00edche de costela desfiada<\/li>\n\n\n\n<li>Macarr\u00e3o Alho e \u00d3leo<\/li>\n\n\n\n<li>Batata palito no cone<\/li>\n\n\n\n<li>Macarr\u00e3o Yakisoba<\/li>\n\n\n\n<li>Cachorro quente especial<\/li>\n\n\n\n<li>P\u00e3o de Queijo com lingui\u00e7a<\/li>\n\n\n\n<li>Ma\u00e7\u00e3 do Amor<\/li>\n\n\n\n<li>Donuts variados<\/li>\n<\/ol>\n\n\n\n<p><strong>Dan\u00e7a<\/strong><\/p>\n\n\n\n<p>A Mostra de Dan\u00e7as do FestNatal Arax\u00e1 entra em seu segundo dia nesta ter\u00e7a-feira (13). Seis escolas da cidade v\u00e3o se apresentar no palco principal do evento. A noite come\u00e7a com as coreografias da Escola Danse e segue com apresenta\u00e7\u00f5es do Balleto Cia. de Dan\u00e7a, Styl Company, Centro de Dan\u00e7as Lorena Senna, Vidan\u00e7arte Escola de Dan\u00e7as de Arte e Hip Hop New Star.<\/p>\n\n\n\n<p>No primeiro dia da Mostra, nesta segunda (12), o p\u00fablico se encantou com as performances apresentadas. A noite destacou os alunos do Camta (Centro de Atendimento M\u00faltiplo dos Talentos de Arax\u00e1), da Alimah Centro de Dan\u00e7as e do CDK (Centro de Dan\u00e7as Kathak).&nbsp; &#8220;Achei as dan\u00e7as maravilhosas e fiquei impressionada em rela\u00e7\u00e3o \u00e0s hist\u00f3rias. Tudo muito bonito. Valeu a pena vir&#8221;, disse Maria Eduarda Corr\u00eaa.<\/p>\n\n\n\n<p>Para os dan\u00e7arinos uma apresenta\u00e7\u00e3o no palco do festival representa muito. &#8220;Dan\u00e7ar no FestNatal \u00e9 incr\u00edvel. A estrutura \u00e9 muito boa, tudo \u00e9 muito organizado. Foi meu primeiro solo, deu tudo certo e estou muito feliz.&#8221;, conta a bailarina Mayra Cristina Porto Santos.<\/p>\n\n\n\n<p><strong>As manh\u00e3s do FestNatal<\/strong><\/p>\n\n\n\n<p>Pela manh\u00e3, o Expominas Arax\u00e1 fica fechado para manuten\u00e7\u00e3o, mas as atividades do FestNatal sempre ganham outros espa\u00e7os. Come\u00e7ou nesta segunda (12) uma s\u00e9rie de palestras nas escolas. O momento \u00e9 conduzido pelo professor Chico Leit\u00e3o. &#8220;O foco \u00e9 a import\u00e2ncia da arte e da cultura no desenvolvimento de uma comunidade. J\u00e1 na primeira atividade notei que os alunos responderam muito bem e com muita participa\u00e7\u00e3o&#8221;, comemora.<\/p>\n\n\n\n<p>Chico \u00e9 formado em Direito pela Universidade Federal de Uberl\u00e2ndia, professor de Hist\u00f3ria na Escola Albert Einstein de Uberaba e nos col\u00e9gios Atena e Dom Bosco em Arax\u00e1. Especialista em Hist\u00f3ria Contempor\u00e2nea, foi secret\u00e1rio de Administra\u00e7\u00e3o de Arax\u00e1 entre 1997 e 2000 e \u00e9 o atual superintendente da Secretaria da Fazenda, Planejamento e Gest\u00e3o em Arax\u00e1.<\/p>\n\n\n\n<p>Al\u00e9m das palestras nas escolas, o FestNatal tamb\u00e9m tem atividades di\u00e1rias no turno da manh\u00e3 com Papai Noel. O &#8220;bom velhinho&#8221; passou nesta segunda (12) pela Avenida Ant\u00f4nio Carlos, na regi\u00e3o central. Nesta ter\u00e7a (13) ele alegra crian\u00e7as e adultos no cal\u00e7ad\u00e3o da rua Presidente Oleg\u00e1rio Maciel.<\/p>\n\n\n\n<p><strong>Programa\u00e7\u00e3o<\/strong><\/p>\n\n\n\n<p><strong>13\/12 \u2013 TER\u00c7A<\/strong><\/p>\n\n\n\n<p>9h \u2013 Papai Noel Itinerante \u2013 Cal\u00e7ad\u00e3o<\/p>\n\n\n\n<p>19h \u2013 Papai Noel na Vila &#8211; Expominas<\/p>\n\n\n\n<p>19h \u2013 Mostra de Dan\u00e7as FestNatal<\/p>\n\n\n\n<p><strong>14\/12 &#8211; QUARTA<\/strong><\/p>\n\n\n\n<p>9h \u2013 Papai Noel Itinerante \u2013 CDH<\/p>\n\n\n\n<p>19h \u2013 Papai Noel na Vila &#8211; Expominas<\/p>\n\n\n\n<p>19h \u2013 Oficina de Arte \u2013 Quadrinhos \u2013 Ton Lima<\/p>\n\n\n\n<p>20h \u2013 Haroldo J\u00fanior<\/p>\n\n\n\n<p>21h30 \u2013 V\u00edtor e Versol<\/p>\n\n\n\n<p>23h \u2013 Lipe e Fernando<\/p>\n\n\n\n<p><strong>15\/12 &#8211; QUINTA<\/strong><\/p>\n\n\n\n<p>9h \u2013 Papai Noel Itinerante \u2013 Bem Brasil<\/p>\n\n\n\n<p>19h \u2013 Papai Noel na Vila &#8211; Expominas<\/p>\n\n\n\n<p>20h &#8211; Conta\u00e7\u00e3o de hist\u00f3ria- O Ratinho e a Lua<\/p>\n\n\n\n<p><strong>Para todos<\/strong><\/p>\n\n\n\n<p>O FestNatal Arax\u00e1 oferece acessibilidade em toda sua programa\u00e7\u00e3o. As atividades do palco t\u00eam tradu\u00e7\u00e3o simult\u00e2nea em Libras. A estrutura f\u00edsica foi pensada para garantir que pessoas que utilizam cadeiras de roda ou tenham outras necessidades especiais de locomo\u00e7\u00e3o possam transitar em todos os espa\u00e7os.<\/p>\n\n\n\n<p>A organiza\u00e7\u00e3o do evento tamb\u00e9m oferece o atendimento personalizado para pessoas com defici\u00eancia visual, que devem solicitar audiodescri\u00e7\u00e3o com anteced\u00eancia.<\/p>\n\n\n\n<p><strong>FestNatal Arax\u00e1<\/strong><\/p>\n\n\n\n<p>O FestNatal Arax\u00e1 \u00e9 o maior festival natalino de Minas Gerais. Neste ano o evento ocorre entre os dias 9 e 23 de dezembro no Expominas Arax\u00e1 com entrada gratuita e atra\u00e7\u00f5es de m\u00fasica, teatro, dan\u00e7a e muito mais.<\/p>\n\n\n\n<p>O FestNatal Arax\u00e1 tem a apresenta\u00e7\u00e3o do Minist\u00e9rio do Turismo e da CBMM. \u00c9 realizado pela Lei Federal de Incentivo \u00e0 Cultura com o patroc\u00ednio Master da CBMM. Tem o patroc\u00ednio da Bem Brasil, Mart Minas, Zema, Codemge e Governo do Estado de Minas Gerais, com o apoio da ACIA Arax\u00e1, Click Telecom, Prefeitura Municipal de Arax\u00e1, Funda\u00e7\u00e3o Cultural Calmon Barreto e TV Integra\u00e7\u00e3o. Uma realiza\u00e7\u00e3o da Funda\u00e7\u00e3o Cultural Acia, Secretaria Especial da Cultura do Minist\u00e9rio do Turismo e Governo Federal.<\/p>\n\n\n\n<p><strong>Servi\u00e7o<\/strong><\/p>\n\n\n\n<p><strong><em>FestNatal Arax\u00e1<\/em><\/strong><\/p>\n\n\n\n<p><strong><em>Data<\/em><\/strong>: de 9 a 23\/12<\/p>\n\n\n\n<p><strong><em>Local<\/em><\/strong><strong>:<\/strong>&nbsp;Expominas Arax\u00e1<\/p>\n\n\n\n<p><strong><em>Entrada gratuita<\/em><\/strong><\/p>\n\n\n\n<p><strong><em>Outras informa\u00e7\u00f5es:<\/em><\/strong>&nbsp;@festnatalaraxa \/&nbsp;<a href=\"http:\/\/www.festnatalaraxa.com.br\/\">www.festnatalaraxa.com.br<\/a><\/p>\n\n\n\n<p><em>Transmiss\u00e3o ao vivo pelo YouTube, no canal FestNatal Arax\u00e1<\/em><\/p>\n","protected":false},"excerpt":{"rendered":"<p>S\u00e3o dezenas de op\u00e7\u00f5es de pratos doces e salgados oferecidos nos 11 bares e cinco foodtrucks instalados no evento O<\/p>\n","protected":false},"author":2,"featured_media":3673,"comment_status":"open","ping_status":"open","sticky":false,"template":"","format":"standard","meta":{"footnotes":""},"categories":[9,5,11],"tags":[],"class_list":["post-3672","post","type-post","status-publish","format-standard","has-post-thumbnail","hentry","category-araxa","category-arte-e-cultura","category-destaques"],"_links":{"self":[{"href":"http:\/\/blogdoarmindomaia.com.br\/index.php?rest_route=\/wp\/v2\/posts\/3672","targetHints":{"allow":["GET"]}}],"collection":[{"href":"http:\/\/blogdoarmindomaia.com.br\/index.php?rest_route=\/wp\/v2\/posts"}],"about":[{"href":"http:\/\/blogdoarmindomaia.com.br\/index.php?rest_route=\/wp\/v2\/types\/post"}],"author":[{"embeddable":true,"href":"http:\/\/blogdoarmindomaia.com.br\/index.php?rest_route=\/wp\/v2\/users\/2"}],"replies":[{"embeddable":true,"href":"http:\/\/blogdoarmindomaia.com.br\/index.php?rest_route=%2Fwp%2Fv2%2Fcomments&post=3672"}],"version-history":[{"count":1,"href":"http:\/\/blogdoarmindomaia.com.br\/index.php?rest_route=\/wp\/v2\/posts\/3672\/revisions"}],"predecessor-version":[{"id":3675,"href":"http:\/\/blogdoarmindomaia.com.br\/index.php?rest_route=\/wp\/v2\/posts\/3672\/revisions\/3675"}],"wp:featuredmedia":[{"embeddable":true,"href":"http:\/\/blogdoarmindomaia.com.br\/index.php?rest_route=\/wp\/v2\/media\/3673"}],"wp:attachment":[{"href":"http:\/\/blogdoarmindomaia.com.br\/index.php?rest_route=%2Fwp%2Fv2%2Fmedia&parent=3672"}],"wp:term":[{"taxonomy":"category","embeddable":true,"href":"http:\/\/blogdoarmindomaia.com.br\/index.php?rest_route=%2Fwp%2Fv2%2Fcategories&post=3672"},{"taxonomy":"post_tag","embeddable":true,"href":"http:\/\/blogdoarmindomaia.com.br\/index.php?rest_route=%2Fwp%2Fv2%2Ftags&post=3672"}],"curies":[{"name":"wp","href":"https:\/\/api.w.org\/{rel}","templated":true}]}}