{"id":3676,"date":"2022-12-13T11:30:37","date_gmt":"2022-12-13T14:30:37","guid":{"rendered":"http:\/\/blogdoarmindomaia.com.br\/?p=3676"},"modified":"2022-12-13T11:30:38","modified_gmt":"2022-12-13T14:30:38","slug":"obras-do-centro-cultural-uniaraxa-sao-entregues-e-inauguracao-esta-prevista-para-o-1o-semestre-de-2023","status":"publish","type":"post","link":"http:\/\/blogdoarmindomaia.com.br\/?p=3676","title":{"rendered":"<strong>Obras do Centro Cultural Uniarax\u00e1 s\u00e3o entregues e inaugura\u00e7\u00e3o est\u00e1 prevista para o 1\u00ba semestre de 2023<\/strong>"},"content":{"rendered":"\n<p><\/p>\n\n\n\n<p><strong><em>Complexo vai abrigar teatro com capacidade para 610 pessoas e uma biblioteca com 60 mil livros<\/em><\/strong><\/p>\n\n\n\n<figure class=\"wp-block-image size-large is-style-default\"><img loading=\"lazy\" decoding=\"async\" width=\"1024\" height=\"576\" src=\"http:\/\/blogdoarmindomaia.com.br\/wp-content\/uploads\/2022\/12\/473e0d91-8abc-45d9-b34b-0ecdd3848db7-1024x576.jpg\" alt=\"\" class=\"wp-image-3677\" srcset=\"http:\/\/blogdoarmindomaia.com.br\/wp-content\/uploads\/2022\/12\/473e0d91-8abc-45d9-b34b-0ecdd3848db7-1024x576.jpg 1024w, http:\/\/blogdoarmindomaia.com.br\/wp-content\/uploads\/2022\/12\/473e0d91-8abc-45d9-b34b-0ecdd3848db7-300x169.jpg 300w, http:\/\/blogdoarmindomaia.com.br\/wp-content\/uploads\/2022\/12\/473e0d91-8abc-45d9-b34b-0ecdd3848db7-768x432.jpg 768w, http:\/\/blogdoarmindomaia.com.br\/wp-content\/uploads\/2022\/12\/473e0d91-8abc-45d9-b34b-0ecdd3848db7-1536x864.jpg 1536w, http:\/\/blogdoarmindomaia.com.br\/wp-content\/uploads\/2022\/12\/473e0d91-8abc-45d9-b34b-0ecdd3848db7.jpg 1600w\" sizes=\"auto, (max-width: 1024px) 100vw, 1024px\" \/><\/figure>\n\n\n\n<figure class=\"wp-block-image size-large is-style-default\"><img loading=\"lazy\" decoding=\"async\" width=\"1024\" height=\"576\" src=\"http:\/\/blogdoarmindomaia.com.br\/wp-content\/uploads\/2022\/12\/Obras-do-Centro-Cultural-Uniaraxa-sao-entregues-pag-6A-1024x576.jpg\" alt=\"\" class=\"wp-image-3678\" srcset=\"http:\/\/blogdoarmindomaia.com.br\/wp-content\/uploads\/2022\/12\/Obras-do-Centro-Cultural-Uniaraxa-sao-entregues-pag-6A-1024x576.jpg 1024w, http:\/\/blogdoarmindomaia.com.br\/wp-content\/uploads\/2022\/12\/Obras-do-Centro-Cultural-Uniaraxa-sao-entregues-pag-6A-300x169.jpg 300w, http:\/\/blogdoarmindomaia.com.br\/wp-content\/uploads\/2022\/12\/Obras-do-Centro-Cultural-Uniaraxa-sao-entregues-pag-6A-768x432.jpg 768w, http:\/\/blogdoarmindomaia.com.br\/wp-content\/uploads\/2022\/12\/Obras-do-Centro-Cultural-Uniaraxa-sao-entregues-pag-6A-1536x864.jpg 1536w, http:\/\/blogdoarmindomaia.com.br\/wp-content\/uploads\/2022\/12\/Obras-do-Centro-Cultural-Uniaraxa-sao-entregues-pag-6A.jpg 1920w\" sizes=\"auto, (max-width: 1024px) 100vw, 1024px\" \/><\/figure>\n\n\n\n<p>Arax\u00e1 ganha mais um espa\u00e7o para abrigar as artes, conectando os artistas e oferecendo atra\u00e7\u00f5es para toda a regi\u00e3o. Essa \u00e9 a proposta do Centro Cultural Uniarax\u00e1, com mais de seis mil metros de \u00e1rea constru\u00edda, incluindo teatro e biblioteca. As obras foram entregues em dezembro de 2022, cumprindo assim o que estava previsto no projeto PRONAC, viabilizado por meio de lei de incentivo federal.<\/p>\n\n\n\n<p>O Centro fica ao lado do campus universit\u00e1rio, no Bairro S\u00e3o Geraldo, setor oeste de Arax\u00e1, com entrada pela avenida Ministro Olavo Drummond e tem previs\u00e3o de in\u00edcio das atividades no primeiro semestre de 2023. Para o reitor do Uniarax\u00e1, Jos\u00e9 Oscar de Melo, a unidade vai gerar novas oportunidades \u201cToda comunidade regional ser\u00e1 beneficiada com as possibilidades que surgir\u00e3o, de inclus\u00e3o e abertura de novos cursos voltados para o setor. Por tudo isso, o centro \u00e9 motivo de orgulho para n\u00f3s\u201d<\/p>\n\n\n\n<p>A import\u00e2ncia do Centro Cultural como gerador de conhecimento tamb\u00e9m \u00e9 destacada por Fabricio Borges, presidente da Funda\u00e7\u00e3o Cultural de Arax\u00e1, mantenedora do Uniarax\u00e1. \u201cNeste espa\u00e7o todas as gera\u00e7\u00f5es ter\u00e3o acesso de forma democr\u00e1tica, \u00e0 educa\u00e7\u00e3o, a arte e a cultura de forma permanente, e principalmente, com pluralidade e acessibilidade.&nbsp; Incentivos como estes s\u00e3o molas propulsoras para a transforma\u00e7\u00e3o social, e o UNIARAX\u00c1 ao comemorar seus 50 anos tem o prazer de entregar mais esta contribui\u00e7\u00e3o.<\/p>\n\n\n\n<p>Desde o in\u00edcio da obra foram adotadas pol\u00edticas de valoriza\u00e7\u00e3o da m\u00e3o de obra e do com\u00e9rcio local. Cerca de 200 empresas prestaram servi\u00e7os, proporcionando emprego e renda para mais de 500 trabalhadores e suas fam\u00edlias. Ao longo do tempo imprevistos atrasaram o cronograma da obra, como, por exemplo, a pandemia da Covid 19. Os acontecimentos foram superados com otimismo, e agora j\u00e1 \u00e9 poss\u00edvel ver os pr\u00e9dios prontos. Uma arquitetura imponente com as paredes inclinadas inspiradas nos pared\u00f5es da Serra da Canastra.<\/p>\n\n\n\n<p><strong>&nbsp;TEATRO<\/strong><\/p>\n\n\n\n<p>Em estilo italiano, com capacidade para 641 pessoas tem palco em madeira, medindo 25 metros de largura e 14 metros de profundidade. Com estrutura din\u00e2mica, flex\u00edvel que aliada aos modernos equipamentos torna poss\u00edvel a realiza\u00e7\u00e3o de todos os tipos de espet\u00e1culos e eventos.<\/p>\n\n\n\n<p>Para dar suporte aos artistas s\u00e3o dois camarins coletivos que ficam no primeiro piso e dois individuais no n\u00edvel do palco. Todos com banheiro e chuveiro.&nbsp; Espa\u00e7o moderno que gera expectativa no meio cultural. Para o m\u00fasico Tiago Martins, a regi\u00e3o tem muito a ganhar. \u201c Ter mais um local como esse, com uma ac\u00fastica de alta qualidade, aliada ao conforto de um teatro ser\u00e1 sem d\u00favida um privil\u00e9gio para os m\u00fasicos e artistas de uma forma geral\u201d.<\/p>\n\n\n\n<p><strong>BIBLIOTECA<\/strong><\/p>\n\n\n\n<p>Ser\u00e1 um centro de converg\u00eancia com op\u00e7\u00f5es para todas as gera\u00e7\u00f5es. S\u00e3o dois pavimentos com capacidade para 550 pessoas, com sala multiuso, brinquedoteca, \u00e1rea de estudo, acesso a computadores e a um acervo atual de 60 mil livros, que ser\u00e1 enriquecido com a inclus\u00e3o da Biblioteca Municipal Jo\u00e3o Rios Montandon.<\/p>\n\n\n\n<p>A biblioteca do Centro Cultural ter\u00e1 como patrono Atanagildo Cortes, uma homenagem ao jornalista que fez hist\u00f3ria e deu importantes contribui\u00e7\u00f5es para a cultura local. O mesmo pr\u00e9dio abrigar\u00e1 ainda a sede da Academia Araxaense de Letras, se tornando assim fonte geradora de conhecimento, cultura e entretenimento.<\/p>\n\n\n\n<p><strong>ACESSIBILIDADE<\/strong><\/p>\n\n\n\n<p>O complexo ter\u00e1 total acessibilidade e segue as normas de seguran\u00e7a para oferecer conforto e tranquilidade para a principal atra\u00e7\u00e3o: o p\u00fablico, que ter\u00e1 op\u00e7\u00f5es de acesso por escadas, rampas ou elevadores.<\/p>\n\n\n\n<p>O presidente do Convention Bureau de Arax\u00e1, Eduardo Tannus, entende que o Centro Cultural ir\u00e1 agregar muito ao turismo de eventos da cidade. \u201cN\u00f3s perdemos muitos eventos por n\u00e3o ter um espa\u00e7o adequado. Agora com uma estrutura ideal como essa, teremos condi\u00e7\u00f5es de receber qualquer tipo de evento, o que ajudar\u00e1 a impulsionar a nossa economia.\u201d<\/p>\n\n\n\n<p>A obra foi viabilizada por meio da lei federal de incentivo \u00e0 cultura com patroc\u00ednio da CBMM, empresa araxaense l\u00edder mundial na produ\u00e7\u00e3o e tecnologia de ni\u00f3bio.<\/p>\n","protected":false},"excerpt":{"rendered":"<p>Complexo vai abrigar teatro com capacidade para 610 pessoas e uma biblioteca com 60 mil livros Arax\u00e1 ganha mais um<\/p>\n","protected":false},"author":2,"featured_media":3677,"comment_status":"open","ping_status":"open","sticky":false,"template":"","format":"standard","meta":{"footnotes":""},"categories":[9,11],"tags":[],"class_list":["post-3676","post","type-post","status-publish","format-standard","has-post-thumbnail","hentry","category-araxa","category-destaques"],"_links":{"self":[{"href":"http:\/\/blogdoarmindomaia.com.br\/index.php?rest_route=\/wp\/v2\/posts\/3676","targetHints":{"allow":["GET"]}}],"collection":[{"href":"http:\/\/blogdoarmindomaia.com.br\/index.php?rest_route=\/wp\/v2\/posts"}],"about":[{"href":"http:\/\/blogdoarmindomaia.com.br\/index.php?rest_route=\/wp\/v2\/types\/post"}],"author":[{"embeddable":true,"href":"http:\/\/blogdoarmindomaia.com.br\/index.php?rest_route=\/wp\/v2\/users\/2"}],"replies":[{"embeddable":true,"href":"http:\/\/blogdoarmindomaia.com.br\/index.php?rest_route=%2Fwp%2Fv2%2Fcomments&post=3676"}],"version-history":[{"count":1,"href":"http:\/\/blogdoarmindomaia.com.br\/index.php?rest_route=\/wp\/v2\/posts\/3676\/revisions"}],"predecessor-version":[{"id":3679,"href":"http:\/\/blogdoarmindomaia.com.br\/index.php?rest_route=\/wp\/v2\/posts\/3676\/revisions\/3679"}],"wp:featuredmedia":[{"embeddable":true,"href":"http:\/\/blogdoarmindomaia.com.br\/index.php?rest_route=\/wp\/v2\/media\/3677"}],"wp:attachment":[{"href":"http:\/\/blogdoarmindomaia.com.br\/index.php?rest_route=%2Fwp%2Fv2%2Fmedia&parent=3676"}],"wp:term":[{"taxonomy":"category","embeddable":true,"href":"http:\/\/blogdoarmindomaia.com.br\/index.php?rest_route=%2Fwp%2Fv2%2Fcategories&post=3676"},{"taxonomy":"post_tag","embeddable":true,"href":"http:\/\/blogdoarmindomaia.com.br\/index.php?rest_route=%2Fwp%2Fv2%2Ftags&post=3676"}],"curies":[{"name":"wp","href":"https:\/\/api.w.org\/{rel}","templated":true}]}}