{"id":370,"date":"2022-04-18T21:44:26","date_gmt":"2022-04-19T00:44:26","guid":{"rendered":"http:\/\/blogdoarmindomaia.com.br\/?p=370"},"modified":"2022-04-18T21:44:29","modified_gmt":"2022-04-19T00:44:29","slug":"cbmm-destina-aporte-financeiro-para-projeto-de-seguranca-nas-instalacoes-da-santa-casa-de-araxa","status":"publish","type":"post","link":"http:\/\/blogdoarmindomaia.com.br\/?p=370","title":{"rendered":"CBMM destina aporte financeiro para projeto de seguran\u00e7a nas instala\u00e7\u00f5es da Santa Casa de Arax\u00e1"},"content":{"rendered":"\n<figure class=\"wp-block-image size-large is-style-default\"><img loading=\"lazy\" decoding=\"async\" width=\"1024\" height=\"768\" src=\"http:\/\/blogdoarmindomaia.com.br\/wp-content\/uploads\/2022\/04\/Ana-Paula-Borges-diretora-assistencial-Alvaro-Rezende-Rel-Comunidade-Elaine-Di-Mambro-Pres-Cons-Deliberativo--1024x768.jpeg\" alt=\"\" class=\"wp-image-372\" srcset=\"http:\/\/blogdoarmindomaia.com.br\/wp-content\/uploads\/2022\/04\/Ana-Paula-Borges-diretora-assistencial-Alvaro-Rezende-Rel-Comunidade-Elaine-Di-Mambro-Pres-Cons-Deliberativo--1024x768.jpeg 1024w, http:\/\/blogdoarmindomaia.com.br\/wp-content\/uploads\/2022\/04\/Ana-Paula-Borges-diretora-assistencial-Alvaro-Rezende-Rel-Comunidade-Elaine-Di-Mambro-Pres-Cons-Deliberativo--300x225.jpeg 300w, http:\/\/blogdoarmindomaia.com.br\/wp-content\/uploads\/2022\/04\/Ana-Paula-Borges-diretora-assistencial-Alvaro-Rezende-Rel-Comunidade-Elaine-Di-Mambro-Pres-Cons-Deliberativo--768x576.jpeg 768w, http:\/\/blogdoarmindomaia.com.br\/wp-content\/uploads\/2022\/04\/Ana-Paula-Borges-diretora-assistencial-Alvaro-Rezende-Rel-Comunidade-Elaine-Di-Mambro-Pres-Cons-Deliberativo--1536x1152.jpeg 1536w, http:\/\/blogdoarmindomaia.com.br\/wp-content\/uploads\/2022\/04\/Ana-Paula-Borges-diretora-assistencial-Alvaro-Rezende-Rel-Comunidade-Elaine-Di-Mambro-Pres-Cons-Deliberativo-.jpeg 1600w\" sizes=\"auto, (max-width: 1024px) 100vw, 1024px\" \/><\/figure>\n\n\n\n<figure class=\"wp-block-image size-large is-style-default\"><img loading=\"lazy\" decoding=\"async\" width=\"1024\" height=\"683\" src=\"http:\/\/blogdoarmindomaia.com.br\/wp-content\/uploads\/2022\/04\/Santa-Casa-Banco-de-imagens-CBMM-1024x683.jpg\" alt=\"\" class=\"wp-image-371\" srcset=\"http:\/\/blogdoarmindomaia.com.br\/wp-content\/uploads\/2022\/04\/Santa-Casa-Banco-de-imagens-CBMM-1024x683.jpg 1024w, http:\/\/blogdoarmindomaia.com.br\/wp-content\/uploads\/2022\/04\/Santa-Casa-Banco-de-imagens-CBMM-300x200.jpg 300w, http:\/\/blogdoarmindomaia.com.br\/wp-content\/uploads\/2022\/04\/Santa-Casa-Banco-de-imagens-CBMM-768x512.jpg 768w, http:\/\/blogdoarmindomaia.com.br\/wp-content\/uploads\/2022\/04\/Santa-Casa-Banco-de-imagens-CBMM-1536x1024.jpg 1536w, http:\/\/blogdoarmindomaia.com.br\/wp-content\/uploads\/2022\/04\/Santa-Casa-Banco-de-imagens-CBMM-2048x1366.jpg 2048w\" sizes=\"auto, (max-width: 1024px) 100vw, 1024px\" \/><\/figure>\n\n\n\n<p><em>A verba ser\u00e1 investida na execu\u00e7\u00e3o do Projeto de Preven\u00e7\u00e3o e Combate a Inc\u00eandio do hospital<\/em><\/p>\n\n\n\n<p>A CBMM assinou um contrato de doa\u00e7\u00e3o de verba para a Santa Casa de Arax\u00e1 no valor de R$ 988.497,40. O novo recurso ser\u00e1 integralmente investido em obras de adequa\u00e7\u00e3o e seguran\u00e7a, o que permitir\u00e1 a continuidade das atividades do hospital de forma segura, bem como a melhoria na qualidade da assist\u00eancia ao usu\u00e1rio.<\/p>\n\n\n\n<p>Ap\u00f3s levantamento feito pelo Departamento de Manuten\u00e7\u00e3o T\u00e9cnica da Santa Casa, foram identificadas algumas demandas priorit\u00e1rias, que far\u00e3o parte do Projeto de Preven\u00e7\u00e3o e Combate a Inc\u00eandio do hospital e ser\u00e3o executadas em cinco etapas. S\u00e3o elas:<\/p>\n\n\n\n<p>1. Atualiza\u00e7\u00e3o do Projeto de Preven\u00e7\u00e3o e Combate a Inc\u00eandio;<\/p>\n\n\n\n<p>2. Execu\u00e7\u00e3o do Projeto de Preven\u00e7\u00e3o e Combate a Inc\u00eandio;<\/p>\n\n\n\n<p>3. Conclus\u00e3o da obra do telhado do pr\u00e9dio antigo, telhado do Posto 5, instala\u00e7\u00e3o de hidrantes e adequa\u00e7\u00e3o das rampas de acesso;<\/p>\n\n\n\n<p>4. Concretagem do P\u00e1tio Central;<\/p>\n\n\n\n<p>5. Reforma com refor\u00e7o no muro ao lado da maternidade;<\/p>\n\n\n\n<p>6. Corre\u00e7\u00e3o e adequa\u00e7\u00e3o das instala\u00e7\u00f5es el\u00e9tricas da maternidade.<\/p>\n\n\n\n<p>A Santa Casa de Arax\u00e1 completa, neste ano, 137 anos de hist\u00f3ria, e \u00e9 de extrema import\u00e2ncia para os munic\u00edpios da microrregi\u00e3o de Arax\u00e1. S\u00e3o 310 colaboradores, 74 leitos e um atendimento m\u00e9dio di\u00e1rio de 60 pacientes. Durante a pandemia, o hospital interrompeu o pronto atendimento e ficou fechado, exclusivamente, para o tratamento de pacientes com Covid-19.<\/p>\n\n\n\n<p>A Presidente do Conselho Deliberativo da Santa Casa de Arax\u00e1, Elaine Di Mambro, fala sobre a atual situa\u00e7\u00e3o das instala\u00e7\u00f5es do hospital. \u201cTemos instala\u00e7\u00f5es muito antigas, pois no passado a preven\u00e7\u00e3o de inc\u00eandios n\u00e3o era uma preocupa\u00e7\u00e3o. Hoje, adotamos postura rigorosa e seguimos as regras de seguran\u00e7a. Temos outro pr\u00e9dio constru\u00eddo, com apenas 50% dele em funcionamento, que tamb\u00e9m foge \u00e0s regras estabelecidas pelo Corpo de Bombeiros para que possamos adquirir o AVCB.\u201d<\/p>\n\n\n\n<p>Alvaro Rezende, da \u00e1rea de Relacionamento com a Comunidade da CBMM, fala da necessidade iminente de reformas prediais nas instala\u00e7\u00f5es. \u201cA CBMM sabe da import\u00e2ncia do hospital da Santa Casa para a cidade de Arax\u00e1 e regi\u00e3o. As obras e reformas trar\u00e3o mais seguran\u00e7a tanto para os funcion\u00e1rios quanto para os pacientes. Entendemos que esse projeto permitir\u00e1 que a institui\u00e7\u00e3o continue desenvolvendo seu trabalho de forma segura e ajudando a comunidade.\u201d<\/p>\n\n\n\n<p><strong>Sobre a CBMM<\/strong><\/p>\n\n\n\n<p>L\u00edder mundial na produ\u00e7\u00e3o e comercializa\u00e7\u00e3o de produtos de Ni\u00f3bio, a CBMM possui mais de 400 clientes, em 50 pa\u00edses. A companhia fornece produtos e tecnologia de ponta aos setores de infraestrutura, mobilidade, aeroespacial, sa\u00fade e energia. Fundada em 1955, em Arax\u00e1, Minas Gerais, a CBMM apoia iniciativas que visam o desenvolvimento socioecon\u00f4mico, cultural e esportivo nos locais onde atua, buscando beneficiar essas comunidades e auxiliar na forma\u00e7\u00e3o das pr\u00f3ximas gera\u00e7\u00f5es. Para mais informa\u00e7\u00f5es, visite: <a href=\"https:\/\/cbmm.com\/pt\/media-center\">cbmm.com\/pt\/media-center<\/a><\/p>\n\n\n\n<p><strong>Conhe\u00e7a mais sobre as tecnologias do Ni\u00f3bio:<\/strong><\/p>\n\n\n\n<p>Website: <a href=\"http:\/\/www.cbmm.com\">www.cbmm.com<\/a><\/p>\n\n\n\n<p>LinkedIn: <a href=\"https:\/\/br.linkedin.com\/company\/cbmm\/\">CBMM<\/a><\/p>\n\n\n\n<p>Instagram: <a href=\"https:\/\/www.instagram.com\/cbmm_oficial\/\">@CBMM_Oficial<\/a><\/p>\n\n\n\n<p>Twitter: <a href=\"https:\/\/twitter.com\/CBMM_Oficial\">@CBMM_Oficial<\/a><\/p>\n\n\n\n<p>Youtube: <a href=\"https:\/\/www.youtube.com\/c\/CBMM-global\">CBMM-Global<\/a><\/p>\n\n\n\n<p><strong><u>Informa\u00e7\u00f5es \u00e0 imprensa<\/u><\/strong><\/p>\n\n\n\n<p>Rede Comunica\u00e7\u00e3o de Resultado<\/p>\n\n\n\n<p>Marina Lima \u2013 (31) 97177.3351 \u2013 <a href=\"mailto:marina.lima@redecomunicacao.com\">marina.lima@redecomunicacao.com<\/a><\/p>\n\n\n\n<p>Sandra Barroca \u2013 (31) 97154.3372 \u2013 <a href=\"mailto:sandra.barroca@redecomunicacao.com\">sandra.barroca@redecomunicacao.com<\/a><\/p>\n","protected":false},"excerpt":{"rendered":"<p>A verba ser\u00e1 investida na execu\u00e7\u00e3o do Projeto de Preven\u00e7\u00e3o e Combate a Inc\u00eandio do hospital A CBMM assinou um<\/p>\n","protected":false},"author":2,"featured_media":372,"comment_status":"open","ping_status":"open","sticky":false,"template":"","format":"standard","meta":{"footnotes":""},"categories":[11],"tags":[],"class_list":["post-370","post","type-post","status-publish","format-standard","has-post-thumbnail","hentry","category-destaques"],"_links":{"self":[{"href":"http:\/\/blogdoarmindomaia.com.br\/index.php?rest_route=\/wp\/v2\/posts\/370","targetHints":{"allow":["GET"]}}],"collection":[{"href":"http:\/\/blogdoarmindomaia.com.br\/index.php?rest_route=\/wp\/v2\/posts"}],"about":[{"href":"http:\/\/blogdoarmindomaia.com.br\/index.php?rest_route=\/wp\/v2\/types\/post"}],"author":[{"embeddable":true,"href":"http:\/\/blogdoarmindomaia.com.br\/index.php?rest_route=\/wp\/v2\/users\/2"}],"replies":[{"embeddable":true,"href":"http:\/\/blogdoarmindomaia.com.br\/index.php?rest_route=%2Fwp%2Fv2%2Fcomments&post=370"}],"version-history":[{"count":1,"href":"http:\/\/blogdoarmindomaia.com.br\/index.php?rest_route=\/wp\/v2\/posts\/370\/revisions"}],"predecessor-version":[{"id":373,"href":"http:\/\/blogdoarmindomaia.com.br\/index.php?rest_route=\/wp\/v2\/posts\/370\/revisions\/373"}],"wp:featuredmedia":[{"embeddable":true,"href":"http:\/\/blogdoarmindomaia.com.br\/index.php?rest_route=\/wp\/v2\/media\/372"}],"wp:attachment":[{"href":"http:\/\/blogdoarmindomaia.com.br\/index.php?rest_route=%2Fwp%2Fv2%2Fmedia&parent=370"}],"wp:term":[{"taxonomy":"category","embeddable":true,"href":"http:\/\/blogdoarmindomaia.com.br\/index.php?rest_route=%2Fwp%2Fv2%2Fcategories&post=370"},{"taxonomy":"post_tag","embeddable":true,"href":"http:\/\/blogdoarmindomaia.com.br\/index.php?rest_route=%2Fwp%2Fv2%2Ftags&post=370"}],"curies":[{"name":"wp","href":"https:\/\/api.w.org\/{rel}","templated":true}]}}