{"id":3704,"date":"2022-12-14T15:23:26","date_gmt":"2022-12-14T18:23:26","guid":{"rendered":"http:\/\/blogdoarmindomaia.com.br\/?p=3704"},"modified":"2022-12-14T15:23:27","modified_gmt":"2022-12-14T18:23:27","slug":"araxa-registra-aumento-por-procura-de-testes-de-covid","status":"publish","type":"post","link":"http:\/\/blogdoarmindomaia.com.br\/?p=3704","title":{"rendered":"Arax\u00e1 registra aumento por procura de testes de Covid\u00a0\u00a0\u00a0\u00a0"},"content":{"rendered":"\n<figure class=\"wp-block-image size-full is-style-default\"><img loading=\"lazy\" decoding=\"async\" width=\"1024\" height=\"683\" src=\"http:\/\/blogdoarmindomaia.com.br\/wp-content\/uploads\/2022\/12\/Descentralizacao-de-testes-2.jpeg\" alt=\"\" class=\"wp-image-3705\" srcset=\"http:\/\/blogdoarmindomaia.com.br\/wp-content\/uploads\/2022\/12\/Descentralizacao-de-testes-2.jpeg 1024w, http:\/\/blogdoarmindomaia.com.br\/wp-content\/uploads\/2022\/12\/Descentralizacao-de-testes-2-300x200.jpeg 300w, http:\/\/blogdoarmindomaia.com.br\/wp-content\/uploads\/2022\/12\/Descentralizacao-de-testes-2-768x512.jpeg 768w\" sizes=\"auto, (max-width: 1024px) 100vw, 1024px\" \/><\/figure>\n\n\n\n<p>Para ampliar a rede de atendimento \u00e0 popula\u00e7\u00e3o e expandir a coleta no munic\u00edpio, a Prefeitura de Arax\u00e1 descentralizou os testes de covid da Unisul e agora s\u00e3o ofertados em todas as Unidades B\u00e1sicas (UBSs), Estrat\u00e9gias de Sa\u00fade da Fam\u00edlia (ESFs) e tamb\u00e9m nos Ambulat\u00f3rios Emergenciais 24 Horas (AMEs) da Uninorte e Unileste. Nos \u00faltimos dias, os equipamentos de sa\u00fade t\u00eam recebido diversos pacientes com sintomas gripais devido as mudan\u00e7as clim\u00e1ticas e registrou um aumento na procura por testes de Covid.&nbsp;<br><br>Nos Ambulat\u00f3rios de Emerg\u00eancia Uninorte e Unileste, os atendimentos de pacientes com s\u00edndromes gripais e necessidade de realiza\u00e7\u00e3o de testes r\u00e1pidos para Covid-19 s\u00e3o aplicados sem defini\u00e7\u00e3o de hor\u00e1rio ou quantidade di\u00e1ria de testes. J\u00e1 nas Unidades B\u00e1sicas (UBSs) e Estrat\u00e9gias de Sa\u00fade da Fam\u00edlia (ESF) os exames s\u00e3o feitos mediante agendamento. A coordenadora da Aten\u00e7\u00e3o Secund\u00e1ria, Carla Alves Constant, explica quais s\u00e3o os crit\u00e9rios para a realiza\u00e7\u00e3o dos testes r\u00e1pidos.&nbsp;<br><br>\u201cRealizamos o exame de Covid em pessoas que estejam com pelo menos tr\u00eas dias de sintoma. Uma coisa que \u00e9 importante salientar \u00e9 que a Unisul n\u00e3o \u00e9 mais unidade sentinela, portanto, \u00e9 realizado somente mediante agendamento. Estamos trabalhando diariamente para garantir o atendimento da popula\u00e7\u00e3o na rede p\u00fablica e essa descentraliza\u00e7\u00e3o tem como objetivo diminuir o tempo de espera nas unidades de sa\u00fade do munic\u00edpio para os diversos servi\u00e7os m\u00e9dicos disponibilizados\u201d, afirma a coordenadora.<br><\/p>\n","protected":false},"excerpt":{"rendered":"<p>Para ampliar a rede de atendimento \u00e0 popula\u00e7\u00e3o e expandir a coleta no munic\u00edpio, a Prefeitura de Arax\u00e1 descentralizou os<\/p>\n","protected":false},"author":2,"featured_media":3705,"comment_status":"open","ping_status":"open","sticky":false,"template":"","format":"standard","meta":{"footnotes":""},"categories":[9,11],"tags":[],"class_list":["post-3704","post","type-post","status-publish","format-standard","has-post-thumbnail","hentry","category-araxa","category-destaques"],"_links":{"self":[{"href":"http:\/\/blogdoarmindomaia.com.br\/index.php?rest_route=\/wp\/v2\/posts\/3704","targetHints":{"allow":["GET"]}}],"collection":[{"href":"http:\/\/blogdoarmindomaia.com.br\/index.php?rest_route=\/wp\/v2\/posts"}],"about":[{"href":"http:\/\/blogdoarmindomaia.com.br\/index.php?rest_route=\/wp\/v2\/types\/post"}],"author":[{"embeddable":true,"href":"http:\/\/blogdoarmindomaia.com.br\/index.php?rest_route=\/wp\/v2\/users\/2"}],"replies":[{"embeddable":true,"href":"http:\/\/blogdoarmindomaia.com.br\/index.php?rest_route=%2Fwp%2Fv2%2Fcomments&post=3704"}],"version-history":[{"count":1,"href":"http:\/\/blogdoarmindomaia.com.br\/index.php?rest_route=\/wp\/v2\/posts\/3704\/revisions"}],"predecessor-version":[{"id":3706,"href":"http:\/\/blogdoarmindomaia.com.br\/index.php?rest_route=\/wp\/v2\/posts\/3704\/revisions\/3706"}],"wp:featuredmedia":[{"embeddable":true,"href":"http:\/\/blogdoarmindomaia.com.br\/index.php?rest_route=\/wp\/v2\/media\/3705"}],"wp:attachment":[{"href":"http:\/\/blogdoarmindomaia.com.br\/index.php?rest_route=%2Fwp%2Fv2%2Fmedia&parent=3704"}],"wp:term":[{"taxonomy":"category","embeddable":true,"href":"http:\/\/blogdoarmindomaia.com.br\/index.php?rest_route=%2Fwp%2Fv2%2Fcategories&post=3704"},{"taxonomy":"post_tag","embeddable":true,"href":"http:\/\/blogdoarmindomaia.com.br\/index.php?rest_route=%2Fwp%2Fv2%2Ftags&post=3704"}],"curies":[{"name":"wp","href":"https:\/\/api.w.org\/{rel}","templated":true}]}}