{"id":3707,"date":"2022-12-14T15:26:59","date_gmt":"2022-12-14T18:26:59","guid":{"rendered":"http:\/\/blogdoarmindomaia.com.br\/?p=3707"},"modified":"2022-12-14T15:27:01","modified_gmt":"2022-12-14T18:27:01","slug":"empresario-leonardo-drummond-e-eleito-presidente-da-acia","status":"publish","type":"post","link":"http:\/\/blogdoarmindomaia.com.br\/?p=3707","title":{"rendered":"<strong>Empres\u00e1rio Leonardo Drummond \u00e9 eleito presidente da Acia<\/strong>"},"content":{"rendered":"\n<figure class=\"wp-block-image size-full is-style-default\"><img loading=\"lazy\" decoding=\"async\" width=\"700\" height=\"466\" src=\"http:\/\/blogdoarmindomaia.com.br\/wp-content\/uploads\/2022\/12\/Empresario-Leonardo-Drummond-e-eleito-presidente-da-Acia-pag-07.jpg\" alt=\"\" class=\"wp-image-3708\" srcset=\"http:\/\/blogdoarmindomaia.com.br\/wp-content\/uploads\/2022\/12\/Empresario-Leonardo-Drummond-e-eleito-presidente-da-Acia-pag-07.jpg 700w, http:\/\/blogdoarmindomaia.com.br\/wp-content\/uploads\/2022\/12\/Empresario-Leonardo-Drummond-e-eleito-presidente-da-Acia-pag-07-300x200.jpg 300w\" sizes=\"auto, (max-width: 700px) 100vw, 700px\" \/><\/figure>\n\n\n\n<figure class=\"wp-block-image size-full is-style-default\"><img loading=\"lazy\" decoding=\"async\" width=\"700\" height=\"466\" src=\"http:\/\/blogdoarmindomaia.com.br\/wp-content\/uploads\/2022\/12\/Diretoria-acia-2023-2025-2.jpg\" alt=\"\" class=\"wp-image-3709\" srcset=\"http:\/\/blogdoarmindomaia.com.br\/wp-content\/uploads\/2022\/12\/Diretoria-acia-2023-2025-2.jpg 700w, http:\/\/blogdoarmindomaia.com.br\/wp-content\/uploads\/2022\/12\/Diretoria-acia-2023-2025-2-300x200.jpg 300w\" sizes=\"auto, (max-width: 700px) 100vw, 700px\" \/><\/figure>\n\n\n\n<p>A Associa\u00e7\u00e3o Comercial, Industrial, de Turismo, Servi\u00e7os e Agroneg\u00f3cios de Arax\u00e1 tem nova diretoria para o tri\u00eanio 2023\/2025. A ACIA passa a ser comandada pelo empres\u00e1rio Leonardo Drummond de Ara\u00fajo, eleito como presidente na manh\u00e3 desta quinta-feira, 08. Mantendo a tradi\u00e7\u00e3o, apenas uma chapa concorreu nas elei\u00e7\u00f5es deste ano, sendo assim o processo eleitoral foi realizado por aclama\u00e7\u00e3o durante Assembleia Geral Ordin\u00e1ria (AGO) na sede da ACIA, com o voto de mais de 60&nbsp;associados. O evento contou com a&nbsp;presen\u00e7a de empres\u00e1rios associados, demais membros da diretoria e imprensa.<\/p>\n\n\n\n<p>Em seu discurso o novo presidente agradeceu o ex-presidente Em\u00edlio Neumann e os empres\u00e1rios que integram a diretoria executiva e os conselhos fiscal e administrativo. \u201c\u00c9 um momento importante para nossa Associa\u00e7\u00e3o, s\u00e3o mais de 85 anos representando e defendendo a classe empresarial e o associativismo em Arax\u00e1. Meu agradecimento especial aos convidados para compor essa diretoria, que gratuitamente abra\u00e7aram essa miss\u00e3o. Estou muito feliz e honrado em ser o novo presidente desta Casa, quero juntamente com voc\u00eas dar sequ\u00eancia ao trabalho que esta sendo realizado, e melhorar no que for poss\u00edvel em prol da nossa classe empresarial\u201d, ressaltou.<\/p>\n\n\n\n<p>A cerim\u00f4nia de posse da nova diretoria da Associa\u00e7\u00e3o est\u00e1 confirmada para o dia 02 de fevereiro (quinta-feira), \u00e0s 20h, no Audit\u00f3rio Professor Edgard Maneira, na sede da Associa\u00e7\u00e3o.<\/p>\n\n\n\n<p><strong>Conhe\u00e7a a nova diretoria da ACIA<\/strong><\/p>\n\n\n\n<p><strong>Diretoria Executiva<\/strong><\/p>\n\n\n\n<p>Leonardo Drummond de Ara\u00fajo \u2013 Presidente<\/p>\n\n\n\n<p>Mauro Magalh\u00e3es Maniglia &#8211; 1\u00ba Vice Presidente<\/p>\n\n\n\n<p>Pedro Augusto Lacerda Maneira &#8211; 2\u00ba Vice Presidente<br>Sin\u00e9zio Borges &#8211; 1\u00ba Tesoureiro<br>\u00cdtalo Marcus Fonseca Borges &#8211; 2\u00ba Tesoureiro<br>Jaime Sanchez da Cruz Rios &#8211; 1\u00ba Secret\u00e1rio<br>Cl\u00e1udio Jos\u00e9 Pereira &#8211; 2\u00ba Secret\u00e1rio<br>Bernardo Akel Lemos Oliveira &#8211; Diretor de Marketing e Relacionamento<br>Ed\u00fa Marcelo Spinac\u00e9 &#8211; Diretor de Agroneg\u00f3cios<br>Marcelo Gon\u00e7alves Rezende&nbsp;&#8211; Diretor de Projetos<br>Jorge Akel Neto&nbsp;&#8211; Diretor Institucional e de Ensino<br>Neylor Stigliano Barbosa de Oliveira &#8211; Diretor de Assuntos Jur\u00eddicos<\/p>\n\n\n\n<p><strong>Conselho de Administra\u00e7\u00e3o<\/strong><br>Romero Zema<br>Ant\u00f4nio Leonardo Lemos de Oliveira<br>Christiano De Oliveira Dutra Reimann<br>F\u00e1bio C\u00e9sar Rios<\/p>\n\n\n\n<p>Roberto Lemos<\/p>\n\n\n\n<p>Wagner de Freitas Oliveira<\/p>\n\n\n\n<p><strong>Conselho Fiscal Efetivo &nbsp; &nbsp; &nbsp; &nbsp;<\/strong><br>Luiz Ricardo Vieira Chaer<br>Fernando Paula Ribeiro<\/p>\n\n\n\n<p>Em\u00edlio Carlos Afonso Botelho&nbsp; &nbsp; &nbsp; &nbsp; &nbsp; &nbsp; &nbsp; &nbsp; &nbsp; &nbsp; &nbsp; &nbsp; &nbsp; &nbsp; &nbsp; &nbsp; &nbsp; &nbsp; &nbsp; &nbsp; &nbsp; &nbsp;<\/p>\n\n\n\n<p><strong>Conselho Fiscal Suplente<\/strong><br>Marcelo Duarte<br>Wagner Bueno De Paula<\/p>\n\n\n\n<p>Cl\u00f3vis Antonio De Faria Sousa<\/p>\n","protected":false},"excerpt":{"rendered":"<p>A Associa\u00e7\u00e3o Comercial, Industrial, de Turismo, Servi\u00e7os e Agroneg\u00f3cios de Arax\u00e1 tem nova diretoria para o tri\u00eanio 2023\/2025. A ACIA<\/p>\n","protected":false},"author":2,"featured_media":3708,"comment_status":"open","ping_status":"open","sticky":false,"template":"","format":"standard","meta":{"footnotes":""},"categories":[9,11],"tags":[],"class_list":["post-3707","post","type-post","status-publish","format-standard","has-post-thumbnail","hentry","category-araxa","category-destaques"],"_links":{"self":[{"href":"http:\/\/blogdoarmindomaia.com.br\/index.php?rest_route=\/wp\/v2\/posts\/3707","targetHints":{"allow":["GET"]}}],"collection":[{"href":"http:\/\/blogdoarmindomaia.com.br\/index.php?rest_route=\/wp\/v2\/posts"}],"about":[{"href":"http:\/\/blogdoarmindomaia.com.br\/index.php?rest_route=\/wp\/v2\/types\/post"}],"author":[{"embeddable":true,"href":"http:\/\/blogdoarmindomaia.com.br\/index.php?rest_route=\/wp\/v2\/users\/2"}],"replies":[{"embeddable":true,"href":"http:\/\/blogdoarmindomaia.com.br\/index.php?rest_route=%2Fwp%2Fv2%2Fcomments&post=3707"}],"version-history":[{"count":1,"href":"http:\/\/blogdoarmindomaia.com.br\/index.php?rest_route=\/wp\/v2\/posts\/3707\/revisions"}],"predecessor-version":[{"id":3710,"href":"http:\/\/blogdoarmindomaia.com.br\/index.php?rest_route=\/wp\/v2\/posts\/3707\/revisions\/3710"}],"wp:featuredmedia":[{"embeddable":true,"href":"http:\/\/blogdoarmindomaia.com.br\/index.php?rest_route=\/wp\/v2\/media\/3708"}],"wp:attachment":[{"href":"http:\/\/blogdoarmindomaia.com.br\/index.php?rest_route=%2Fwp%2Fv2%2Fmedia&parent=3707"}],"wp:term":[{"taxonomy":"category","embeddable":true,"href":"http:\/\/blogdoarmindomaia.com.br\/index.php?rest_route=%2Fwp%2Fv2%2Fcategories&post=3707"},{"taxonomy":"post_tag","embeddable":true,"href":"http:\/\/blogdoarmindomaia.com.br\/index.php?rest_route=%2Fwp%2Fv2%2Ftags&post=3707"}],"curies":[{"name":"wp","href":"https:\/\/api.w.org\/{rel}","templated":true}]}}