{"id":3711,"date":"2022-12-14T15:30:46","date_gmt":"2022-12-14T18:30:46","guid":{"rendered":"http:\/\/blogdoarmindomaia.com.br\/?p=3711"},"modified":"2022-12-14T15:30:47","modified_gmt":"2022-12-14T18:30:47","slug":"seguranca-dos-araxaenses-sera-reforcada-durante-as-festividades-natalinas","status":"publish","type":"post","link":"http:\/\/blogdoarmindomaia.com.br\/?p=3711","title":{"rendered":"Seguran\u00e7a dos araxaenses ser\u00e1 refor\u00e7ada durante as festividades natalinas"},"content":{"rendered":"\n<figure class=\"wp-block-image size-full is-style-default\"><img loading=\"lazy\" decoding=\"async\" width=\"1024\" height=\"683\" src=\"http:\/\/blogdoarmindomaia.com.br\/wp-content\/uploads\/2022\/12\/Seguranca-no-Fim-de-ano.jpeg\" alt=\"\" class=\"wp-image-3712\" srcset=\"http:\/\/blogdoarmindomaia.com.br\/wp-content\/uploads\/2022\/12\/Seguranca-no-Fim-de-ano.jpeg 1024w, http:\/\/blogdoarmindomaia.com.br\/wp-content\/uploads\/2022\/12\/Seguranca-no-Fim-de-ano-300x200.jpeg 300w, http:\/\/blogdoarmindomaia.com.br\/wp-content\/uploads\/2022\/12\/Seguranca-no-Fim-de-ano-768x512.jpeg 768w\" sizes=\"auto, (max-width: 1024px) 100vw, 1024px\" \/><\/figure>\n\n\n\n<figure class=\"wp-block-image size-full is-style-default\"><img loading=\"lazy\" decoding=\"async\" width=\"1024\" height=\"683\" src=\"http:\/\/blogdoarmindomaia.com.br\/wp-content\/uploads\/2022\/12\/Seguranca-no-Fim-de-ano-4.jpeg\" alt=\"\" class=\"wp-image-3713\" srcset=\"http:\/\/blogdoarmindomaia.com.br\/wp-content\/uploads\/2022\/12\/Seguranca-no-Fim-de-ano-4.jpeg 1024w, http:\/\/blogdoarmindomaia.com.br\/wp-content\/uploads\/2022\/12\/Seguranca-no-Fim-de-ano-4-300x200.jpeg 300w, http:\/\/blogdoarmindomaia.com.br\/wp-content\/uploads\/2022\/12\/Seguranca-no-Fim-de-ano-4-768x512.jpeg 768w\" sizes=\"auto, (max-width: 1024px) 100vw, 1024px\" \/><\/figure>\n\n\n\n<p>A Secretaria Municipal de Seguran\u00e7a P\u00fablica vai atuar em diferentes pontos de Arax\u00e1 para promover a maior seguran\u00e7a da popula\u00e7\u00e3o e tamb\u00e9m de comerciantes locais durante o per\u00edodo o per\u00edodo de Natal. A Prefeitura de Arax\u00e1 anunciou que o refor\u00e7o da Guarda Patrimonial Municipal e Agentes de Tr\u00e2nsito ser\u00e1 realizado durante as festividades natalinas e os hor\u00e1rios estendidos do com\u00e9rcio.<br><br>Al\u00e9m disso, os araxaenses poder\u00e3o contar com a Central de Videomonitoramento que funciona 24 horas, sete dias por semana, sendo um importante e moderno instrumento para promover a seguran\u00e7a do munic\u00edpio. Localizado no Cal\u00e7ad\u00e3o da rua Presidente Oleg\u00e1rio Maciel, o Totem Interativo tamb\u00e9m auxiliar\u00e1 no trabalho de prote\u00e7\u00e3o a popula\u00e7\u00e3o. O equipamento tem um bot\u00e3o de emerg\u00eancia que em situa\u00e7\u00e3o de den\u00fancia e urg\u00eancia poder\u00e1 ser acionado e entrar\u00e1 em contato direto com a equipe da Central de Videomonitoramento.<br><br>A Guarda Patrimonial refor\u00e7ar\u00e1 a seguran\u00e7a do patrim\u00f4nio e da ordem p\u00fablica em conjunto com a Pol\u00edcia Militar e atuar\u00e3o em tr\u00eas frentes ostensiva: Cal\u00e7ad\u00e3o Central, avenida Ant\u00f4nio Carlos e avenida Washington Barcelos. Haver\u00e1 tamb\u00e9m viaturas ancoradas no Est\u00e1dio Fausto Alvim e Cal\u00e7ad\u00e3o, dando cobertura nas pra\u00e7as e bairros da cidade das 18h \u00e0s 00h.<br><br>Segundo o secret\u00e1rio de Seguran\u00e7a P\u00fablica, Daniel Rosa, o trabalho tem um importante papel em rela\u00e7\u00e3o a tranquilidade dos araxaenses no momento de compras ou lazer. \u201cAumentar o nosso efetivo para a prote\u00e7\u00e3o da popula\u00e7\u00e3o e da \u00e1rea comercial no Centro da cidade e nas demais regi\u00f5es \u00e9 de grande import\u00e2ncia nesta \u00e9poca do ano. \u00c9 um m\u00eas muito esperado pelo cidad\u00e3o que quer seguran\u00e7a m\u00e1xima durante todo este per\u00edodo. Vale lembrar que a popula\u00e7\u00e3o deve sempre manter os cuidados prim\u00e1rios de prote\u00e7\u00e3o para que junto da Seguran\u00e7a P\u00fablica possam construir um Natal de muita paz para as fam\u00edlias araxaenses\u201d, afirma.<br><\/p>\n","protected":false},"excerpt":{"rendered":"<p>A Secretaria Municipal de Seguran\u00e7a P\u00fablica vai atuar em diferentes pontos de Arax\u00e1 para promover a maior seguran\u00e7a da popula\u00e7\u00e3o<\/p>\n","protected":false},"author":2,"featured_media":3712,"comment_status":"open","ping_status":"open","sticky":false,"template":"","format":"standard","meta":{"footnotes":""},"categories":[9,11,30],"tags":[],"class_list":["post-3711","post","type-post","status-publish","format-standard","has-post-thumbnail","hentry","category-araxa","category-destaques","category-seguranca-publica"],"_links":{"self":[{"href":"http:\/\/blogdoarmindomaia.com.br\/index.php?rest_route=\/wp\/v2\/posts\/3711","targetHints":{"allow":["GET"]}}],"collection":[{"href":"http:\/\/blogdoarmindomaia.com.br\/index.php?rest_route=\/wp\/v2\/posts"}],"about":[{"href":"http:\/\/blogdoarmindomaia.com.br\/index.php?rest_route=\/wp\/v2\/types\/post"}],"author":[{"embeddable":true,"href":"http:\/\/blogdoarmindomaia.com.br\/index.php?rest_route=\/wp\/v2\/users\/2"}],"replies":[{"embeddable":true,"href":"http:\/\/blogdoarmindomaia.com.br\/index.php?rest_route=%2Fwp%2Fv2%2Fcomments&post=3711"}],"version-history":[{"count":1,"href":"http:\/\/blogdoarmindomaia.com.br\/index.php?rest_route=\/wp\/v2\/posts\/3711\/revisions"}],"predecessor-version":[{"id":3714,"href":"http:\/\/blogdoarmindomaia.com.br\/index.php?rest_route=\/wp\/v2\/posts\/3711\/revisions\/3714"}],"wp:featuredmedia":[{"embeddable":true,"href":"http:\/\/blogdoarmindomaia.com.br\/index.php?rest_route=\/wp\/v2\/media\/3712"}],"wp:attachment":[{"href":"http:\/\/blogdoarmindomaia.com.br\/index.php?rest_route=%2Fwp%2Fv2%2Fmedia&parent=3711"}],"wp:term":[{"taxonomy":"category","embeddable":true,"href":"http:\/\/blogdoarmindomaia.com.br\/index.php?rest_route=%2Fwp%2Fv2%2Fcategories&post=3711"},{"taxonomy":"post_tag","embeddable":true,"href":"http:\/\/blogdoarmindomaia.com.br\/index.php?rest_route=%2Fwp%2Fv2%2Ftags&post=3711"}],"curies":[{"name":"wp","href":"https:\/\/api.w.org\/{rel}","templated":true}]}}