{"id":3736,"date":"2022-12-15T14:54:18","date_gmt":"2022-12-15T17:54:18","guid":{"rendered":"http:\/\/blogdoarmindomaia.com.br\/?p=3736"},"modified":"2022-12-15T14:54:19","modified_gmt":"2022-12-15T17:54:19","slug":"inclusiva-vila-do-papai-noel-no-festnatal-araxa-encanta-adultos-e-criancas","status":"publish","type":"post","link":"http:\/\/blogdoarmindomaia.com.br\/?p=3736","title":{"rendered":"<strong>Inclusiva, Vila do Papai Noel no FestNatal Arax\u00e1 encanta adultos e crian\u00e7as<\/strong>"},"content":{"rendered":"\n<figure class=\"wp-block-image size-large is-style-default\"><img loading=\"lazy\" decoding=\"async\" width=\"1024\" height=\"683\" src=\"http:\/\/blogdoarmindomaia.com.br\/wp-content\/uploads\/2022\/12\/audiodescricao_2-1024x683.jpg\" alt=\"\" class=\"wp-image-3738\" srcset=\"http:\/\/blogdoarmindomaia.com.br\/wp-content\/uploads\/2022\/12\/audiodescricao_2-1024x683.jpg 1024w, http:\/\/blogdoarmindomaia.com.br\/wp-content\/uploads\/2022\/12\/audiodescricao_2-300x200.jpg 300w, http:\/\/blogdoarmindomaia.com.br\/wp-content\/uploads\/2022\/12\/audiodescricao_2-768x512.jpg 768w, http:\/\/blogdoarmindomaia.com.br\/wp-content\/uploads\/2022\/12\/audiodescricao_2.jpg 1280w\" sizes=\"auto, (max-width: 1024px) 100vw, 1024px\" \/><\/figure>\n\n\n\n<p><em>Uma das novidades deste ano \u00e9 a visita guiada ao Expominas<\/em><\/p>\n\n\n\n<p>A estrutura do FestNatal Arax\u00e1 foi pensada para surpreender. Grandes pain\u00e9is, luzes coloridas, paredes desenhadas, objetos decorativos gigantes, uma casa em tamanho real para Papai Noel. A ideia \u00e9 que todos os visitantes possam sentir ali o clima de Natal. E para fazer com que isso aconte\u00e7a, de fato, o servi\u00e7o de profissionais como Jhobert Mateus Rodrigues \u00e9 essencial. \u201cA gente trabalha com pessoas com defici\u00eancia visual fazendo a visita guiada, que \u00e9 um recurso de acessibilidade que vai descrever aquilo que n\u00f3s vemos atrav\u00e9s dos olhos f\u00edsicos de uma forma criativa para que eles consigam ver com os ouvidos\u201d, explica o audiodescritor.<\/p>\n\n\n\n<p>As visitas contemplam todos os espa\u00e7os. Pouco antes de subir ao palco, o cantor Haroldo J\u00fanior passou por esta experi\u00eancia nesta quarta-feira (14). Ele tem baixa vis\u00e3o. Em um dos momentos mais emocionantes da visita, esteve na casinha do Papai Noel. Tocou objetos e ouviu a descri\u00e7\u00e3o da roupa e da barba do \u201cbom velhinho\u201d, antes de posar para fotos e ganhar um abra\u00e7o dele. \u201cFoi uma experi\u00eancia nova para mim. Nunca tinha participado de nada ligado \u00e0 audiodescri\u00e7\u00e3o. Gostei muito e recomendo\u201d, diz o cantor e compositor.<\/p>\n\n\n\n<p>A visita guiada com audiodescri\u00e7\u00e3o ocorre durante todo o evento. Para solicit\u00e1-la basta entrar em contato com a produ\u00e7\u00e3o do FestNatal com anteced\u00eancia. Pessoas com defici\u00eancia auditiva tamb\u00e9m podem acompanhar toda a programa\u00e7\u00e3o. As atividades do palco central e as oficinas paralelas do evento t\u00eam tradu\u00e7\u00e3o simult\u00e2nea feita pela int\u00e9rprete de Libras, J\u00e9ssica Alves Ferreira Borges. \u201cEscuto o que o locutor, o oficineiro fala e interpreto para a pessoa que est\u00e1 assistindo. Faz toda a diferen\u00e7a porque a gente d\u00e1 a liberdade para a pessoa com defici\u00eancia auditiva ir. Acessibilidade \u00e9 inclus\u00e3o\u201d, destaca J\u00e9ssica.<\/p>\n\n\n\n<p>A estrutura f\u00edsica tamb\u00e9m foi pensada para garantir que pessoas que utilizam cadeiras de roda ou tenham outras necessidades especiais de locomo\u00e7\u00e3o possam transitar em todos os espa\u00e7os. \u201c\u00c9 um evento para todos, sem exce\u00e7\u00e3o. Todo mundo \u00e9 muito importante no pluralismo do FestNatal Arax\u00e1\u201d, diz a presidente da Funda\u00e7\u00e3o Cultural Acia (Facia), Elisa Bai\u00e3o Mac\u00eado.<\/p>\n\n\n\n<p>A Vila do Papai Noel funciona diariamente a partir das 19h. Papai Noel atende a todos at\u00e9 \u00e0s 22h. As fotos tiradas durante o encontro com Noel s\u00e3o disponibilizadas no site do festival (<a href=\"http:\/\/festnatalaraxa.com.br\/\" target=\"_blank\" rel=\"noreferrer noopener\">festnatalaraxa.com.br<\/a>).<\/p>\n\n\n\n<p><strong>A quarta-feira no FestNatal<\/strong><\/p>\n\n\n\n<p><em>Oficina<\/em><\/p>\n\n\n\n<p>Muita gente participou nesta quarta-feira (14) da Oficina de Quadrinhos do FestNatal Arax\u00e1. A sala de aula do instrutor Ton Lima est\u00e1 montada \u00e0 direita de quem entra no evento. Por l\u00e1, Ton diverte pessoas de todas as gera\u00e7\u00f5es com a constru\u00e7\u00e3o de narrativas, cria\u00e7\u00e3o de personagens e enquadramento. A oficina \u00e9 uma oportunidade para desenhistas, escritores, educadores e apaixonados por quadrinhos. \u00c9 tudo de gra\u00e7a&#8230;<\/p>\n\n\n\n<p><strong>M\u00fasica<\/strong><\/p>\n\n\n\n<p>O FestNatal Arax\u00e1 teve uma quarta sertaneja no palco principal. Foram quatro apresenta\u00e7\u00f5es com alguns dos grandes representantes do g\u00eanero musical na cidade.<\/p>\n\n\n\n<p>Os El\u00f3is &#8211; Viola Caipira (Lei de Incentivo \u00e0 Cultura) abriram as apresenta\u00e7\u00f5es. \u201c\u00c9 um prazer estar aqui e trazer as m\u00fasicas de raiz para o festival. A m\u00fasica sertaneja tem muito a ver com a \u00e9poca e o som de uma violinha \u00e9 sempre muito bom\u201d, destaca Pedro Eloi.<\/p>\n\n\n\n<p>A noite teve ainda apresenta\u00e7\u00f5es de Haroldo Jr (Programa\u00e7\u00e3o Extra), Vitor e Versol (Programa\u00e7\u00e3o Extra) e Lipe &amp; Fernando (Programa\u00e7\u00e3o Extra).<\/p>\n\n\n\n<p><strong>Programa\u00e7\u00e3o<\/strong><\/p>\n\n\n\n<p><strong>15\/12 &#8211; QUINTA<\/strong><\/p>\n\n\n\n<p>9h \u2013 Papai Noel Itinerante<\/p>\n\n\n\n<p>19h \u2013 Papai Noel na Vila &#8211; Expominas<\/p>\n\n\n\n<p>20h &#8211; Conta\u00e7\u00e3o de hist\u00f3ria- O Ratinho e a Lua<\/p>\n\n\n\n<p>20h \u2013 Trio 3 de Ouro<\/p>\n\n\n\n<p>21h30 &#8211; Os Patto<\/p>\n\n\n\n<p>23h &#8211; Banda Lotus<\/p>\n\n\n\n<p><strong>16\/12 &#8211; SEXTA<\/strong><\/p>\n\n\n\n<p>9h \u2013 Papai Noel Itinerante<\/p>\n\n\n\n<p>19h \u2013 Papai Noel na Vila \u2013 Expominas<\/p>\n\n\n\n<p>20h \u2013 Oficina de Arte \u2013 Viv\u00eancia Arte Circense &#8211; Circolando<\/p>\n\n\n\n<p>20h &#8211; Orquestra de Sopro de Campos Altos<\/p>\n\n\n\n<p>21h30 \u2013 Diego Figueiredo<\/p>\n\n\n\n<p>22h \u2013 Ana Can\u00e3s \u2013 Tributo a Belchior<\/p>\n\n\n\n<p>23- Ney Concei\u00e7\u00e3o \u2013 Sambou-Sambou<\/p>\n\n\n\n<p><strong>17\/12 &#8211; S\u00c1BADO<\/strong><\/p>\n\n\n\n<p>9h \u2013 Papai Noel Itinerante<\/p>\n\n\n\n<p>18h30 \u2013 Oficina de Arte \u2013 Colorindo &#8211; Circolando<\/p>\n\n\n\n<p>19h \u2013 Papai Noel na Vila \u2013 Expominas<\/p>\n\n\n\n<p>20h \u2013 Interven\u00e7\u00e3o c\u00eanica \u2013 Circolando<\/p>\n\n\n\n<p>21h30 \u2013 Diego Figueiredo<\/p>\n\n\n\n<p>22h \u2013 Camile Bertaut<\/p>\n\n\n\n<p>23h \u2013 Latitude 19<\/p>\n\n\n\n<p><strong>FestNatal Arax\u00e1<\/strong><\/p>\n\n\n\n<p>O FestNatal Arax\u00e1 \u00e9 o maior festival natalino de Minas Gerais. Neste ano o evento ocorre entre os dias 9 e 23 de dezembro no Expominas Arax\u00e1 com entrada gratuita e atra\u00e7\u00f5es de m\u00fasica, teatro, dan\u00e7a e muito mais.<\/p>\n\n\n\n<p>O FestNatal Arax\u00e1 tem a apresenta\u00e7\u00e3o do Minist\u00e9rio do Turismo e da CBMM. \u00c9 realizado pela Lei Federal de Incentivo \u00e0 Cultura com o patroc\u00ednio Master da CBMM. Tem o patroc\u00ednio da Bem Brasil, Mart Minas, Zema, Codemge e Governo do Estado de Minas Gerais, com o apoio da ACIA Arax\u00e1, Click Telecom, Prefeitura Municipal de Arax\u00e1, Funda\u00e7\u00e3o Cultural Calmon Barreto e TV Integra\u00e7\u00e3o. Uma realiza\u00e7\u00e3o da Funda\u00e7\u00e3o Cultural Acia, Secretaria Especial da Cultura do Minist\u00e9rio do Turismo e Governo Federal.<\/p>\n\n\n\n<p><strong>Servi\u00e7o<\/strong><\/p>\n\n\n\n<p><strong><em>FestNatal Arax\u00e1<\/em><\/strong><\/p>\n\n\n\n<p><strong><em>Data<\/em><\/strong>: de 9 a 23\/12<\/p>\n\n\n\n<p><strong><em>Local<\/em><\/strong><strong>:<\/strong>&nbsp;Expominas Arax\u00e1<\/p>\n\n\n\n<p><strong><em>Entrada gratuita<\/em><\/strong><\/p>\n\n\n\n<p><strong><em>Outras informa\u00e7\u00f5es:<\/em><\/strong>&nbsp;@festnatalaraxa \/&nbsp;<a href=\"http:\/\/www.festnatalaraxa.com.br\/\" target=\"_blank\" rel=\"noreferrer noopener\">www.festnatalaraxa.com.br<\/a><\/p>\n\n\n\n<p><em>Transmiss\u00e3o ao vivo pelo YouTube, no canal FestNatal Arax\u00e1<\/em><\/p>\n","protected":false},"excerpt":{"rendered":"<p>Uma das novidades deste ano \u00e9 a visita guiada ao Expominas A estrutura do FestNatal Arax\u00e1 foi pensada para surpreender.<\/p>\n","protected":false},"author":2,"featured_media":3738,"comment_status":"open","ping_status":"open","sticky":false,"template":"","format":"standard","meta":{"footnotes":""},"categories":[9,5,11],"tags":[],"class_list":["post-3736","post","type-post","status-publish","format-standard","has-post-thumbnail","hentry","category-araxa","category-arte-e-cultura","category-destaques"],"_links":{"self":[{"href":"http:\/\/blogdoarmindomaia.com.br\/index.php?rest_route=\/wp\/v2\/posts\/3736","targetHints":{"allow":["GET"]}}],"collection":[{"href":"http:\/\/blogdoarmindomaia.com.br\/index.php?rest_route=\/wp\/v2\/posts"}],"about":[{"href":"http:\/\/blogdoarmindomaia.com.br\/index.php?rest_route=\/wp\/v2\/types\/post"}],"author":[{"embeddable":true,"href":"http:\/\/blogdoarmindomaia.com.br\/index.php?rest_route=\/wp\/v2\/users\/2"}],"replies":[{"embeddable":true,"href":"http:\/\/blogdoarmindomaia.com.br\/index.php?rest_route=%2Fwp%2Fv2%2Fcomments&post=3736"}],"version-history":[{"count":1,"href":"http:\/\/blogdoarmindomaia.com.br\/index.php?rest_route=\/wp\/v2\/posts\/3736\/revisions"}],"predecessor-version":[{"id":3739,"href":"http:\/\/blogdoarmindomaia.com.br\/index.php?rest_route=\/wp\/v2\/posts\/3736\/revisions\/3739"}],"wp:featuredmedia":[{"embeddable":true,"href":"http:\/\/blogdoarmindomaia.com.br\/index.php?rest_route=\/wp\/v2\/media\/3738"}],"wp:attachment":[{"href":"http:\/\/blogdoarmindomaia.com.br\/index.php?rest_route=%2Fwp%2Fv2%2Fmedia&parent=3736"}],"wp:term":[{"taxonomy":"category","embeddable":true,"href":"http:\/\/blogdoarmindomaia.com.br\/index.php?rest_route=%2Fwp%2Fv2%2Fcategories&post=3736"},{"taxonomy":"post_tag","embeddable":true,"href":"http:\/\/blogdoarmindomaia.com.br\/index.php?rest_route=%2Fwp%2Fv2%2Ftags&post=3736"}],"curies":[{"name":"wp","href":"https:\/\/api.w.org\/{rel}","templated":true}]}}