{"id":3766,"date":"2022-12-20T11:26:26","date_gmt":"2022-12-20T14:26:26","guid":{"rendered":"http:\/\/blogdoarmindomaia.com.br\/?p=3766"},"modified":"2022-12-20T11:26:28","modified_gmt":"2022-12-20T14:26:28","slug":"atelie-de-tecelagem-da-fccb-e-destaque-na-33a-feira-nacional-do-artesanato","status":"publish","type":"post","link":"http:\/\/blogdoarmindomaia.com.br\/?p=3766","title":{"rendered":"Ateli\u00ea de Tecelagem da FCCB \u00e9 destaque na 33\u00aa Feira Nacional do Artesanato"},"content":{"rendered":"\n<figure class=\"wp-block-image size-large is-style-default\"><img loading=\"lazy\" decoding=\"async\" width=\"1024\" height=\"682\" src=\"http:\/\/blogdoarmindomaia.com.br\/wp-content\/uploads\/2022\/12\/Atelie-3-1024x682.jpeg\" alt=\"\" class=\"wp-image-3767\" srcset=\"http:\/\/blogdoarmindomaia.com.br\/wp-content\/uploads\/2022\/12\/Atelie-3-1024x682.jpeg 1024w, http:\/\/blogdoarmindomaia.com.br\/wp-content\/uploads\/2022\/12\/Atelie-3-300x200.jpeg 300w, http:\/\/blogdoarmindomaia.com.br\/wp-content\/uploads\/2022\/12\/Atelie-3-768x511.jpeg 768w, http:\/\/blogdoarmindomaia.com.br\/wp-content\/uploads\/2022\/12\/Atelie-3.jpeg 1110w\" sizes=\"auto, (max-width: 1024px) 100vw, 1024px\" \/><\/figure>\n\n\n\n<figure class=\"wp-block-image size-large is-style-default\"><img loading=\"lazy\" decoding=\"async\" width=\"1024\" height=\"682\" src=\"http:\/\/blogdoarmindomaia.com.br\/wp-content\/uploads\/2022\/12\/Atelie-2-1024x682.jpeg\" alt=\"\" class=\"wp-image-3768\" srcset=\"http:\/\/blogdoarmindomaia.com.br\/wp-content\/uploads\/2022\/12\/Atelie-2-1024x682.jpeg 1024w, http:\/\/blogdoarmindomaia.com.br\/wp-content\/uploads\/2022\/12\/Atelie-2-300x200.jpeg 300w, http:\/\/blogdoarmindomaia.com.br\/wp-content\/uploads\/2022\/12\/Atelie-2-768x512.jpeg 768w, http:\/\/blogdoarmindomaia.com.br\/wp-content\/uploads\/2022\/12\/Atelie-2.jpeg 1082w\" sizes=\"auto, (max-width: 1024px) 100vw, 1024px\" \/><\/figure>\n\n\n\n<p>Uma oportunidade para que mais pessoas conhe\u00e7am o que de melhor \u00e9 produzido no artesanato de Arax\u00e1. O Ateli\u00ea Municipal de Tecelagem \u201cHermantina Drummond\u201d participou, entre os dias 6 e 11 de dezembro, da 33\u00aa Feira Nacional do Artesanato, realizada no Expominas, em Belo Horizonte.<br><br>Considerada uma das mais tradicionais feiras de artesanato da Am\u00e9rica Latina, o evento recebeu artes\u00e3os de todo pa\u00eds que levaram 359 produtos, dentre eles 130 foram de novos repassos \u2013 que s\u00e3o as formas de tecer, com estampas exclusivas nunca antes produzidas. A coordenadora do ateli\u00ea, Adelina Rezende de Menezes, destaca a experi\u00eancia de expor no evento nacional.<br><br>\u201cO nosso trabalho foi muito diferenciado. N\u00e3o houve algo igual em toda a exposi\u00e7\u00e3o. V\u00e1rias pessoas disseram estar encantadas com os nossos produtos e com a qualidade do acabamento. Das pe\u00e7as que levamos, quatro modelos s\u00e3o in\u00e9ditos, de repassos novos. Temos realizado um trabalho de pesquisa de repassos caracter\u00edsticos de tecel\u00e3s da nossa regi\u00e3o, e que ainda n\u00e3o est\u00e3o catalogados, como uma forma de valorizar a nossa forma de tecer\u201d, ressalta.<br><br>Para a presidente da Funda\u00e7\u00e3o Cultural Calmon Barreto (FCCB), Cynthia Ver\u00e7osa, a participa\u00e7\u00e3o na feira foi uma oportunidade para que mais pessoas conhe\u00e7am a tecelagem araxaense. &#8220;Eu vejo essa participa\u00e7\u00e3o na feira como um marco. \u00c9 um trabalho diferenciado e feito h\u00e1 mais de 30 anos pelas tecel\u00e3s. Atualmente, toda a produ\u00e7\u00e3o \u00e9 contextualizada e traz nos repassos a hist\u00f3ria de Arax\u00e1. Tivemos v\u00e1rios produtos vendidos, onde cada pessoa que os adquiriu levou um pouquinho da cidade para v\u00e1rios cantos do Brasil e do mundo\u201d, diz.<br><br><strong>O trabalho<\/strong><br><br>O projeto que norteia as atividades do Ateli\u00ea \u00e9 o \u2018Tramas do Tempo\u2019, que possui tr\u00eas desdobramentos. No \u2018Tramas do Tempo \u2013 Contando Hist\u00f3rias\u2019 s\u00e3o buscadas refer\u00eancias, por meio de pesquisas, sobre como tecer um material, qual \u00e9 a explica\u00e7\u00e3o para ele ser feito daquela forma, o significado de cada estampa bordada.<br><br>J\u00e1 o \u2018Tramas do Tempo \u2013 Tecendo Hist\u00f3rias\u2019 tira do papel toda a teoria pesquisada. As tecel\u00e3s colocam a m\u00e3o na massa para construir as pe\u00e7as com base nas refer\u00eancias. E por fim, h\u00e1 tamb\u00e9m o \u2018Tramas do Tempo \u2013 Reciclando Hist\u00f3rias\u2019, onde para compor as novas pe\u00e7as s\u00e3o utilizados tecidos t\u00eaxtis descartados, como vestimentas que n\u00e3o t\u00eam mais utilidade na sociedade.<br><br>O trabalho das tecel\u00e3s pode ser acompanhado de perto pela popula\u00e7\u00e3o no Museu Dona Beja (Pra\u00e7a Coronel Adolfo, 98, Centro), de ter\u00e7a a sexta-feira, das 8h \u00e0s 12h e das 14h \u00e0s 17h. Durante a visita, \u00e9 poss\u00edvel presenciar todo o processo, desde o desenrolar da linha do novelo ou do cone, passando pelo tear, at\u00e9 ao acabamento. As pe\u00e7as tamb\u00e9m podem ser adquiridas na loja do espa\u00e7o.<\/p>\n","protected":false},"excerpt":{"rendered":"<p>Uma oportunidade para que mais pessoas conhe\u00e7am o que de melhor \u00e9 produzido no artesanato de Arax\u00e1. O Ateli\u00ea Municipal<\/p>\n","protected":false},"author":2,"featured_media":3767,"comment_status":"open","ping_status":"open","sticky":false,"template":"","format":"standard","meta":{"footnotes":""},"categories":[9,5,11],"tags":[],"class_list":["post-3766","post","type-post","status-publish","format-standard","has-post-thumbnail","hentry","category-araxa","category-arte-e-cultura","category-destaques"],"_links":{"self":[{"href":"http:\/\/blogdoarmindomaia.com.br\/index.php?rest_route=\/wp\/v2\/posts\/3766","targetHints":{"allow":["GET"]}}],"collection":[{"href":"http:\/\/blogdoarmindomaia.com.br\/index.php?rest_route=\/wp\/v2\/posts"}],"about":[{"href":"http:\/\/blogdoarmindomaia.com.br\/index.php?rest_route=\/wp\/v2\/types\/post"}],"author":[{"embeddable":true,"href":"http:\/\/blogdoarmindomaia.com.br\/index.php?rest_route=\/wp\/v2\/users\/2"}],"replies":[{"embeddable":true,"href":"http:\/\/blogdoarmindomaia.com.br\/index.php?rest_route=%2Fwp%2Fv2%2Fcomments&post=3766"}],"version-history":[{"count":1,"href":"http:\/\/blogdoarmindomaia.com.br\/index.php?rest_route=\/wp\/v2\/posts\/3766\/revisions"}],"predecessor-version":[{"id":3769,"href":"http:\/\/blogdoarmindomaia.com.br\/index.php?rest_route=\/wp\/v2\/posts\/3766\/revisions\/3769"}],"wp:featuredmedia":[{"embeddable":true,"href":"http:\/\/blogdoarmindomaia.com.br\/index.php?rest_route=\/wp\/v2\/media\/3767"}],"wp:attachment":[{"href":"http:\/\/blogdoarmindomaia.com.br\/index.php?rest_route=%2Fwp%2Fv2%2Fmedia&parent=3766"}],"wp:term":[{"taxonomy":"category","embeddable":true,"href":"http:\/\/blogdoarmindomaia.com.br\/index.php?rest_route=%2Fwp%2Fv2%2Fcategories&post=3766"},{"taxonomy":"post_tag","embeddable":true,"href":"http:\/\/blogdoarmindomaia.com.br\/index.php?rest_route=%2Fwp%2Fv2%2Ftags&post=3766"}],"curies":[{"name":"wp","href":"https:\/\/api.w.org\/{rel}","templated":true}]}}