{"id":3770,"date":"2022-12-20T11:34:40","date_gmt":"2022-12-20T14:34:40","guid":{"rendered":"http:\/\/blogdoarmindomaia.com.br\/?p=3770"},"modified":"2022-12-20T11:34:43","modified_gmt":"2022-12-20T14:34:43","slug":"intervencao-garante-funcionamento-do-hospital-casa-do-caminho-2","status":"publish","type":"post","link":"http:\/\/blogdoarmindomaia.com.br\/?p=3770","title":{"rendered":"Interven\u00e7\u00e3o garante funcionamento do Hospital Casa do Caminho"},"content":{"rendered":"\n<p><\/p>\n\n\n\n<figure class=\"wp-block-image size-full is-style-default\"><img loading=\"lazy\" decoding=\"async\" width=\"1024\" height=\"683\" src=\"http:\/\/blogdoarmindomaia.com.br\/wp-content\/uploads\/2022\/12\/Intervencao-garante-funcionamento-do-Hospital-Casa-do-Caminho-pag-07.jpeg\" alt=\"\" class=\"wp-image-3771\" srcset=\"http:\/\/blogdoarmindomaia.com.br\/wp-content\/uploads\/2022\/12\/Intervencao-garante-funcionamento-do-Hospital-Casa-do-Caminho-pag-07.jpeg 1024w, http:\/\/blogdoarmindomaia.com.br\/wp-content\/uploads\/2022\/12\/Intervencao-garante-funcionamento-do-Hospital-Casa-do-Caminho-pag-07-300x200.jpeg 300w, http:\/\/blogdoarmindomaia.com.br\/wp-content\/uploads\/2022\/12\/Intervencao-garante-funcionamento-do-Hospital-Casa-do-Caminho-pag-07-768x512.jpeg 768w\" sizes=\"auto, (max-width: 1024px) 100vw, 1024px\" \/><\/figure>\n\n\n\n<p>O Minist\u00e9rio P\u00fablico de Minas Gerais (MPMG) e a Prefeitura de Arax\u00e1, representada pela Secretaria Municipal de Sa\u00fade e Procuradoria Geral do Munic\u00edpio, realizaram coletiva de imprensa para esclarecer sobre a situa\u00e7\u00e3o do Hospital Casa do Caminho na \u00faltima sexta-feira (16).<br><br>A Justi\u00e7a de Minas Gerais determinou a interven\u00e7\u00e3o da Associa\u00e7\u00e3o Obras Assistenciais Casa do Caminho, mantenedora do Hospital Casa do Caminho, e o afastamento imediato de toda sua diretoria nesta quinta-feira (15). A decis\u00e3o judicial tem como objetivo garantir o funcionamento dos servi\u00e7os p\u00fablicos de sa\u00fade prestados \u00e0 popula\u00e7\u00e3o.<br><br>Atualmente, o Hospital Casa do Caminho atende 50% dos atendimentos de leitos cl\u00ednicos no Munic\u00edpio, 30% de leitos de Unidade de terapia Intensiva (UTI), 40% de leitos cir\u00fargicos e 100% de leitos de longa perman\u00eancia da microrregi\u00e3o.<br><br>No in\u00edcio desta semana, a Associa\u00e7\u00e3o Obras Assistenciais Casa do Caminho emitiu comunicado informando o fechamento do hospital a partir de 30 de dezembro. A promotora de Justi\u00e7a, Mara L\u00facia Silva Dourado, explica que ind\u00edcios de irregularidades na presta\u00e7\u00e3o de contas da institui\u00e7\u00e3o e o risco de paralisa\u00e7\u00e3o das atividades do hospital motivaram a a\u00e7\u00e3o.<br><br>&#8220;Isso preocupou muito, uma vez que o fechamento do hospital causaria um preju\u00edzo imenso \u00e0 sa\u00fade n\u00e3o s\u00f3 de Arax\u00e1 como tamb\u00e9m das cidades da regi\u00e3o que dependem do servi\u00e7o, bem como tamb\u00e9m sobrecarregaria a rede de Sa\u00fade em Uberaba, que \u00e9 sede da microrregi\u00e3o&#8221;, destaca a promotora.<br><br>Visando garantir a assist\u00eancia em sa\u00fade, a Justi\u00e7a de Minas Gerais acatou a indica\u00e7\u00e3o do MPMG para que uma interventora, a servidora p\u00fablica de carreira, Carla Fernanda Ribeiro Borges, assuma a administra\u00e7\u00e3o da entidade e gest\u00e3o do Hospital Casa do Caminho. A interven\u00e7\u00e3o segue pelo prazo de seis meses, sendo prorrog\u00e1vel pelo mesmo per\u00edodo, at\u00e9 que solucione os problemas financeiros e administrativos da institui\u00e7\u00e3o.&nbsp;<br><br>A promotora tamb\u00e9m esclareceu a inviabilidade de municipalizar o hospital neste momento. &#8220;Isso demanda muito estudo, uma vez que a Administra\u00e7\u00e3o P\u00fablica tem v\u00e1rias regras para seguir antes de uma tratativa de tamanha complexidade. E n\u00e3o havia tempo para analisar toda essa complexidade at\u00e9 o dia 30 de dezembro, quando o hospital prometeu fechar as portas. Por isso a interventora foi nomeada para garantir a assist\u00eancia ao cidad\u00e3o&#8221;.<br><br>Conforme o procurador geral do Munic\u00edpio, Jonathan Renaud de Oliveira Ferreira, a interventora ter\u00e1 o papel de realizar um diagn\u00f3stico da atual situa\u00e7\u00e3o do Hospital Casa do Caminho, possibilitando ao Munic\u00edpio avaliar todas as possibilidades para que ele continue funcionando.&nbsp;<br><br>&#8220;O Munic\u00edpio sempre esteve \u00e0 disposi\u00e7\u00e3o para ajudar na manuten\u00e7\u00e3o das atividades e cooperando com o seu funcionamento. Hoje a principal preocupa\u00e7\u00e3o \u00e9 a apresenta\u00e7\u00e3o da presta\u00e7\u00e3o de contas que n\u00e3o foi feita para que seja realizado o repasse de recursos p\u00fablicos que garantem a manuten\u00e7\u00e3o do hospital&#8221;, explica o procurador.<br><br>A secret\u00e1ria Municipal de Sa\u00fade, Cristiane Gon\u00e7alves Pereira, diz que as solu\u00e7\u00f5es paliativas apresentadas s\u00e3o de grande import\u00e2ncia para a continuidade \u00e0 manuten\u00e7\u00e3o das atividades da entidade e, consequentemente, \u00e0 presta\u00e7\u00e3o de servi\u00e7os de sa\u00fade para a popula\u00e7\u00e3o de toda a microrregi\u00e3o.<br><br>A expectativa \u00e9 que seja apresentado um balan\u00e7o das a\u00e7\u00f5es promovidas pela Interven\u00e7\u00e3o dentro do prazo de 90 dias.<\/p>\n","protected":false},"excerpt":{"rendered":"<p>O Minist\u00e9rio P\u00fablico de Minas Gerais (MPMG) e a Prefeitura de Arax\u00e1, representada pela Secretaria Municipal de Sa\u00fade e Procuradoria<\/p>\n","protected":false},"author":2,"featured_media":3771,"comment_status":"open","ping_status":"open","sticky":false,"template":"","format":"standard","meta":{"footnotes":""},"categories":[9,11],"tags":[],"class_list":["post-3770","post","type-post","status-publish","format-standard","has-post-thumbnail","hentry","category-araxa","category-destaques"],"_links":{"self":[{"href":"http:\/\/blogdoarmindomaia.com.br\/index.php?rest_route=\/wp\/v2\/posts\/3770","targetHints":{"allow":["GET"]}}],"collection":[{"href":"http:\/\/blogdoarmindomaia.com.br\/index.php?rest_route=\/wp\/v2\/posts"}],"about":[{"href":"http:\/\/blogdoarmindomaia.com.br\/index.php?rest_route=\/wp\/v2\/types\/post"}],"author":[{"embeddable":true,"href":"http:\/\/blogdoarmindomaia.com.br\/index.php?rest_route=\/wp\/v2\/users\/2"}],"replies":[{"embeddable":true,"href":"http:\/\/blogdoarmindomaia.com.br\/index.php?rest_route=%2Fwp%2Fv2%2Fcomments&post=3770"}],"version-history":[{"count":1,"href":"http:\/\/blogdoarmindomaia.com.br\/index.php?rest_route=\/wp\/v2\/posts\/3770\/revisions"}],"predecessor-version":[{"id":3772,"href":"http:\/\/blogdoarmindomaia.com.br\/index.php?rest_route=\/wp\/v2\/posts\/3770\/revisions\/3772"}],"wp:featuredmedia":[{"embeddable":true,"href":"http:\/\/blogdoarmindomaia.com.br\/index.php?rest_route=\/wp\/v2\/media\/3771"}],"wp:attachment":[{"href":"http:\/\/blogdoarmindomaia.com.br\/index.php?rest_route=%2Fwp%2Fv2%2Fmedia&parent=3770"}],"wp:term":[{"taxonomy":"category","embeddable":true,"href":"http:\/\/blogdoarmindomaia.com.br\/index.php?rest_route=%2Fwp%2Fv2%2Fcategories&post=3770"},{"taxonomy":"post_tag","embeddable":true,"href":"http:\/\/blogdoarmindomaia.com.br\/index.php?rest_route=%2Fwp%2Fv2%2Ftags&post=3770"}],"curies":[{"name":"wp","href":"https:\/\/api.w.org\/{rel}","templated":true}]}}