{"id":3774,"date":"2022-12-20T14:32:08","date_gmt":"2022-12-20T17:32:08","guid":{"rendered":"http:\/\/blogdoarmindomaia.com.br\/?p=3774"},"modified":"2022-12-20T14:32:10","modified_gmt":"2022-12-20T17:32:10","slug":"descontao-de-natal-prazo-para-adesao-ao-programa-que-permite-pagamento-de-dividas-sem-multas-e-juros-termina-nesta-terca-20","status":"publish","type":"post","link":"http:\/\/blogdoarmindomaia.com.br\/?p=3774","title":{"rendered":"Descont\u00e3o de Natal: Prazo para ades\u00e3o ao programa que permite pagamento de d\u00edvidas sem multas e juros termina nesta ter\u00e7a (20)"},"content":{"rendered":"\n<p><\/p>\n\n\n\n<figure class=\"wp-block-image size-full is-style-default\"><img loading=\"lazy\" decoding=\"async\" width=\"800\" height=\"389\" src=\"http:\/\/blogdoarmindomaia.com.br\/wp-content\/uploads\/2022\/12\/Descontao-de-Natal.jpeg\" alt=\"\" class=\"wp-image-3775\" srcset=\"http:\/\/blogdoarmindomaia.com.br\/wp-content\/uploads\/2022\/12\/Descontao-de-Natal.jpeg 800w, http:\/\/blogdoarmindomaia.com.br\/wp-content\/uploads\/2022\/12\/Descontao-de-Natal-300x146.jpeg 300w, http:\/\/blogdoarmindomaia.com.br\/wp-content\/uploads\/2022\/12\/Descontao-de-Natal-768x373.jpeg 768w\" sizes=\"auto, (max-width: 800px) 100vw, 800px\" \/><\/figure>\n\n\n\n<p>O prazo para ades\u00e3o ao Programa Descont\u00e3o de Natal termina nesta ter\u00e7a-feira (20). O projeto permite o pagamento de d\u00edvidas sem multas e juros do Imposto Predial e Territorial Urbano (IPTU), o Imposto sobre o Servi\u00e7o Anual (ISS\/Anual) e as Taxas de Fiscaliza\u00e7\u00e3o e Funcionamento vencidos at\u00e9 31 de dezembro de 2021.<br><br>As d\u00edvidas podem ser quitadas \u00e0 vista, com desconto de 100% da multa e dos juros devidos, ou parceladas em at\u00e9 24 vezes com descontos progressivos ao n\u00famero de parcelas. Em at\u00e9 5 parcelas, desconto de 90%; em at\u00e9 10 parcelas, desconto de 80%; em at\u00e9 15 parcelas, desconto de 70%; em at\u00e9 20 parcelas, desconto de 60%; e em at\u00e9 24 parcelas, desconto de 50% da multa e juros.<br><br>O prazo de ades\u00e3o ao programa \u00e9 at\u00e9 esta ter\u00e7a-feira, 20 de dezembro, e a primeira parcela ou parcela \u00fanica ser\u00e1 quitada at\u00e9 dia 29 de dezembro.<br><br>Para ter acesso ao programa, o contribuinte dever\u00e1 procurar o Balc\u00e3o da Prefeitura, localizado na rua Presidente Oleg\u00e1rio Maciel, n\u00ba 306, e solicitar a ades\u00e3o ao Programa de Regulariza\u00e7\u00e3o Fiscal do Munic\u00edpio de Arax\u00e1.<\/p>\n","protected":false},"excerpt":{"rendered":"<p>O prazo para ades\u00e3o ao Programa Descont\u00e3o de Natal termina nesta ter\u00e7a-feira (20). O projeto permite o pagamento de d\u00edvidas<\/p>\n","protected":false},"author":2,"featured_media":3775,"comment_status":"open","ping_status":"open","sticky":false,"template":"","format":"standard","meta":{"footnotes":""},"categories":[9,11],"tags":[],"class_list":["post-3774","post","type-post","status-publish","format-standard","has-post-thumbnail","hentry","category-araxa","category-destaques"],"_links":{"self":[{"href":"http:\/\/blogdoarmindomaia.com.br\/index.php?rest_route=\/wp\/v2\/posts\/3774","targetHints":{"allow":["GET"]}}],"collection":[{"href":"http:\/\/blogdoarmindomaia.com.br\/index.php?rest_route=\/wp\/v2\/posts"}],"about":[{"href":"http:\/\/blogdoarmindomaia.com.br\/index.php?rest_route=\/wp\/v2\/types\/post"}],"author":[{"embeddable":true,"href":"http:\/\/blogdoarmindomaia.com.br\/index.php?rest_route=\/wp\/v2\/users\/2"}],"replies":[{"embeddable":true,"href":"http:\/\/blogdoarmindomaia.com.br\/index.php?rest_route=%2Fwp%2Fv2%2Fcomments&post=3774"}],"version-history":[{"count":1,"href":"http:\/\/blogdoarmindomaia.com.br\/index.php?rest_route=\/wp\/v2\/posts\/3774\/revisions"}],"predecessor-version":[{"id":3776,"href":"http:\/\/blogdoarmindomaia.com.br\/index.php?rest_route=\/wp\/v2\/posts\/3774\/revisions\/3776"}],"wp:featuredmedia":[{"embeddable":true,"href":"http:\/\/blogdoarmindomaia.com.br\/index.php?rest_route=\/wp\/v2\/media\/3775"}],"wp:attachment":[{"href":"http:\/\/blogdoarmindomaia.com.br\/index.php?rest_route=%2Fwp%2Fv2%2Fmedia&parent=3774"}],"wp:term":[{"taxonomy":"category","embeddable":true,"href":"http:\/\/blogdoarmindomaia.com.br\/index.php?rest_route=%2Fwp%2Fv2%2Fcategories&post=3774"},{"taxonomy":"post_tag","embeddable":true,"href":"http:\/\/blogdoarmindomaia.com.br\/index.php?rest_route=%2Fwp%2Fv2%2Ftags&post=3774"}],"curies":[{"name":"wp","href":"https:\/\/api.w.org\/{rel}","templated":true}]}}