{"id":3777,"date":"2022-12-20T14:37:52","date_gmt":"2022-12-20T17:37:52","guid":{"rendered":"http:\/\/blogdoarmindomaia.com.br\/?p=3777"},"modified":"2022-12-20T14:37:53","modified_gmt":"2022-12-20T17:37:53","slug":"cadastros-de-idosos-com-mais-de-60-anos-para-adquirir-o-passe-livre-estao-abertos","status":"publish","type":"post","link":"http:\/\/blogdoarmindomaia.com.br\/?p=3777","title":{"rendered":"Cadastros de idosos com mais de 60 anos para adquirir o passe livre est\u00e3o abertos\u00a0"},"content":{"rendered":"\n<figure class=\"wp-block-image size-full is-style-default\"><img loading=\"lazy\" decoding=\"async\" width=\"1024\" height=\"683\" src=\"http:\/\/blogdoarmindomaia.com.br\/wp-content\/uploads\/2022\/12\/Cadastros-de-idosos-com-mais-de-60-anos-para-adquirir-o-passe-livre-pag-08.jpeg\" alt=\"\" class=\"wp-image-3778\" srcset=\"http:\/\/blogdoarmindomaia.com.br\/wp-content\/uploads\/2022\/12\/Cadastros-de-idosos-com-mais-de-60-anos-para-adquirir-o-passe-livre-pag-08.jpeg 1024w, http:\/\/blogdoarmindomaia.com.br\/wp-content\/uploads\/2022\/12\/Cadastros-de-idosos-com-mais-de-60-anos-para-adquirir-o-passe-livre-pag-08-300x200.jpeg 300w, http:\/\/blogdoarmindomaia.com.br\/wp-content\/uploads\/2022\/12\/Cadastros-de-idosos-com-mais-de-60-anos-para-adquirir-o-passe-livre-pag-08-768x512.jpeg 768w\" sizes=\"auto, (max-width: 1024px) 100vw, 1024px\" \/><\/figure>\n\n\n\n<p>A gratuidade da tarifa do transporte p\u00fablico coletivo urbano para idosos a partir de 60 anos j\u00e1 come\u00e7ou em Arax\u00e1. Para usufruir do benef\u00edcio, as pessoas devem procurar os pontos de apoio estruturados pela empresa Vera Cruz para realizar o seu cadastro. O benef\u00edcio faz parte do Programa \u201cEu Vou\u201d, uma pol\u00edtica p\u00fablica de mobilidade urbana implantada pela Prefeitura de Arax\u00e1 no in\u00edcio de dezembro.<br><br>O programa evitou o aumento da passagem de \u00f4nibus urbano e reduziu em 25% o valor, passando de R$ 4,00 (Quatro Reais) para R$ 3,00 (Tr\u00eas Reais) desde o dia 7 de dezembro.<br><br>A nova legisla\u00e7\u00e3o amplia ainda o acesso de idosos \u00e0 gratuidade no transporte p\u00fablico, que passa a ser a partir de 60 anos completos (antes era a partir de 65 anos).<br><br>Outra grande novidade \u00e9 que, a partir de janeiro de 2023, todos os estudantes ter\u00e3o direito \u00e0 gratuidade do transporte p\u00fablico urbano, ou seja, tarifa zero. Pessoas com defici\u00eancia e seus acompanhantes permanecem com o direito \u00e0 gratuidade.<br><br><strong>Pontos de Apoio<\/strong><br><br>\u2022 Empresa Vera Cruz<br>\u2022 Base Comunit\u00e1ria do bairro Urciano Lemos<br>\u2022 Nova Sede do Procon<br>\u2022 N\u00facleo de Conviv\u00eancia do bairro Boa Vista<br>\u2022 Pra\u00e7a da Fam\u00edlia<br>\u2022 Escola Estadual&nbsp;Professor Luiz Ant\u00f4nio Corr\u00eaa Oliveira &#8211; Polivalente<br><\/p>\n","protected":false},"excerpt":{"rendered":"<p>A gratuidade da tarifa do transporte p\u00fablico coletivo urbano para idosos a partir de 60 anos j\u00e1 come\u00e7ou em Arax\u00e1.<\/p>\n","protected":false},"author":2,"featured_media":3778,"comment_status":"open","ping_status":"open","sticky":false,"template":"","format":"standard","meta":{"footnotes":""},"categories":[9,11],"tags":[],"class_list":["post-3777","post","type-post","status-publish","format-standard","has-post-thumbnail","hentry","category-araxa","category-destaques"],"_links":{"self":[{"href":"http:\/\/blogdoarmindomaia.com.br\/index.php?rest_route=\/wp\/v2\/posts\/3777","targetHints":{"allow":["GET"]}}],"collection":[{"href":"http:\/\/blogdoarmindomaia.com.br\/index.php?rest_route=\/wp\/v2\/posts"}],"about":[{"href":"http:\/\/blogdoarmindomaia.com.br\/index.php?rest_route=\/wp\/v2\/types\/post"}],"author":[{"embeddable":true,"href":"http:\/\/blogdoarmindomaia.com.br\/index.php?rest_route=\/wp\/v2\/users\/2"}],"replies":[{"embeddable":true,"href":"http:\/\/blogdoarmindomaia.com.br\/index.php?rest_route=%2Fwp%2Fv2%2Fcomments&post=3777"}],"version-history":[{"count":1,"href":"http:\/\/blogdoarmindomaia.com.br\/index.php?rest_route=\/wp\/v2\/posts\/3777\/revisions"}],"predecessor-version":[{"id":3779,"href":"http:\/\/blogdoarmindomaia.com.br\/index.php?rest_route=\/wp\/v2\/posts\/3777\/revisions\/3779"}],"wp:featuredmedia":[{"embeddable":true,"href":"http:\/\/blogdoarmindomaia.com.br\/index.php?rest_route=\/wp\/v2\/media\/3778"}],"wp:attachment":[{"href":"http:\/\/blogdoarmindomaia.com.br\/index.php?rest_route=%2Fwp%2Fv2%2Fmedia&parent=3777"}],"wp:term":[{"taxonomy":"category","embeddable":true,"href":"http:\/\/blogdoarmindomaia.com.br\/index.php?rest_route=%2Fwp%2Fv2%2Fcategories&post=3777"},{"taxonomy":"post_tag","embeddable":true,"href":"http:\/\/blogdoarmindomaia.com.br\/index.php?rest_route=%2Fwp%2Fv2%2Ftags&post=3777"}],"curies":[{"name":"wp","href":"https:\/\/api.w.org\/{rel}","templated":true}]}}