{"id":378,"date":"2022-04-19T19:44:25","date_gmt":"2022-04-19T22:44:25","guid":{"rendered":"http:\/\/blogdoarmindomaia.com.br\/?p=378"},"modified":"2022-04-19T19:44:28","modified_gmt":"2022-04-19T22:44:28","slug":"comecou-a-reforma-da-igreja-matriz-de-araxa","status":"publish","type":"post","link":"http:\/\/blogdoarmindomaia.com.br\/?p=378","title":{"rendered":"Come\u00e7ou a reforma da Igreja Matriz de Arax\u00e1"},"content":{"rendered":"\n<figure class=\"wp-block-image size-large is-style-default\"><img loading=\"lazy\" decoding=\"async\" width=\"820\" height=\"1024\" src=\"http:\/\/blogdoarmindomaia.com.br\/wp-content\/uploads\/2022\/04\/Comecou-a-reforma-da-igreja-Matriz-de-Araxa-pag-07-820x1024.jpg\" alt=\"\" class=\"wp-image-379\" srcset=\"http:\/\/blogdoarmindomaia.com.br\/wp-content\/uploads\/2022\/04\/Comecou-a-reforma-da-igreja-Matriz-de-Araxa-pag-07-820x1024.jpg 820w, http:\/\/blogdoarmindomaia.com.br\/wp-content\/uploads\/2022\/04\/Comecou-a-reforma-da-igreja-Matriz-de-Araxa-pag-07-240x300.jpg 240w, http:\/\/blogdoarmindomaia.com.br\/wp-content\/uploads\/2022\/04\/Comecou-a-reforma-da-igreja-Matriz-de-Araxa-pag-07-768x959.jpg 768w, http:\/\/blogdoarmindomaia.com.br\/wp-content\/uploads\/2022\/04\/Comecou-a-reforma-da-igreja-Matriz-de-Araxa-pag-07.jpg 900w\" sizes=\"auto, (max-width: 820px) 100vw, 820px\" \/><\/figure>\n\n\n\n<p>Teve inicio na \u00faltima segunda-feira, dia 18 de abril, a obra de reforma da Igreja Matriz de S\u00e3o Domingos de Gusm\u00e3o de Arax\u00e1. Com a previs\u00e3o de conclus\u00e3o dos servi\u00e7os, para o m\u00eas de dezembro deste ano, a partir de agora as celebra\u00e7\u00f5es religiosas v\u00e3o acontecer no&nbsp; audit\u00f3rio do Col\u00e9gio Dom Bosco. Segundo o Padre Jonatahn Costa, que \u00e9 o p\u00e1roco da Matriz de Arax\u00e1, \u201cteve altera\u00e7\u00e3o nos hor\u00e1rios das missas. Foram suspensas as celebra\u00e7\u00f5es das sete horas da manh\u00e3 de segunda a s\u00e1bado, porque neste hor\u00e1rio os alunos do Col\u00e9gio Dom Bosco est\u00e3o em sala de aula. No entanto elas permanecem sendo realizadas nas manh\u00e3s de domingo. E de segunda a domingo, as missas continuam sempre \u00e0s 19h, no Col\u00e9gio Dom Bosco\u201d.&nbsp;&nbsp; &nbsp;<\/p>\n\n\n\n<p>De acordo com as informa\u00e7\u00f5es apuradas pelo Jornal Intera\u00e7\u00e3o, o projeto de reforma e revitaliza\u00e7\u00e3o do templo religioso, \u00e9 da Funda\u00e7\u00e3o Cultural Acia, que tem um investimento de&nbsp; R$ 2.389, 109,19 \u2013 dinheiro captado de forma parcial de recursos suficientes para a execu\u00e7\u00e3o, atrav\u00e9s da CBMM.&nbsp;<\/p>\n","protected":false},"excerpt":{"rendered":"<p>Teve inicio na \u00faltima segunda-feira, dia 18 de abril, a obra de reforma da Igreja Matriz de S\u00e3o Domingos de<\/p>\n","protected":false},"author":2,"featured_media":379,"comment_status":"open","ping_status":"open","sticky":false,"template":"","format":"standard","meta":{"footnotes":""},"categories":[27],"tags":[],"class_list":["post-378","post","type-post","status-publish","format-standard","has-post-thumbnail","hentry","category-religiao"],"_links":{"self":[{"href":"http:\/\/blogdoarmindomaia.com.br\/index.php?rest_route=\/wp\/v2\/posts\/378","targetHints":{"allow":["GET"]}}],"collection":[{"href":"http:\/\/blogdoarmindomaia.com.br\/index.php?rest_route=\/wp\/v2\/posts"}],"about":[{"href":"http:\/\/blogdoarmindomaia.com.br\/index.php?rest_route=\/wp\/v2\/types\/post"}],"author":[{"embeddable":true,"href":"http:\/\/blogdoarmindomaia.com.br\/index.php?rest_route=\/wp\/v2\/users\/2"}],"replies":[{"embeddable":true,"href":"http:\/\/blogdoarmindomaia.com.br\/index.php?rest_route=%2Fwp%2Fv2%2Fcomments&post=378"}],"version-history":[{"count":1,"href":"http:\/\/blogdoarmindomaia.com.br\/index.php?rest_route=\/wp\/v2\/posts\/378\/revisions"}],"predecessor-version":[{"id":380,"href":"http:\/\/blogdoarmindomaia.com.br\/index.php?rest_route=\/wp\/v2\/posts\/378\/revisions\/380"}],"wp:featuredmedia":[{"embeddable":true,"href":"http:\/\/blogdoarmindomaia.com.br\/index.php?rest_route=\/wp\/v2\/media\/379"}],"wp:attachment":[{"href":"http:\/\/blogdoarmindomaia.com.br\/index.php?rest_route=%2Fwp%2Fv2%2Fmedia&parent=378"}],"wp:term":[{"taxonomy":"category","embeddable":true,"href":"http:\/\/blogdoarmindomaia.com.br\/index.php?rest_route=%2Fwp%2Fv2%2Fcategories&post=378"},{"taxonomy":"post_tag","embeddable":true,"href":"http:\/\/blogdoarmindomaia.com.br\/index.php?rest_route=%2Fwp%2Fv2%2Ftags&post=378"}],"curies":[{"name":"wp","href":"https:\/\/api.w.org\/{rel}","templated":true}]}}