{"id":3784,"date":"2022-12-20T14:53:34","date_gmt":"2022-12-20T17:53:34","guid":{"rendered":"http:\/\/blogdoarmindomaia.com.br\/?p=3784"},"modified":"2022-12-20T14:53:36","modified_gmt":"2022-12-20T17:53:36","slug":"casa-do-pequeno-jardineiro-forma-150-adolescentes-em-2022","status":"publish","type":"post","link":"http:\/\/blogdoarmindomaia.com.br\/?p=3784","title":{"rendered":"Casa do Pequeno Jardineiro forma 150 adolescentes em 2022"},"content":{"rendered":"\n<figure class=\"wp-block-image size-large is-style-default\"><img loading=\"lazy\" decoding=\"async\" width=\"1024\" height=\"768\" src=\"http:\/\/blogdoarmindomaia.com.br\/wp-content\/uploads\/2022\/12\/Pequeno-Jardineiro-9-1024x768.jpeg\" alt=\"\" class=\"wp-image-3785\" srcset=\"http:\/\/blogdoarmindomaia.com.br\/wp-content\/uploads\/2022\/12\/Pequeno-Jardineiro-9-1024x768.jpeg 1024w, http:\/\/blogdoarmindomaia.com.br\/wp-content\/uploads\/2022\/12\/Pequeno-Jardineiro-9-300x225.jpeg 300w, http:\/\/blogdoarmindomaia.com.br\/wp-content\/uploads\/2022\/12\/Pequeno-Jardineiro-9-768x576.jpeg 768w, http:\/\/blogdoarmindomaia.com.br\/wp-content\/uploads\/2022\/12\/Pequeno-Jardineiro-9.jpeg 1280w\" sizes=\"auto, (max-width: 1024px) 100vw, 1024px\" \/><\/figure>\n\n\n\n<p>A Prefeitura de Arax\u00e1 promoveu a formatura de adolescentes atendidos pelo projeto Casa do Pequeno Jardineiro. A entrega dos certificados aconteceu nas noites da \u00faltima quarta (14) e quinta-feira (15), na sede do projeto. Estiveram presentes o secret\u00e1rio municipal de A\u00e7\u00e3o Social, Wagner Cruz, o presidente da C\u00e2mara Municipal, vereador Raphael Rios, e a gestora do programa no Conselho Municipal da Crian\u00e7a e do Adolescente, Leany Tupinamb\u00e1.<br><br>A Casa do Pequeno Jardineiro \u00e9 voltada a adolescentes de 14 a 17 anos em vulnerabilidade social. Este ano, o projeto contemplou, ao todo, 150 jovens que aprenderam n\u00e3o s\u00f3 pr\u00e1ticas e valores de consci\u00eancia ambiental, como conceitos de cidadania, direitos da crian\u00e7a e adolescente, educa\u00e7\u00e3o financeira, al\u00e9m de postura no mercado de trabalho. Eles tamb\u00e9m receberam aux\u00edlio financeiro.<br><br>A formatura da turma de 2022 teve um aumento significativo em rela\u00e7\u00e3o ao ano anterior, quando o projeto formou 85 alunos. O secret\u00e1rio Wagner Cruz fala sobre o carinho especial que a administra\u00e7\u00e3o tem pelos adolescentes do projeto. \u201c\u00c9 com imensa alegria que foi realizada a entrega dos certificados \u00e0 turma deste ano. Todos est\u00e3o de parab\u00e9ns pelo imenso esfor\u00e7o que tiveram durante o curso. O interesse e dedica\u00e7\u00e3o de cada um \u00e9 admir\u00e1vel e, com certeza, se tornaram um grande exemplo para todos.\u201d<br><br>O prefeito Robson Magela destaca a transforma\u00e7\u00e3o social que a Casa do Pequeno Jardineiro proporciona aos diversos alunos que participaram do projeto. \u201cProjetos sociais como esse contribuem n\u00e3o somente com a forma\u00e7\u00e3o profissional, mas, principalmente, com a forma\u00e7\u00e3o cidad\u00e3. \u00c9 um projeto fant\u00e1stico, que vem sendo copiado por v\u00e1rios munic\u00edpios&#8221;, conclui o prefeito.<\/p>\n","protected":false},"excerpt":{"rendered":"<p>A Prefeitura de Arax\u00e1 promoveu a formatura de adolescentes atendidos pelo projeto Casa do Pequeno Jardineiro. A entrega dos certificados<\/p>\n","protected":false},"author":2,"featured_media":3785,"comment_status":"open","ping_status":"open","sticky":false,"template":"","format":"standard","meta":{"footnotes":""},"categories":[9,13],"tags":[],"class_list":["post-3784","post","type-post","status-publish","format-standard","has-post-thumbnail","hentry","category-araxa","category-educacao"],"_links":{"self":[{"href":"http:\/\/blogdoarmindomaia.com.br\/index.php?rest_route=\/wp\/v2\/posts\/3784","targetHints":{"allow":["GET"]}}],"collection":[{"href":"http:\/\/blogdoarmindomaia.com.br\/index.php?rest_route=\/wp\/v2\/posts"}],"about":[{"href":"http:\/\/blogdoarmindomaia.com.br\/index.php?rest_route=\/wp\/v2\/types\/post"}],"author":[{"embeddable":true,"href":"http:\/\/blogdoarmindomaia.com.br\/index.php?rest_route=\/wp\/v2\/users\/2"}],"replies":[{"embeddable":true,"href":"http:\/\/blogdoarmindomaia.com.br\/index.php?rest_route=%2Fwp%2Fv2%2Fcomments&post=3784"}],"version-history":[{"count":1,"href":"http:\/\/blogdoarmindomaia.com.br\/index.php?rest_route=\/wp\/v2\/posts\/3784\/revisions"}],"predecessor-version":[{"id":3786,"href":"http:\/\/blogdoarmindomaia.com.br\/index.php?rest_route=\/wp\/v2\/posts\/3784\/revisions\/3786"}],"wp:featuredmedia":[{"embeddable":true,"href":"http:\/\/blogdoarmindomaia.com.br\/index.php?rest_route=\/wp\/v2\/media\/3785"}],"wp:attachment":[{"href":"http:\/\/blogdoarmindomaia.com.br\/index.php?rest_route=%2Fwp%2Fv2%2Fmedia&parent=3784"}],"wp:term":[{"taxonomy":"category","embeddable":true,"href":"http:\/\/blogdoarmindomaia.com.br\/index.php?rest_route=%2Fwp%2Fv2%2Fcategories&post=3784"},{"taxonomy":"post_tag","embeddable":true,"href":"http:\/\/blogdoarmindomaia.com.br\/index.php?rest_route=%2Fwp%2Fv2%2Ftags&post=3784"}],"curies":[{"name":"wp","href":"https:\/\/api.w.org\/{rel}","templated":true}]}}