{"id":3794,"date":"2022-12-21T11:18:45","date_gmt":"2022-12-21T14:18:45","guid":{"rendered":"http:\/\/blogdoarmindomaia.com.br\/?p=3794"},"modified":"2022-12-21T11:18:47","modified_gmt":"2022-12-21T14:18:47","slug":"vacinacao-contra-febre-aftosa-segue-ate-30-12-em-minas","status":"publish","type":"post","link":"http:\/\/blogdoarmindomaia.com.br\/?p=3794","title":{"rendered":"<strong>Vacina\u00e7\u00e3o contra febre aftosa segue at\u00e9 30\/12 em Minas<\/strong>"},"content":{"rendered":"\n<figure class=\"wp-block-image size-full is-style-default\"><img loading=\"lazy\" decoding=\"async\" width=\"800\" height=\"533\" src=\"http:\/\/blogdoarmindomaia.com.br\/wp-content\/uploads\/2022\/12\/Vacinacao-contra-febre-aftosa-segue-ate-3012-em-Minas-pag-03.jpg\" alt=\"\" class=\"wp-image-3795\" srcset=\"http:\/\/blogdoarmindomaia.com.br\/wp-content\/uploads\/2022\/12\/Vacinacao-contra-febre-aftosa-segue-ate-3012-em-Minas-pag-03.jpg 800w, http:\/\/blogdoarmindomaia.com.br\/wp-content\/uploads\/2022\/12\/Vacinacao-contra-febre-aftosa-segue-ate-3012-em-Minas-pag-03-300x200.jpg 300w, http:\/\/blogdoarmindomaia.com.br\/wp-content\/uploads\/2022\/12\/Vacinacao-contra-febre-aftosa-segue-ate-3012-em-Minas-pag-03-768x512.jpg 768w\" sizes=\"auto, (max-width: 800px) 100vw, 800px\" \/><\/figure>\n\n\n\n<p>O\u00a0<a rel=\"noreferrer noopener\" href=\"http:\/\/ima.mg.gov.br\/\" target=\"_blank\">Instituto Mineiro de Agropecu\u00e1ria (IMA)<\/a>, autarquia vinculada \u00e0\u00a0<a rel=\"noreferrer noopener\" href=\"http:\/\/www.agricultura.mg.gov.br\/\" target=\"_blank\">Secretaria de Agricultura, Pecu\u00e1ria e Abastecimento (Seapa)<\/a>, com o aval do Minist\u00e9rio da Agricultura, Pecu\u00e1ria e Abastecimento (Mapa), prorrogou a segunda etapa de vacina\u00e7\u00e3o contra a febre aftosa em Minas Gerais.<br><br>O novo prazo foi motivado pelo atraso na libera\u00e7\u00e3o, distribui\u00e7\u00e3o e oferta de doses dos imunizantes no mercado. Agora, o produtor rural pode adquirir a vacina e imunizar seu rebanho at\u00e9 30\/12. Nova data-limite para declarar a vacina\u00e7\u00e3o \u00e9 9\/1\/2023.<br><br>A decis\u00e3o do Mapa foi comunicada \u00e0s Superintend\u00eancias Federais da Agricultura (SFAs) e \u00e0s Comiss\u00f5es de Coordena\u00e7\u00e3o dos Grupos Gestores nos Estados, por meio do Departamento de Sa\u00fade Animal da Secretaria de Defesa Agropecu\u00e1ria do Mapa (Parecer n\u00ba26\/2022). A autoriza\u00e7\u00e3o para prorrogar a campanha no Estado foi publicada pela Portaria IMA n\u00ba 2195\/2022.<br><br>Segundo o diretor t\u00e9cnico do IMA, Guilherme Costa Negro Dias, mais de 22,2 milh\u00f5es de cabe\u00e7as j\u00e1 foram imunizadas em Minas Gerais, o que corresponde a 88,6%, \u00edndice de cobertura vacinal alcan\u00e7ado nesta segunda-feira (19\/12).<br><br>\u201cPor\u00e9m, como nosso horizonte \u00e9 de 25 milh\u00f5es de bovinos e bubalinos, estamos percebendo uma dificuldade na distribui\u00e7\u00e3o e aquisi\u00e7\u00e3o de vacinas em algumas regi\u00f5es do estado. Nossa meta \u00e9 alcan\u00e7ar 95% de cobertura e, para que todos os produtores rurais tenham a oportunidade de adquirir a vacina, o IMA e a Faemg (Federa\u00e7\u00e3o da Agricultura e Pecu\u00e1ria do Estado de Minas Gerais) solicitaram ao Mapa a prorroga\u00e7\u00e3o da etapa at\u00e9 o dia 30\/12. A prorroga\u00e7\u00e3o foi aceita pelo Mapa e, dessa forma, esperamos que o imunizante chegue nas regi\u00f5es que est\u00e3o em falta para que todos consigam realizar esta importante etapa de imuniza\u00e7\u00e3o contra a doen\u00e7a\u201d, acredita.<br><br><\/p>\n","protected":false},"excerpt":{"rendered":"<p>O\u00a0Instituto Mineiro de Agropecu\u00e1ria (IMA), autarquia vinculada \u00e0\u00a0Secretaria de Agricultura, Pecu\u00e1ria e Abastecimento (Seapa), com o aval do Minist\u00e9rio da<\/p>\n","protected":false},"author":2,"featured_media":3795,"comment_status":"open","ping_status":"open","sticky":false,"template":"","format":"standard","meta":{"footnotes":""},"categories":[9,29],"tags":[],"class_list":["post-3794","post","type-post","status-publish","format-standard","has-post-thumbnail","hentry","category-araxa","category-saude"],"_links":{"self":[{"href":"http:\/\/blogdoarmindomaia.com.br\/index.php?rest_route=\/wp\/v2\/posts\/3794","targetHints":{"allow":["GET"]}}],"collection":[{"href":"http:\/\/blogdoarmindomaia.com.br\/index.php?rest_route=\/wp\/v2\/posts"}],"about":[{"href":"http:\/\/blogdoarmindomaia.com.br\/index.php?rest_route=\/wp\/v2\/types\/post"}],"author":[{"embeddable":true,"href":"http:\/\/blogdoarmindomaia.com.br\/index.php?rest_route=\/wp\/v2\/users\/2"}],"replies":[{"embeddable":true,"href":"http:\/\/blogdoarmindomaia.com.br\/index.php?rest_route=%2Fwp%2Fv2%2Fcomments&post=3794"}],"version-history":[{"count":1,"href":"http:\/\/blogdoarmindomaia.com.br\/index.php?rest_route=\/wp\/v2\/posts\/3794\/revisions"}],"predecessor-version":[{"id":3796,"href":"http:\/\/blogdoarmindomaia.com.br\/index.php?rest_route=\/wp\/v2\/posts\/3794\/revisions\/3796"}],"wp:featuredmedia":[{"embeddable":true,"href":"http:\/\/blogdoarmindomaia.com.br\/index.php?rest_route=\/wp\/v2\/media\/3795"}],"wp:attachment":[{"href":"http:\/\/blogdoarmindomaia.com.br\/index.php?rest_route=%2Fwp%2Fv2%2Fmedia&parent=3794"}],"wp:term":[{"taxonomy":"category","embeddable":true,"href":"http:\/\/blogdoarmindomaia.com.br\/index.php?rest_route=%2Fwp%2Fv2%2Fcategories&post=3794"},{"taxonomy":"post_tag","embeddable":true,"href":"http:\/\/blogdoarmindomaia.com.br\/index.php?rest_route=%2Fwp%2Fv2%2Ftags&post=3794"}],"curies":[{"name":"wp","href":"https:\/\/api.w.org\/{rel}","templated":true}]}}