{"id":3801,"date":"2022-12-22T14:14:54","date_gmt":"2022-12-22T17:14:54","guid":{"rendered":"http:\/\/blogdoarmindomaia.com.br\/?p=3801"},"modified":"2022-12-22T14:14:56","modified_gmt":"2022-12-22T17:14:56","slug":"prefeitura-de-araxa-firma-convenio-com-a-associacao-de-apoio-a-pais-de-autistas-de-araxa","status":"publish","type":"post","link":"http:\/\/blogdoarmindomaia.com.br\/?p=3801","title":{"rendered":"Prefeitura de Arax\u00e1 firma conv\u00eanio com a Associa\u00e7\u00e3o de Apoio a Pais de Autistas de Arax\u00e1"},"content":{"rendered":"\n<figure class=\"wp-block-image size-full is-style-default\"><img loading=\"lazy\" decoding=\"async\" width=\"1024\" height=\"683\" src=\"http:\/\/blogdoarmindomaia.com.br\/wp-content\/uploads\/2022\/12\/Termo-de-Fomento.jpeg\" alt=\"\" class=\"wp-image-3802\" srcset=\"http:\/\/blogdoarmindomaia.com.br\/wp-content\/uploads\/2022\/12\/Termo-de-Fomento.jpeg 1024w, http:\/\/blogdoarmindomaia.com.br\/wp-content\/uploads\/2022\/12\/Termo-de-Fomento-300x200.jpeg 300w, http:\/\/blogdoarmindomaia.com.br\/wp-content\/uploads\/2022\/12\/Termo-de-Fomento-768x512.jpeg 768w\" sizes=\"auto, (max-width: 1024px) 100vw, 1024px\" \/><\/figure>\n\n\n\n<p>A Prefeitura de Arax\u00e1 firmou conv\u00eanio no valor de R$ 120.000,00 com a Associa\u00e7\u00e3o de Apoio a Pais de Autistas de Arax\u00e1 (A&amp;+). O termo foi assinado pelo prefeito Robson Magela na manh\u00e3 desta quarta-feira (21) e ser\u00e1 pago em parcela \u00fanica por meio de recurso pr\u00f3prio.<br><br>Participaram do ato de assinatura o presidente da C\u00e2mara Municipal, vereador Raphael Rios, autor da indica\u00e7\u00e3o do conv\u00eanio; a presidente da entidade, Susana Cardoso, e as diretoras Ana Cl\u00e1udia de Paiva, Paloma Resende e Jane Pereira.<br><br>A entidade sem fins lucrativos existe desde 2014 e oferece apoio aos pais de autistas atrav\u00e9s de grupos de encontro, que se re\u00fanem periodicamente para trocar experi\u00eancias. De acordo com Susana, a verba ser\u00e1 utilizada para a aquisi\u00e7\u00e3o de uma sede e o in\u00edcio de seu funcionamento.<br><br>\u201cO sentimento de hoje \u00e9 de conquista, \u00e9 uma grande alegria para n\u00f3s participar deste ato, pois esta luta \u00e9 antiga. Estamos buscando uma sede para acolher as fam\u00edlias de autistas que passam por tantas dificuldades e n\u00e3o possuem o apoio necess\u00e1rio. Queremos que Arax\u00e1 se torne refer\u00eancia no tratamento e acolhimento do autista, e nunca vimos tanta preocupa\u00e7\u00e3o com o social como nesta gest\u00e3o. Agradecemos imensamente o apoio da Prefeitura de Arax\u00e1 e do Poder Legislativo, que \u00e9 um ponta p\u00e9 inicial importante para a concretiza\u00e7\u00e3o deste projeto\u201d, destaca Susana.<br><br>Segundo o vereador Raphael Rios, esse projeto faz a diferen\u00e7a na vida de autistas e de suas fam\u00edlias. \u201cPais e m\u00e3es que se dedicam muito agora ter\u00e3o um atendimento especializado e o suporte que sempre esperaram. \u00c9 sobre cuidar de quem cuida. O trabalho realizado pela associa\u00e7\u00e3o \u00e9 fant\u00e1stico e n\u00f3s ficamos muito felizes em poder contribuir com essa causa t\u00e3o s\u00e9ria e importante para os araxaenses\u201d, ressalta.<br><br>O prefeito Robson Magela destaca o trabalho s\u00e9rio e cuidadoso do Terceiro Setor a uma causa t\u00e3o importante como a do autismo. \u201cEsse recurso foi assinado com muito orgulho e satisfa\u00e7\u00e3o, pois sei que \u00e9 destinado a uma causa nobre. As entidades assistenciais e educacionais poder\u00e3o sempre contar com o apoio da Administra\u00e7\u00e3o P\u00fablica\u201d, refor\u00e7a o prefeito.<\/p>\n","protected":false},"excerpt":{"rendered":"<p>A Prefeitura de Arax\u00e1 firmou conv\u00eanio no valor de R$ 120.000,00 com a Associa\u00e7\u00e3o de Apoio a Pais de Autistas<\/p>\n","protected":false},"author":2,"featured_media":3802,"comment_status":"open","ping_status":"open","sticky":false,"template":"","format":"standard","meta":{"footnotes":""},"categories":[9,29],"tags":[],"class_list":["post-3801","post","type-post","status-publish","format-standard","has-post-thumbnail","hentry","category-araxa","category-saude"],"_links":{"self":[{"href":"http:\/\/blogdoarmindomaia.com.br\/index.php?rest_route=\/wp\/v2\/posts\/3801","targetHints":{"allow":["GET"]}}],"collection":[{"href":"http:\/\/blogdoarmindomaia.com.br\/index.php?rest_route=\/wp\/v2\/posts"}],"about":[{"href":"http:\/\/blogdoarmindomaia.com.br\/index.php?rest_route=\/wp\/v2\/types\/post"}],"author":[{"embeddable":true,"href":"http:\/\/blogdoarmindomaia.com.br\/index.php?rest_route=\/wp\/v2\/users\/2"}],"replies":[{"embeddable":true,"href":"http:\/\/blogdoarmindomaia.com.br\/index.php?rest_route=%2Fwp%2Fv2%2Fcomments&post=3801"}],"version-history":[{"count":1,"href":"http:\/\/blogdoarmindomaia.com.br\/index.php?rest_route=\/wp\/v2\/posts\/3801\/revisions"}],"predecessor-version":[{"id":3803,"href":"http:\/\/blogdoarmindomaia.com.br\/index.php?rest_route=\/wp\/v2\/posts\/3801\/revisions\/3803"}],"wp:featuredmedia":[{"embeddable":true,"href":"http:\/\/blogdoarmindomaia.com.br\/index.php?rest_route=\/wp\/v2\/media\/3802"}],"wp:attachment":[{"href":"http:\/\/blogdoarmindomaia.com.br\/index.php?rest_route=%2Fwp%2Fv2%2Fmedia&parent=3801"}],"wp:term":[{"taxonomy":"category","embeddable":true,"href":"http:\/\/blogdoarmindomaia.com.br\/index.php?rest_route=%2Fwp%2Fv2%2Fcategories&post=3801"},{"taxonomy":"post_tag","embeddable":true,"href":"http:\/\/blogdoarmindomaia.com.br\/index.php?rest_route=%2Fwp%2Fv2%2Ftags&post=3801"}],"curies":[{"name":"wp","href":"https:\/\/api.w.org\/{rel}","templated":true}]}}