{"id":3810,"date":"2022-12-22T14:24:24","date_gmt":"2022-12-22T17:24:24","guid":{"rendered":"http:\/\/blogdoarmindomaia.com.br\/?p=3810"},"modified":"2022-12-22T14:24:26","modified_gmt":"2022-12-22T17:24:26","slug":"araxa-promoveu-a-11a-conferencia-municipal-dos-direitos-da-crianca-e-do-adolescente","status":"publish","type":"post","link":"http:\/\/blogdoarmindomaia.com.br\/?p=3810","title":{"rendered":"Arax\u00e1 promoveu a 11\u00aa Confer\u00eancia Municipal dos Direitos da Crian\u00e7a e do Adolescente"},"content":{"rendered":"\n<figure class=\"wp-block-image size-large is-style-default\"><img loading=\"lazy\" decoding=\"async\" width=\"1024\" height=\"394\" src=\"http:\/\/blogdoarmindomaia.com.br\/wp-content\/uploads\/2022\/12\/Araxa-promoveu-a-11a-Conferencia-Municipal-dos-Direitos-da-Crianca-pag-06-1024x394.jpeg\" alt=\"\" class=\"wp-image-3811\" srcset=\"http:\/\/blogdoarmindomaia.com.br\/wp-content\/uploads\/2022\/12\/Araxa-promoveu-a-11a-Conferencia-Municipal-dos-Direitos-da-Crianca-pag-06-1024x394.jpeg 1024w, http:\/\/blogdoarmindomaia.com.br\/wp-content\/uploads\/2022\/12\/Araxa-promoveu-a-11a-Conferencia-Municipal-dos-Direitos-da-Crianca-pag-06-300x116.jpeg 300w, http:\/\/blogdoarmindomaia.com.br\/wp-content\/uploads\/2022\/12\/Araxa-promoveu-a-11a-Conferencia-Municipal-dos-Direitos-da-Crianca-pag-06-768x296.jpeg 768w, http:\/\/blogdoarmindomaia.com.br\/wp-content\/uploads\/2022\/12\/Araxa-promoveu-a-11a-Conferencia-Municipal-dos-Direitos-da-Crianca-pag-06.jpeg 1280w\" sizes=\"auto, (max-width: 1024px) 100vw, 1024px\" \/><\/figure>\n\n\n\n<p>Garantir e preservar os direitos das crian\u00e7as e adolescentes. Este \u00e9 foi um dos temas&nbsp; discutidos na 11\u00aa Confer\u00eancia Municipal dos Direitos da Crian\u00e7a e do Adolescente de Arax\u00e1. Organizado pelo Conselho Municipal dos Direitos da Crian\u00e7a e do Adolescente (CMDCA) e pela Secretaria de A\u00e7\u00e3o Social, o evento aconteceu no audit\u00f3rio do Sesc.<br>O objetivo foi reunir cerca de 250 pessoas entre estudantes, servidores e integrantes da sociedade civil onde foram debatidas e sugeridas propostas para pol\u00edticas p\u00fablicas relacionadas ao p\u00fablico infanto-juvenil. Na oportunidade, tamb\u00e9m foram escolhidos os delegados que dever\u00e3o representar Arax\u00e1 na Confer\u00eancia Estadual prevista para o primeiro semestre de 2023, em Belo Horizonte.<br><br>A Confer\u00eancia Municipal foi focada na repara\u00e7\u00e3o de direitos p\u00f3s-pandemia da Covid-19 e as propostas levantadas foram baseadas em 5 eixos tem\u00e1ticos: Promo\u00e7\u00e3o e garantia dos direitos humanos no contexto pand\u00eamico; Enfrentamento das viola\u00e7\u00f5es e vulnerabilidades resultantes da pandemia; Amplia\u00e7\u00e3o e consolida\u00e7\u00e3o da participa\u00e7\u00e3o de crian\u00e7as e adolescentes nas pol\u00edticas p\u00fablicas; Participa\u00e7\u00e3o da sociedade nas pol\u00edticas p\u00fablicas; e Garantia de recursos para as pol\u00edticas p\u00fablicas.<br><br>A presidente do Conselho Municipal dos Direitos da Crian\u00e7a e do Adolescente, Ana Rita Flores, pontuou que a gest\u00e3o municipal vem buscando promover ampla mobiliza\u00e7\u00e3o social na cidade para a constru\u00e7\u00e3o de propostas de pol\u00edticas p\u00fablicas para esse p\u00fablico e suas fam\u00edlias. &nbsp;\u201cAs confer\u00eancias s\u00e3o um importante marco na consolida\u00e7\u00e3o da participa\u00e7\u00e3o popular, definida na Constitui\u00e7\u00e3o Federal por estabelecerem uma s\u00e9rie de mecanismos de inclus\u00e3o das pessoas na elabora\u00e7\u00e3o, delibera\u00e7\u00e3o e controle dessas pol\u00edticas p\u00fablicas. E a administra\u00e7\u00e3o oferece um grande suporte e apoio aos profissionais e fam\u00edlias araxaenses para que haja a igualdade necess\u00e1ria para a dignidade das crian\u00e7as e adolescentes do munic\u00edpio\u201d, destaca.<br><br><br><\/p>\n","protected":false},"excerpt":{"rendered":"<p>Garantir e preservar os direitos das crian\u00e7as e adolescentes. Este \u00e9 foi um dos temas&nbsp; discutidos na 11\u00aa Confer\u00eancia Municipal<\/p>\n","protected":false},"author":2,"featured_media":3811,"comment_status":"open","ping_status":"open","sticky":false,"template":"","format":"standard","meta":{"footnotes":""},"categories":[9,13],"tags":[],"class_list":["post-3810","post","type-post","status-publish","format-standard","has-post-thumbnail","hentry","category-araxa","category-educacao"],"_links":{"self":[{"href":"http:\/\/blogdoarmindomaia.com.br\/index.php?rest_route=\/wp\/v2\/posts\/3810","targetHints":{"allow":["GET"]}}],"collection":[{"href":"http:\/\/blogdoarmindomaia.com.br\/index.php?rest_route=\/wp\/v2\/posts"}],"about":[{"href":"http:\/\/blogdoarmindomaia.com.br\/index.php?rest_route=\/wp\/v2\/types\/post"}],"author":[{"embeddable":true,"href":"http:\/\/blogdoarmindomaia.com.br\/index.php?rest_route=\/wp\/v2\/users\/2"}],"replies":[{"embeddable":true,"href":"http:\/\/blogdoarmindomaia.com.br\/index.php?rest_route=%2Fwp%2Fv2%2Fcomments&post=3810"}],"version-history":[{"count":1,"href":"http:\/\/blogdoarmindomaia.com.br\/index.php?rest_route=\/wp\/v2\/posts\/3810\/revisions"}],"predecessor-version":[{"id":3812,"href":"http:\/\/blogdoarmindomaia.com.br\/index.php?rest_route=\/wp\/v2\/posts\/3810\/revisions\/3812"}],"wp:featuredmedia":[{"embeddable":true,"href":"http:\/\/blogdoarmindomaia.com.br\/index.php?rest_route=\/wp\/v2\/media\/3811"}],"wp:attachment":[{"href":"http:\/\/blogdoarmindomaia.com.br\/index.php?rest_route=%2Fwp%2Fv2%2Fmedia&parent=3810"}],"wp:term":[{"taxonomy":"category","embeddable":true,"href":"http:\/\/blogdoarmindomaia.com.br\/index.php?rest_route=%2Fwp%2Fv2%2Fcategories&post=3810"},{"taxonomy":"post_tag","embeddable":true,"href":"http:\/\/blogdoarmindomaia.com.br\/index.php?rest_route=%2Fwp%2Fv2%2Ftags&post=3810"}],"curies":[{"name":"wp","href":"https:\/\/api.w.org\/{rel}","templated":true}]}}