{"id":3813,"date":"2022-12-22T14:30:06","date_gmt":"2022-12-22T17:30:06","guid":{"rendered":"http:\/\/blogdoarmindomaia.com.br\/?p=3813"},"modified":"2022-12-22T14:30:07","modified_gmt":"2022-12-22T17:30:07","slug":"festnatal-tem-atracao-nacional-nesta-quinta-22-lino-krizz","status":"publish","type":"post","link":"http:\/\/blogdoarmindomaia.com.br\/?p=3813","title":{"rendered":"<strong>FestNatal tem atra\u00e7\u00e3o nacional nesta quinta (22): Lino Krizz<\/strong>"},"content":{"rendered":"\n<figure class=\"wp-block-image size-large is-style-default\"><img loading=\"lazy\" decoding=\"async\" width=\"1024\" height=\"682\" src=\"http:\/\/blogdoarmindomaia.com.br\/wp-content\/uploads\/2022\/12\/fest-22x-1024x682.jpeg\" alt=\"\" class=\"wp-image-3814\" srcset=\"http:\/\/blogdoarmindomaia.com.br\/wp-content\/uploads\/2022\/12\/fest-22x-1024x682.jpeg 1024w, http:\/\/blogdoarmindomaia.com.br\/wp-content\/uploads\/2022\/12\/fest-22x-300x200.jpeg 300w, http:\/\/blogdoarmindomaia.com.br\/wp-content\/uploads\/2022\/12\/fest-22x-768x512.jpeg 768w, http:\/\/blogdoarmindomaia.com.br\/wp-content\/uploads\/2022\/12\/fest-22x.jpeg 1280w\" sizes=\"auto, (max-width: 1024px) 100vw, 1024px\" \/><\/figure>\n\n\n\n<figure class=\"wp-block-image size-large is-style-default\"><img loading=\"lazy\" decoding=\"async\" width=\"1024\" height=\"682\" src=\"http:\/\/blogdoarmindomaia.com.br\/wp-content\/uploads\/2022\/12\/fest-22-xxx-1024x682.jpeg\" alt=\"\" class=\"wp-image-3815\" srcset=\"http:\/\/blogdoarmindomaia.com.br\/wp-content\/uploads\/2022\/12\/fest-22-xxx-1024x682.jpeg 1024w, http:\/\/blogdoarmindomaia.com.br\/wp-content\/uploads\/2022\/12\/fest-22-xxx-300x200.jpeg 300w, http:\/\/blogdoarmindomaia.com.br\/wp-content\/uploads\/2022\/12\/fest-22-xxx-768x512.jpeg 768w, http:\/\/blogdoarmindomaia.com.br\/wp-content\/uploads\/2022\/12\/fest-22-xxx.jpeg 1280w\" sizes=\"auto, (max-width: 1024px) 100vw, 1024px\" \/><\/figure>\n\n\n\n<figure class=\"wp-block-image size-large is-style-default\"><img loading=\"lazy\" decoding=\"async\" width=\"1024\" height=\"683\" src=\"http:\/\/blogdoarmindomaia.com.br\/wp-content\/uploads\/2022\/12\/fest-22xzxx-1024x683.jpeg\" alt=\"\" class=\"wp-image-3816\" srcset=\"http:\/\/blogdoarmindomaia.com.br\/wp-content\/uploads\/2022\/12\/fest-22xzxx-1024x683.jpeg 1024w, http:\/\/blogdoarmindomaia.com.br\/wp-content\/uploads\/2022\/12\/fest-22xzxx-300x200.jpeg 300w, http:\/\/blogdoarmindomaia.com.br\/wp-content\/uploads\/2022\/12\/fest-22xzxx-768x512.jpeg 768w, http:\/\/blogdoarmindomaia.com.br\/wp-content\/uploads\/2022\/12\/fest-22xzxx.jpeg 1280w\" sizes=\"auto, (max-width: 1024px) 100vw, 1024px\" \/><\/figure>\n\n\n\n<p><em>Programa\u00e7\u00e3o ainda inclui um Auto de Natal,Thiago Martins, banda Vinith e Igor Prado<\/em><\/p>\n\n\n\n<p>Ele \u00e9 cantor, compositor e produtor. Em sua obra, s\u00e3o vis\u00edveis as influ\u00eancias do Modern Soul, Bossa Nova, Funk dos anos 70, Samba, Rock N\u2019Roll Cl\u00e1ssico e Samba-rock. Lino Krizz apresenta nesta quinta-feira (22) no FestNatal Arax\u00e1 um espet\u00e1culo que vai do hip hop a doces baladas, da levada soul a can\u00e7\u00f5es com melodias sofisticadas.<\/p>\n\n\n\n<p>Com uma interpreta\u00e7\u00e3o sempre elogiada por especialistas, ele tamb\u00e9m tem no curr\u00edculo parcerias com alguns dos grandes nomes da m\u00fasica nacional e internacional. J\u00e1 cantou e gravou com Ed Motta, Alexandre Pires, Sandra de S\u00e1, Seu Jorge, Rog\u00e9rio Flausino (J Quest), Nando Reis, Jorge Ben Jor, Zez\u00e9 Mota, Cl\u00e1udio Zoli, CD e DVD Ac\u00fastico Ira!, Paula Lima, Falc\u00e3o (O Rappa),Toni Garrido (Cidade Negra), Living Colour, George Benson, Will I.Am (Black Eyed Peas), Marku Ribas, entre outros.<\/p>\n\n\n\n<p>Ele tamb\u00e9m j\u00e1 teve cinco m\u00fasicas em novelas da Globo uma delas, uma marca: a abertura de Avenida Brasil. Um show especial para animar a pen\u00faltima noite do FestNatal Arax\u00e1.<\/p>\n\n\n\n<p><strong>Muito mais<\/strong><\/p>\n\n\n\n<p>Al\u00e9m de Lino Krizz (Programa\u00e7\u00e3o Extra)<strong>, <\/strong>nesta quinta (22) tamb\u00e9m sobem ao palco Igor Prado, guitarrista refer\u00eancia no blues (Lei de Incentivo \u00e0 Cultura), a banda Vinith (Programa\u00e7\u00e3o Extra) e Thiago Martins Septeto (Lei de Incentivo \u00e0 Cultura).<\/p>\n\n\n\n<p>Entre as atra\u00e7\u00f5es c\u00eanicas, destaque para o espet\u00e1culo \u201cUm auto de Luz\u201d.<\/p>\n\n\n\n<p><strong>Novos talentos<\/strong><\/p>\n\n\n\n<p>A programa\u00e7\u00e3o do FestNatal Arax\u00e1 come\u00e7ou mais cedo nesta quarta (21). A semifinal do Concurso Musical de Novos Talentos foi realizada no in\u00edcio da tarde. Segundo o t\u00e9cnico, William Bruno, a disputa foi acirrada. \u201cAcompanhados por uma banda formada por grandes m\u00fasicos da cidade, o concurso apresentou na semifinal um n\u00edvel alto de competi\u00e7\u00e3o com grandes cantores e instrumentistas\u201d, diz.<\/p>\n\n\n\n<p>A categoria Vocal Infantojuvenil teve L\u00edvia, Malu e Pedro lutando por uma vaga na final. No repert\u00f3rio, de Beatles a sucessos do TikTok. No Vocal Adulto uma grande disputa tomou conta do palco. Sertanejo e pop rock dominaram o show. Anna, Clara e Lucas lutaram por 2 vagas nas finais.<\/p>\n\n\n\n<p>Na categoria instrumental Infantojuvenil, a pianista Maria Lu\u00edza foi a \u00fanica selecionada e tocou um cl\u00e1ssico da Disney, do filme \u201cA Bela e a Fera\u201d. J\u00e1 no instrumental adulto, o rec\u00e9m-formado t\u00e9cnico em m\u00fasica Gustavo, duelou nas cordas com Pedro, um talentoso guitarrista.<\/p>\n\n\n\n<p><strong>Resultado<\/strong><\/p>\n\n\n\n<p>O resultado da semifinal do Concurso Musical de Novos Talentos saiu no fim da tarde desta quarta (21)<\/p>\n\n\n\n<p><em><u>Veja os classificados:<\/u><\/em><\/p>\n\n\n\n<p><em>Categoria Vocal Infantojuvenil:<\/em><\/p>\n\n\n\n<p>Malu Santos Olinto<\/p>\n\n\n\n<p>L\u00edvia Souza<\/p>\n\n\n\n<p><em>Categoria Vocal Adulto:<\/em><\/p>\n\n\n\n<p>Anna Luiza Rodrigues<\/p>\n\n\n\n<p>Lucas Prado<\/p>\n\n\n\n<p><em>Categoria Instrumental Infantojuvenil<\/em><\/p>\n\n\n\n<p>Maria Lu\u00edza Botelho<\/p>\n\n\n\n<p><em>Categoria Instrumental Adulto<\/em><\/p>\n\n\n\n<p>Pedro Gomes &#8211; guitarra<\/p>\n\n\n\n<p>Gustavo da Silva &#8211; viol\u00e3o<\/p>\n\n\n\n<p>As \u00faltimas apresenta\u00e7\u00f5es e o an\u00fancio dos vencedores ser\u00e3o feitos nesta sexta (23) no palco central a partir de 18h.<\/p>\n\n\n\n<p>O Concurso Musical de Novos Talentos \u00e9 realizado h\u00e1 12 anos em Arax\u00e1. Uma iniciativa do Rotary Club de Arax\u00e1 Sul com realiza\u00e7\u00e3o da Funda\u00e7\u00e3o Cultural ACIA (Facia) atrav\u00e9s do Projeto FestNatal Arax\u00e1, a competi\u00e7\u00e3o premia e d\u00e1 visibilidade a artistas ainda desconhecidos do grande p\u00fablico.<\/p>\n\n\n\n<p><strong>Ainda nesta quarta<\/strong><\/p>\n\n\n\n<p>A quarta-feira foi movimentada no maior festival natalino de Minas Gerais. No in\u00edcio da noite foi realizado o lan\u00e7amento oficial do livro \u201cL\u00e9o, o vagalume do Papai Noel\u201d. Ainda na Vila do Papai Noel, Cesar Luz comandou uma oficina de teatro. O palco central foi animado com as apresenta\u00e7\u00f5es do Quarteto Sambajazz (Lei de Incentivo \u00e0 Cultura) e Piano Rock (Programa\u00e7\u00e3o Extra). Samba Quente (Programa\u00e7\u00e3o Extra) encerrou a programa\u00e7\u00e3o do dia.<\/p>\n\n\n\n<p><strong>Programa\u00e7\u00e3o<\/strong><\/p>\n\n\n\n<p><em>22\/12 \u2013 QUINTA<\/em><\/p>\n\n\n\n<p>9h \u2013 Papai Noel Itinerante<\/p>\n\n\n\n<p>19h \u2013 Papai Noel na Vila \u2013 Expominas<\/p>\n\n\n\n<p>19h15 &#8211; Espet\u00e1culo \u2013 Um auto de Luz<\/p>\n\n\n\n<p>20h -Thiago Martins Septeto<\/p>\n\n\n\n<p>21h30 &#8211; Banda Vinith<\/p>\n\n\n\n<p>23h &#8211; Igor Prado<\/p>\n\n\n\n<p>23h30 &#8211; Lino Krizz<\/p>\n\n\n\n<p><em>23\/12 \u2013 SEXTA<\/em><\/p>\n\n\n\n<p>9h \u2013 Papai Noel Itinerante<\/p>\n\n\n\n<p>18h \u2013 Concurso Musical Novos Talentos &#8211; Final<\/p>\n\n\n\n<p>19h \u2013 Papai Noel na Vila \u2013 Expominas<\/p>\n\n\n\n<p>19h \u2013 B\u00eajazz On The Street<\/p>\n\n\n\n<p>20h \u2013 Manga Rosa Instrumental<\/p>\n\n\n\n<p>20h \u2013 Conta\u00e7\u00e3o de Hist\u00f3ria: L\u00e9o, o vagalume do Papai Noel<\/p>\n\n\n\n<p>21h30 \u2013 Maia G\u00eameos<\/p>\n\n\n\n<p>23h \u2013 Banda Ben<\/p>\n\n\n\n<p><strong>Para todos<\/strong><\/p>\n\n\n\n<p>O FestNatal Arax\u00e1 oferece acessibilidade em toda sua programa\u00e7\u00e3o. As atividades do palco t\u00eam tradu\u00e7\u00e3o simult\u00e2nea em Libras. A estrutura f\u00edsica foi pensada para garantir que pessoas que utilizam cadeiras de roda ou tenham outras necessidades especiais de locomo\u00e7\u00e3o possam transitar em todos os espa\u00e7os.<\/p>\n\n\n\n<p>A organiza\u00e7\u00e3o do evento tamb\u00e9m oferece o atendimento personalizado para pessoas com defici\u00eancia visual, que devem solicitar audiodescri\u00e7\u00e3o com anteced\u00eancia.<\/p>\n\n\n\n<p><strong>FestNatal Arax\u00e1<\/strong><\/p>\n\n\n\n<p>O FestNatal Arax\u00e1 \u00e9 o maior festival natalino de Minas Gerais. Neste ano o evento ocorre entre os dias 9 e 23 de dezembro no Expominas Arax\u00e1 com entrada gratuita e atra\u00e7\u00f5es de m\u00fasica, teatro, dan\u00e7a e muito mais.<\/p>\n\n\n\n<p>O FestNatal Arax\u00e1 tem a apresenta\u00e7\u00e3o do Minist\u00e9rio do Turismo e da CBMM. \u00c9 realizado pela Lei Federal de Incentivo \u00e0 Cultura com o patroc\u00ednio Master da CBMM. Tem o patroc\u00ednio da Bem Brasil, Mart Minas, Zema, Codemge e Governo do Estado de Minas Gerais, com o apoio da ACIA Arax\u00e1, Click Telecom, Prefeitura Municipal de Arax\u00e1, Funda\u00e7\u00e3o Cultural Calmon Barreto e TV Integra\u00e7\u00e3o. Uma realiza\u00e7\u00e3o da Funda\u00e7\u00e3o Cultural Acia, Secretaria Especial da Cultura do Minist\u00e9rio do Turismo e Governo Federal.<\/p>\n\n\n\n<p><strong>Servi\u00e7o<\/strong><\/p>\n\n\n\n<p><strong><em>FestNatal Arax\u00e1<\/em><\/strong><\/p>\n\n\n\n<p><strong>Data:<\/strong> de 9 a 23\/12<\/p>\n\n\n\n<p><strong>Local:<\/strong>&nbsp;Expominas Arax\u00e1<\/p>\n\n\n\n<p><strong><em>Entrada gratuita<\/em><\/strong><\/p>\n\n\n\n<p><strong>Outras informa\u00e7\u00f5es<\/strong>:&nbsp;@festnatalaraxa \/&nbsp;<a href=\"http:\/\/www.festnatalaraxa.com.br\/\">www.festnatalaraxa.com.br<\/a><\/p>\n\n\n\n<p><em>Transmiss\u00e3o ao vivo pelo YouTube, no canal FestNatal Arax\u00e1<\/em><\/p>\n","protected":false},"excerpt":{"rendered":"<p>Programa\u00e7\u00e3o ainda inclui um Auto de Natal,Thiago Martins, banda Vinith e Igor Prado Ele \u00e9 cantor, compositor e produtor. Em<\/p>\n","protected":false},"author":2,"featured_media":3814,"comment_status":"open","ping_status":"open","sticky":false,"template":"","format":"standard","meta":{"footnotes":""},"categories":[9,5,11],"tags":[],"class_list":["post-3813","post","type-post","status-publish","format-standard","has-post-thumbnail","hentry","category-araxa","category-arte-e-cultura","category-destaques"],"_links":{"self":[{"href":"http:\/\/blogdoarmindomaia.com.br\/index.php?rest_route=\/wp\/v2\/posts\/3813","targetHints":{"allow":["GET"]}}],"collection":[{"href":"http:\/\/blogdoarmindomaia.com.br\/index.php?rest_route=\/wp\/v2\/posts"}],"about":[{"href":"http:\/\/blogdoarmindomaia.com.br\/index.php?rest_route=\/wp\/v2\/types\/post"}],"author":[{"embeddable":true,"href":"http:\/\/blogdoarmindomaia.com.br\/index.php?rest_route=\/wp\/v2\/users\/2"}],"replies":[{"embeddable":true,"href":"http:\/\/blogdoarmindomaia.com.br\/index.php?rest_route=%2Fwp%2Fv2%2Fcomments&post=3813"}],"version-history":[{"count":1,"href":"http:\/\/blogdoarmindomaia.com.br\/index.php?rest_route=\/wp\/v2\/posts\/3813\/revisions"}],"predecessor-version":[{"id":3817,"href":"http:\/\/blogdoarmindomaia.com.br\/index.php?rest_route=\/wp\/v2\/posts\/3813\/revisions\/3817"}],"wp:featuredmedia":[{"embeddable":true,"href":"http:\/\/blogdoarmindomaia.com.br\/index.php?rest_route=\/wp\/v2\/media\/3814"}],"wp:attachment":[{"href":"http:\/\/blogdoarmindomaia.com.br\/index.php?rest_route=%2Fwp%2Fv2%2Fmedia&parent=3813"}],"wp:term":[{"taxonomy":"category","embeddable":true,"href":"http:\/\/blogdoarmindomaia.com.br\/index.php?rest_route=%2Fwp%2Fv2%2Fcategories&post=3813"},{"taxonomy":"post_tag","embeddable":true,"href":"http:\/\/blogdoarmindomaia.com.br\/index.php?rest_route=%2Fwp%2Fv2%2Ftags&post=3813"}],"curies":[{"name":"wp","href":"https:\/\/api.w.org\/{rel}","templated":true}]}}