{"id":3823,"date":"2022-12-23T16:54:06","date_gmt":"2022-12-23T19:54:06","guid":{"rendered":"http:\/\/blogdoarmindomaia.com.br\/?p=3823"},"modified":"2022-12-23T16:54:08","modified_gmt":"2022-12-23T19:54:08","slug":"feliz-natal","status":"publish","type":"post","link":"http:\/\/blogdoarmindomaia.com.br\/?p=3823","title":{"rendered":"<em>Feliz Natal!<\/em>"},"content":{"rendered":"\n<figure class=\"wp-block-image size-full is-style-default\"><img loading=\"lazy\" decoding=\"async\" width=\"626\" height=\"626\" src=\"http:\/\/blogdoarmindomaia.com.br\/wp-content\/uploads\/2022\/12\/Feliz-Natal-pag-06.jpg\" alt=\"\" class=\"wp-image-3824\" srcset=\"http:\/\/blogdoarmindomaia.com.br\/wp-content\/uploads\/2022\/12\/Feliz-Natal-pag-06.jpg 626w, http:\/\/blogdoarmindomaia.com.br\/wp-content\/uploads\/2022\/12\/Feliz-Natal-pag-06-300x300.jpg 300w, http:\/\/blogdoarmindomaia.com.br\/wp-content\/uploads\/2022\/12\/Feliz-Natal-pag-06-150x150.jpg 150w\" sizes=\"auto, (max-width: 626px) 100vw, 626px\" \/><\/figure>\n\n\n\n<p>Ent\u00e3o \u00e9 Natal!&nbsp; A data mais celebrada&nbsp; e esperada no mundo todo est\u00e1 pr\u00f3xima.&nbsp;\u00c9 tempo de fam\u00edlia. Natal \u00e9 tempo de esperan\u00e7a! Mudan\u00e7as podem acontecer para nos fortalecer e melhorar as nossas vidas. \u00c9 uma data especial e diferente. At\u00e9 a chegada do Natal, quantas&nbsp; tempestades enfrentamos ao longo do ano! Elas chegaram a estremecer as nossas funda\u00e7\u00f5es e nos causando medo. Mas todo aquele que tem f\u00e9 nas Palavras de Jesus n\u00e3o se deixa intimidar por isso. As tempestades v\u00eam, mas depois passam como um sopro. O que permanece \u00e9 a confian\u00e7a em Deus. N\u00e3o se deixe levar pelo barulho do medo, da inseguran\u00e7a e do des\u00e2nimo. Quanto maior o medo, maior a dist\u00e2ncia entre voc\u00ea e Deus. Quanto maior a esperan\u00e7a, mais a presen\u00e7a de Deus voc\u00ea vai sentir. \u00c9 em tempos de Natal que a experi\u00eancia de ser amado diminui a culpa. Sentir-se amado \u00e9 sentir-se pronto para enfrentar o que poderia nos destruir. Quando Jesus cura, mostra o amor de Deus. O perd\u00e3o \u00e9 a porta de entrada para uma vida integrada e feliz. Imposs\u00edvel, nos dias de hoje, \u00e9 chegar a uma data como essa sem olhar ao nosso redor e refletir sobre o nosso irm\u00e3o. \u00c9 imposs\u00edvel fechar os olhos para a dor de tantos, que nem sequer sabem que o Natal existe!&nbsp; O Natal \u00e9 \u00e9poca de presentear as pessoas com sinceridade, amor, carinho, com palavras de sabedoria que possam abrir os olhos daqueles que ainda n\u00e3o conseguem ver a beleza dessa data t\u00e3o especial. E neste Natal movido pela f\u00e9, caridade, esperan\u00e7a, paci\u00eancia, solidariedade, respeito e toler\u00e2ncia\u2026&nbsp; sonhe, busque, espere\u2026 ame e seja amado! Deixe sua alma voar alto\u2026 pegar carona com os fogos coloridos. Mentalize seus desejos mais \u00edntimos e acredite: eles tamb\u00e9m chegar\u00e3o ao c\u00e9u. Ir\u00e3o se misturar \u00e0s estrelas, ir\u00e3o penetrar no Universo e voltar\u00e3o cheios de energia para se tornarem reais. Basta voc\u00ea querer de verdade, ter f\u00e9 e nunca, NUNCA desistir deles! Boas Festas e que seu ano seja pleno de b\u00ean\u00e7\u00e3os e realiza\u00e7\u00f5es!<\/p>\n\n\n\n<p><em>Feliz Natal!<\/em><\/p>\n","protected":false},"excerpt":{"rendered":"<p>Ent\u00e3o \u00e9 Natal!&nbsp; A data mais celebrada&nbsp; e esperada no mundo todo est\u00e1 pr\u00f3xima.&nbsp;\u00c9 tempo de fam\u00edlia. Natal \u00e9 tempo<\/p>\n","protected":false},"author":2,"featured_media":3824,"comment_status":"open","ping_status":"open","sticky":false,"template":"","format":"standard","meta":{"footnotes":""},"categories":[9,11],"tags":[],"class_list":["post-3823","post","type-post","status-publish","format-standard","has-post-thumbnail","hentry","category-araxa","category-destaques"],"_links":{"self":[{"href":"http:\/\/blogdoarmindomaia.com.br\/index.php?rest_route=\/wp\/v2\/posts\/3823","targetHints":{"allow":["GET"]}}],"collection":[{"href":"http:\/\/blogdoarmindomaia.com.br\/index.php?rest_route=\/wp\/v2\/posts"}],"about":[{"href":"http:\/\/blogdoarmindomaia.com.br\/index.php?rest_route=\/wp\/v2\/types\/post"}],"author":[{"embeddable":true,"href":"http:\/\/blogdoarmindomaia.com.br\/index.php?rest_route=\/wp\/v2\/users\/2"}],"replies":[{"embeddable":true,"href":"http:\/\/blogdoarmindomaia.com.br\/index.php?rest_route=%2Fwp%2Fv2%2Fcomments&post=3823"}],"version-history":[{"count":1,"href":"http:\/\/blogdoarmindomaia.com.br\/index.php?rest_route=\/wp\/v2\/posts\/3823\/revisions"}],"predecessor-version":[{"id":3825,"href":"http:\/\/blogdoarmindomaia.com.br\/index.php?rest_route=\/wp\/v2\/posts\/3823\/revisions\/3825"}],"wp:featuredmedia":[{"embeddable":true,"href":"http:\/\/blogdoarmindomaia.com.br\/index.php?rest_route=\/wp\/v2\/media\/3824"}],"wp:attachment":[{"href":"http:\/\/blogdoarmindomaia.com.br\/index.php?rest_route=%2Fwp%2Fv2%2Fmedia&parent=3823"}],"wp:term":[{"taxonomy":"category","embeddable":true,"href":"http:\/\/blogdoarmindomaia.com.br\/index.php?rest_route=%2Fwp%2Fv2%2Fcategories&post=3823"},{"taxonomy":"post_tag","embeddable":true,"href":"http:\/\/blogdoarmindomaia.com.br\/index.php?rest_route=%2Fwp%2Fv2%2Ftags&post=3823"}],"curies":[{"name":"wp","href":"https:\/\/api.w.org\/{rel}","templated":true}]}}