{"id":3829,"date":"2022-12-27T10:46:11","date_gmt":"2022-12-27T13:46:11","guid":{"rendered":"http:\/\/blogdoarmindomaia.com.br\/?p=3829"},"modified":"2022-12-27T10:46:13","modified_gmt":"2022-12-27T13:46:13","slug":"acia-e-cdl-entregam-34-premios-na-campanha-natal-do-comercio","status":"publish","type":"post","link":"http:\/\/blogdoarmindomaia.com.br\/?p=3829","title":{"rendered":"<strong>ACIA e CDL entregam 34 pr\u00eamios na Campanha Natal do Com\u00e9rcio<\/strong>"},"content":{"rendered":"\n<p><em>Confira a lista dos ganhadores<\/em><\/p>\n\n\n\n<figure class=\"wp-block-image size-large is-style-default\"><img loading=\"lazy\" decoding=\"async\" width=\"1024\" height=\"815\" src=\"http:\/\/blogdoarmindomaia.com.br\/wp-content\/uploads\/2022\/12\/ACIA-e-CDL-entregam-34-premios-na-Campanha-Natal-do-Comercio-pag-07-1024x815.jpg\" alt=\"\" class=\"wp-image-3830\" srcset=\"http:\/\/blogdoarmindomaia.com.br\/wp-content\/uploads\/2022\/12\/ACIA-e-CDL-entregam-34-premios-na-Campanha-Natal-do-Comercio-pag-07-1024x815.jpg 1024w, http:\/\/blogdoarmindomaia.com.br\/wp-content\/uploads\/2022\/12\/ACIA-e-CDL-entregam-34-premios-na-Campanha-Natal-do-Comercio-pag-07-300x239.jpg 300w, http:\/\/blogdoarmindomaia.com.br\/wp-content\/uploads\/2022\/12\/ACIA-e-CDL-entregam-34-premios-na-Campanha-Natal-do-Comercio-pag-07-768x612.jpg 768w, http:\/\/blogdoarmindomaia.com.br\/wp-content\/uploads\/2022\/12\/ACIA-e-CDL-entregam-34-premios-na-Campanha-Natal-do-Comercio-pag-07.jpg 1149w\" sizes=\"auto, (max-width: 1024px) 100vw, 1024px\" \/><\/figure>\n\n\n\n<p>A Associa\u00e7\u00e3o Comercial de Arax\u00e1 (ACIA) e a C\u00e2mara dos Dirigentes Lojistas (CDL) realizaram na segunda-feira, 26 de dezembro o sorteio do&nbsp;<strong>\u201cNatal do Com\u00e9rcio ACIA e CDL\u201d<\/strong>. \u00c9 a segunda vez que as Entidades se unem para promover a a\u00e7\u00e3o em prol do com\u00e9rcio de Arax\u00e1, com objetivo de fomentar as vendas na \u00e9poca mais importante do ano para o setor.<\/p>\n\n\n\n<p>No total foram sorteados 34 pr\u00eamios entre eletrodom\u00e9sticos, m\u00f3veis e aparelhos eletr\u00f4nicos, al\u00e9m de centenas pr\u00eamios instant\u00e2neos distribu\u00eddos pelos lojistas. Outra marca da Campanha foi o n\u00famero recorde de cadastros, mais de 178 mil cupons foram impressos na urna, cerca de 55% a mais que no ano passado. Al\u00e9m disso, as Entidades contaram com o apoio do Grupo Zema que foi um parceiro fundamental para o sucesso da Campanha.<\/p>\n\n\n\n<p>De acordo com o presidente da Acia, Emilio Neumann, os n\u00fameros comprovam que a popula\u00e7\u00e3o acreditou e apoiou o com\u00e9rcio de Arax\u00e1. \u201cCom essa tecnologia que usamos onde os cupons j\u00e1 s\u00e3o impressos automaticamente dentro da urna, facilitou muito o cadastro, as pessoas gostaram e apoiaram nossa Campanha, e quem ganha s\u00e3o nossos associados que est\u00e3o vendo o crescimento nas vendas. Ficamos muito felizes com o resultado e estamos cumprindo nosso papel no fomento da economia do munic\u00edpio\u201d, ressaltou.<\/p>\n\n\n\n<p>Assim como no ano passado, a campanha foi totalmente gratuita para os associados das duas entidades e contou com o investimento de mais de R$ 100 mil. Al\u00e9m disso, com a parceria foi poss\u00edvel abranger todo o com\u00e9rcio lojista com mais de 700 empresas participantes.<\/p>\n\n\n\n<p>Para o presidente da CDL, Paulo Nessralla, a uni\u00e3o foi um sucesso. \u201cFoi um grande prazer e um privil\u00e9gio estar junto \u00e0 Acia nessa parceria, al\u00e9m de ser muito gratificante ver o grande n\u00famero de participantes, dos comerciantes que apoiaram essa a\u00e7\u00e3o, e da comunidade de Arax\u00e1 que abra\u00e7ou a Campanha. Com certeza vamos come\u00e7ar a preparar mais uma grande campanha em conjunto para o ano que vem\u201d, afirmou.<\/p>\n\n\n\n<p><strong>Confira a lista dos ganhadores:<\/strong><\/p>\n\n\n\n<p>\u2022&nbsp;&nbsp;&nbsp;&nbsp;&nbsp;&nbsp;&nbsp;&nbsp;&nbsp;&nbsp;&nbsp;&nbsp;&nbsp;Ferro de passar roupas Black Decker \u2013 Adriana da Silva Vieira (Comprou no Supermercado Bernard\u00e3o)<\/p>\n\n\n\n<p>\u2022&nbsp;&nbsp;&nbsp;&nbsp;&nbsp;&nbsp;&nbsp;&nbsp;&nbsp;&nbsp;&nbsp;&nbsp;&nbsp;Escrivaninha Demobile \u2013 Vitor da Concei\u00e7\u00e3o Silva (Comprou no Supermercado Bernard\u00e3o)<\/p>\n\n\n\n<p>\u2022&nbsp;&nbsp;&nbsp;&nbsp;&nbsp;&nbsp;&nbsp;&nbsp;&nbsp;&nbsp;&nbsp;&nbsp;&nbsp;Escova secadora Gama \u2013 Laila Couto de Freitas Moreira (Comprou na Eletrozema)<\/p>\n\n\n\n<p>\u2022&nbsp;&nbsp;&nbsp;&nbsp;&nbsp;&nbsp;&nbsp;&nbsp;&nbsp;&nbsp;&nbsp;&nbsp;&nbsp;Liquidificador Oster \u2013 Luiz Alberto da Assun\u00e7\u00e3o (Comprou na Madeireira Parana\u00edba)<\/p>\n\n\n\n<p>\u2022&nbsp;&nbsp;&nbsp;&nbsp;&nbsp;&nbsp;&nbsp;&nbsp;&nbsp;&nbsp;&nbsp;&nbsp;&nbsp;Furadeira Bosch \u2013 Cesar Reis de Freitas Junior (Comprou na Auto Pe\u00e7as Coelh\u00e3o)<\/p>\n\n\n\n<p>\u2022&nbsp;&nbsp;&nbsp;&nbsp;&nbsp;&nbsp;&nbsp;&nbsp;&nbsp;&nbsp;&nbsp;&nbsp;&nbsp;Churrasqueira \u2013 Dayane Francisca Paiva (Comprou na Eletrozema)<\/p>\n\n\n\n<p>\u2022&nbsp;&nbsp;&nbsp;&nbsp;&nbsp;&nbsp;&nbsp;&nbsp;&nbsp;&nbsp;&nbsp;&nbsp;&nbsp;Patinete Monster \u2013 C\u00e1tia Adriana de Almeida (Comprou na Construir Acabamentos)<\/p>\n\n\n\n<p>\u2022&nbsp;&nbsp;&nbsp;&nbsp;&nbsp;&nbsp;&nbsp;&nbsp;&nbsp;&nbsp;&nbsp;&nbsp;&nbsp;Jogo de jantar 12 pe\u00e7as \u2013 Lorena Mendes (Comprou no Supermercado Bernard\u00e3o)<\/p>\n\n\n\n<p>\u2022&nbsp;&nbsp;&nbsp;&nbsp;&nbsp;&nbsp;&nbsp;&nbsp;&nbsp;&nbsp;&nbsp;&nbsp;&nbsp;Batedeira Lenox \u2013 Catiane Franciele Martins (Comprou na Eletrozema)<\/p>\n\n\n\n<p>\u2022&nbsp;&nbsp;&nbsp;&nbsp;&nbsp;&nbsp;&nbsp;&nbsp;&nbsp;&nbsp;&nbsp;&nbsp;&nbsp;Aspirador de p\u00f3 e \u00e1gua Electrolux \u2013 Andressa Cristina Melo Campos (Comprou na Nova Era)<\/p>\n\n\n\n<p>\u2022&nbsp;&nbsp;&nbsp;&nbsp;&nbsp;&nbsp;&nbsp;&nbsp;&nbsp;&nbsp;&nbsp;&nbsp;&nbsp;Air Fryer Oster \u2013 Marcia Aparecida Silva Abdanur (Comprou na Parati Modas)<\/p>\n\n\n\n<p>\u2022&nbsp;&nbsp;&nbsp;&nbsp;&nbsp;&nbsp;&nbsp;&nbsp;&nbsp;&nbsp;&nbsp;&nbsp;&nbsp;Caixa amplificadora Lenox \u2013 Lea Abadia de Castro Ferreira (Comprou na Loja Lua de Mel)<\/p>\n\n\n\n<p>\u2022&nbsp;&nbsp;&nbsp;&nbsp;&nbsp;&nbsp;&nbsp;&nbsp;&nbsp;&nbsp;&nbsp;&nbsp;&nbsp;Forno el\u00e9trico 44L Dako \u2013 Gislene Aparecida Borges de Menezes (Comprou na Parati Modas)<\/p>\n\n\n\n<p>\u2022&nbsp;&nbsp;&nbsp;&nbsp;&nbsp;&nbsp;&nbsp;&nbsp;&nbsp;&nbsp;&nbsp;&nbsp;&nbsp;Micro-ondas Electrolux \u2013 Edim Maria da Silva (Comprou na Silveragro)<\/p>\n\n\n\n<p>\u2022&nbsp;&nbsp;&nbsp;&nbsp;&nbsp;&nbsp;&nbsp;&nbsp;&nbsp;&nbsp;&nbsp;&nbsp;&nbsp;Purificador de \u00e1gua \u2013 Nicoly Ketlyn Polveiro (Comprou no Branco Materiais de Constru\u00e7\u00e3o)<\/p>\n\n\n\n<p>\u2022&nbsp;&nbsp;&nbsp;&nbsp;&nbsp;&nbsp;&nbsp;&nbsp;&nbsp;&nbsp;&nbsp;&nbsp;&nbsp;Climatizador de ar \u2013 Adriano Xavier J\u00fanior (Comprou no Cine Foto Santos)<\/p>\n\n\n\n<p>\u2022&nbsp;&nbsp;&nbsp;&nbsp;&nbsp;&nbsp;&nbsp;&nbsp;&nbsp;&nbsp;&nbsp;&nbsp;&nbsp;Fog\u00e3o 5 bocas \u2013 Kecia Cristina Nunes (Comprou no Supermercado Bernard\u00e3o)<\/p>\n\n\n\n<p>\u2022&nbsp;&nbsp;&nbsp;&nbsp;&nbsp;&nbsp;&nbsp;&nbsp;&nbsp;&nbsp;&nbsp;&nbsp;&nbsp;Poltrona do Papai JS M\u00f3veis \u2013 Thalyta Polyana Magalh\u00e3es Prado (Comprou na Spa\u00e7o Tintas)<\/p>\n\n\n\n<p>\u2022&nbsp;&nbsp;&nbsp;&nbsp;&nbsp;&nbsp;&nbsp;&nbsp;&nbsp;&nbsp;&nbsp;&nbsp;&nbsp;Moto el\u00e9trica infantil \u2013 Lilian Micalli Hubinger (Comprou na Farm\u00e1cia Viva Mais)<\/p>\n\n\n\n<p>\u2022&nbsp;&nbsp;&nbsp;&nbsp;&nbsp;&nbsp;&nbsp;&nbsp;&nbsp;&nbsp;&nbsp;&nbsp;&nbsp;Bicicleta Aro 29 \u2013 Fabiano Pereira Paulista (Comprou na Tinil Pneus)<\/p>\n\n\n\n<p>\u2022&nbsp;&nbsp;&nbsp;&nbsp;&nbsp;&nbsp;&nbsp;&nbsp;&nbsp;&nbsp;&nbsp;&nbsp;&nbsp;Smartphone Samsung Galaxy A13 Preto \u2013 Antonio Carlos Gabriel J\u00fanior (Comprou na Auto Escola S\u00e3o Crist\u00f3v\u00e3o)<\/p>\n\n\n\n<p>\u2022&nbsp;&nbsp;&nbsp;&nbsp;&nbsp;&nbsp;&nbsp;&nbsp;&nbsp;&nbsp;&nbsp;&nbsp;&nbsp;Smartphone Samsung Galaxy A13 Branco \u2013 Gleisiane Eliene Berto Alves Ferreira (Comprou na Max Clean)<\/p>\n\n\n\n<p>\u2022&nbsp;&nbsp;&nbsp;&nbsp;&nbsp;&nbsp;&nbsp;&nbsp;&nbsp;&nbsp;&nbsp;&nbsp;&nbsp;Smartphone Samsung Galaxy A13 Branco \u2013 R\u00e9gima Cristina Borges de S\u00e1 (Comprou na Digital Sat Telecom)<\/p>\n\n\n\n<p>\u2022&nbsp;&nbsp;&nbsp;&nbsp;&nbsp;&nbsp;&nbsp;&nbsp;&nbsp;&nbsp;&nbsp;&nbsp;&nbsp;Cama Box Ortobom \u2013 Sebasti\u00e3o Aparecido Carneiro (Comprou no Hollywood Digital)<\/p>\n\n\n\n<p>\u2022&nbsp;&nbsp;&nbsp;&nbsp;&nbsp;&nbsp;&nbsp;&nbsp;&nbsp;&nbsp;&nbsp;&nbsp;&nbsp;Arm\u00e1rio de cozinha Itatiaia \u2013 Laryssa Moura Borges (Comprou na Ritz Cal\u00e7ados e Confec\u00e7\u00f5es)<\/p>\n\n\n\n<p>\u2022&nbsp;&nbsp;&nbsp;&nbsp;&nbsp;&nbsp;&nbsp;&nbsp;&nbsp;&nbsp;&nbsp;&nbsp;&nbsp;Guarda roupa 3 portas Bom Pastor \u2013 Patr\u00edcia Madalena Rodrigues (Comprou no Supermercado Bernard\u00e3o)<\/p>\n\n\n\n<p>\u2022&nbsp;&nbsp;&nbsp;&nbsp;&nbsp;&nbsp;&nbsp;&nbsp;&nbsp;&nbsp;&nbsp;&nbsp;&nbsp;Mesa 4 cadeiras Bom Pastor \u2013 Cileidy Ang\u00e9lica de Oliveira (Comprou no Supermercado Bernard\u00e3o)<\/p>\n\n\n\n<p>\u2022&nbsp;&nbsp;&nbsp;&nbsp;&nbsp;&nbsp;&nbsp;&nbsp;&nbsp;&nbsp;&nbsp;&nbsp;&nbsp;Notebook Positivo \u2013 Hudialey Viana de Jesus (Comprou no Leandro Cal\u00e7ados e Confec\u00e7\u00f5es)<\/p>\n\n\n\n<p>\u2022&nbsp;&nbsp;&nbsp;&nbsp;&nbsp;&nbsp;&nbsp;&nbsp;&nbsp;&nbsp;&nbsp;&nbsp;&nbsp;M\u00e1quina de lavar roupa 12kg&nbsp;&nbsp;&#8211; Valter Paulino Bento Neto (Comprou na Smeraldas Joias)<\/p>\n\n\n\n<p>\u2022&nbsp;&nbsp;&nbsp;&nbsp;&nbsp;&nbsp;&nbsp;&nbsp;&nbsp;&nbsp;&nbsp;&nbsp;&nbsp;Smart TV Samsung de 43\u2019 \u2013 Elimar Carlos dos Reis (Comprou na Casa Franca)<\/p>\n\n\n\n<p>\u2022&nbsp;&nbsp;&nbsp;&nbsp;&nbsp;&nbsp;&nbsp;&nbsp;&nbsp;&nbsp;&nbsp;&nbsp;&nbsp;Smart TV Samsung de 43\u2019 \u2013 Lucas Fonseca de Sousa (Comprou na Eletrozema)<\/p>\n\n\n\n<p>\u2022&nbsp;&nbsp;&nbsp;&nbsp;&nbsp;&nbsp;&nbsp;&nbsp;&nbsp;&nbsp;&nbsp;&nbsp;&nbsp;Smart TV Samsung de 43\u2019 \u2013 Augusta Barros de Aguiar Barreto (Comprou na Parati Cal\u00e7ados e Confec\u00e7\u00f5es)<\/p>\n\n\n\n<p>\u2022&nbsp;&nbsp;&nbsp;&nbsp;&nbsp;&nbsp;&nbsp;&nbsp;&nbsp;&nbsp;&nbsp;&nbsp;&nbsp;Conjunto estofado Bom Pastor \u2013 Hugo Porto (Comprou no Rei da Borracha)<\/p>\n\n\n\n<p>\u2022&nbsp;&nbsp;&nbsp;&nbsp;&nbsp;&nbsp;&nbsp;&nbsp;&nbsp;&nbsp;&nbsp;&nbsp;&nbsp;Geladeira Panasonic 387 Litros A\u00e7o Escovado \u2013 Anna Beatriz dos Santos Souza (Comprou no Supermercado Bernard\u00e3o)<\/p>\n","protected":false},"excerpt":{"rendered":"<p>Confira a lista dos ganhadores A Associa\u00e7\u00e3o Comercial de Arax\u00e1 (ACIA) e a C\u00e2mara dos Dirigentes Lojistas (CDL) realizaram na<\/p>\n","protected":false},"author":2,"featured_media":3830,"comment_status":"open","ping_status":"open","sticky":false,"template":"","format":"standard","meta":{"footnotes":""},"categories":[9,11],"tags":[],"class_list":["post-3829","post","type-post","status-publish","format-standard","has-post-thumbnail","hentry","category-araxa","category-destaques"],"_links":{"self":[{"href":"http:\/\/blogdoarmindomaia.com.br\/index.php?rest_route=\/wp\/v2\/posts\/3829","targetHints":{"allow":["GET"]}}],"collection":[{"href":"http:\/\/blogdoarmindomaia.com.br\/index.php?rest_route=\/wp\/v2\/posts"}],"about":[{"href":"http:\/\/blogdoarmindomaia.com.br\/index.php?rest_route=\/wp\/v2\/types\/post"}],"author":[{"embeddable":true,"href":"http:\/\/blogdoarmindomaia.com.br\/index.php?rest_route=\/wp\/v2\/users\/2"}],"replies":[{"embeddable":true,"href":"http:\/\/blogdoarmindomaia.com.br\/index.php?rest_route=%2Fwp%2Fv2%2Fcomments&post=3829"}],"version-history":[{"count":1,"href":"http:\/\/blogdoarmindomaia.com.br\/index.php?rest_route=\/wp\/v2\/posts\/3829\/revisions"}],"predecessor-version":[{"id":3831,"href":"http:\/\/blogdoarmindomaia.com.br\/index.php?rest_route=\/wp\/v2\/posts\/3829\/revisions\/3831"}],"wp:featuredmedia":[{"embeddable":true,"href":"http:\/\/blogdoarmindomaia.com.br\/index.php?rest_route=\/wp\/v2\/media\/3830"}],"wp:attachment":[{"href":"http:\/\/blogdoarmindomaia.com.br\/index.php?rest_route=%2Fwp%2Fv2%2Fmedia&parent=3829"}],"wp:term":[{"taxonomy":"category","embeddable":true,"href":"http:\/\/blogdoarmindomaia.com.br\/index.php?rest_route=%2Fwp%2Fv2%2Fcategories&post=3829"},{"taxonomy":"post_tag","embeddable":true,"href":"http:\/\/blogdoarmindomaia.com.br\/index.php?rest_route=%2Fwp%2Fv2%2Ftags&post=3829"}],"curies":[{"name":"wp","href":"https:\/\/api.w.org\/{rel}","templated":true}]}}