{"id":3832,"date":"2022-12-27T11:01:44","date_gmt":"2022-12-27T14:01:44","guid":{"rendered":"http:\/\/blogdoarmindomaia.com.br\/?p=3832"},"modified":"2022-12-27T11:01:46","modified_gmt":"2022-12-27T14:01:46","slug":"vivemos-essa-magia-festnatal-2022-e-encerrado-com-sucesso","status":"publish","type":"post","link":"http:\/\/blogdoarmindomaia.com.br\/?p=3832","title":{"rendered":"<strong>&#8216;Vivemos essa magia&#8217;: FestNatal 2022 \u00e9 encerrado com sucesso<\/strong>"},"content":{"rendered":"\n<p><em>Maior festival natalino de MG terminou nesta sexta (23); veja retrospectiva<\/em><\/p>\n\n\n\n<figure class=\"wp-block-image size-large is-style-default\"><img loading=\"lazy\" decoding=\"async\" width=\"1024\" height=\"682\" src=\"http:\/\/blogdoarmindomaia.com.br\/wp-content\/uploads\/2022\/12\/dia_1512-1024x682.jpeg\" alt=\"\" class=\"wp-image-3833\" srcset=\"http:\/\/blogdoarmindomaia.com.br\/wp-content\/uploads\/2022\/12\/dia_1512-1024x682.jpeg 1024w, http:\/\/blogdoarmindomaia.com.br\/wp-content\/uploads\/2022\/12\/dia_1512-300x200.jpeg 300w, http:\/\/blogdoarmindomaia.com.br\/wp-content\/uploads\/2022\/12\/dia_1512-768x512.jpeg 768w, http:\/\/blogdoarmindomaia.com.br\/wp-content\/uploads\/2022\/12\/dia_1512.jpeg 1280w\" sizes=\"auto, (max-width: 1024px) 100vw, 1024px\" \/><\/figure>\n\n\n\n<figure class=\"wp-block-image size-large is-style-default\"><img loading=\"lazy\" decoding=\"async\" width=\"1024\" height=\"682\" src=\"http:\/\/blogdoarmindomaia.com.br\/wp-content\/uploads\/2022\/12\/Vivemos-essa-magia-FestNatal-2022-pag-09-1024x682.jpeg\" alt=\"\" class=\"wp-image-3834\" srcset=\"http:\/\/blogdoarmindomaia.com.br\/wp-content\/uploads\/2022\/12\/Vivemos-essa-magia-FestNatal-2022-pag-09-1024x682.jpeg 1024w, http:\/\/blogdoarmindomaia.com.br\/wp-content\/uploads\/2022\/12\/Vivemos-essa-magia-FestNatal-2022-pag-09-300x200.jpeg 300w, http:\/\/blogdoarmindomaia.com.br\/wp-content\/uploads\/2022\/12\/Vivemos-essa-magia-FestNatal-2022-pag-09-768x512.jpeg 768w, http:\/\/blogdoarmindomaia.com.br\/wp-content\/uploads\/2022\/12\/Vivemos-essa-magia-FestNatal-2022-pag-09.jpeg 1280w\" sizes=\"auto, (max-width: 1024px) 100vw, 1024px\" \/><\/figure>\n\n\n\n<figure class=\"wp-block-image size-large is-style-default\"><img loading=\"lazy\" decoding=\"async\" width=\"1024\" height=\"682\" src=\"http:\/\/blogdoarmindomaia.com.br\/wp-content\/uploads\/2022\/12\/ultimo_dia_maias-1024x682.jpeg\" alt=\"\" class=\"wp-image-3835\" srcset=\"http:\/\/blogdoarmindomaia.com.br\/wp-content\/uploads\/2022\/12\/ultimo_dia_maias-1024x682.jpeg 1024w, http:\/\/blogdoarmindomaia.com.br\/wp-content\/uploads\/2022\/12\/ultimo_dia_maias-300x200.jpeg 300w, http:\/\/blogdoarmindomaia.com.br\/wp-content\/uploads\/2022\/12\/ultimo_dia_maias-768x512.jpeg 768w, http:\/\/blogdoarmindomaia.com.br\/wp-content\/uploads\/2022\/12\/ultimo_dia_maias.jpeg 1280w\" sizes=\"auto, (max-width: 1024px) 100vw, 1024px\" \/><\/figure>\n\n\n\n<figure class=\"wp-block-image size-large is-style-default\"><img loading=\"lazy\" decoding=\"async\" width=\"1024\" height=\"682\" src=\"http:\/\/blogdoarmindomaia.com.br\/wp-content\/uploads\/2022\/12\/elisa_baiao_macedo-1024x682.jpeg\" alt=\"\" class=\"wp-image-3836\" srcset=\"http:\/\/blogdoarmindomaia.com.br\/wp-content\/uploads\/2022\/12\/elisa_baiao_macedo-1024x682.jpeg 1024w, http:\/\/blogdoarmindomaia.com.br\/wp-content\/uploads\/2022\/12\/elisa_baiao_macedo-300x200.jpeg 300w, http:\/\/blogdoarmindomaia.com.br\/wp-content\/uploads\/2022\/12\/elisa_baiao_macedo-768x512.jpeg 768w, http:\/\/blogdoarmindomaia.com.br\/wp-content\/uploads\/2022\/12\/elisa_baiao_macedo.jpeg 1280w\" sizes=\"auto, (max-width: 1024px) 100vw, 1024px\" \/><\/figure>\n\n\n\n<figure class=\"wp-block-image size-large is-style-default\"><img loading=\"lazy\" decoding=\"async\" width=\"1024\" height=\"683\" src=\"http:\/\/blogdoarmindomaia.com.br\/wp-content\/uploads\/2022\/12\/dia_1912-1024x683.jpeg\" alt=\"\" class=\"wp-image-3837\" srcset=\"http:\/\/blogdoarmindomaia.com.br\/wp-content\/uploads\/2022\/12\/dia_1912-1024x683.jpeg 1024w, http:\/\/blogdoarmindomaia.com.br\/wp-content\/uploads\/2022\/12\/dia_1912-300x200.jpeg 300w, http:\/\/blogdoarmindomaia.com.br\/wp-content\/uploads\/2022\/12\/dia_1912-768x512.jpeg 768w, http:\/\/blogdoarmindomaia.com.br\/wp-content\/uploads\/2022\/12\/dia_1912.jpeg 1280w\" sizes=\"auto, (max-width: 1024px) 100vw, 1024px\" \/><\/figure>\n\n\n\n<p>Quinze dias. Mais de duzentas atra\u00e7\u00f5es apresentadas por cerca de 1.500 artistas para um grande p\u00fablico. Terminou nesta sexta (23) mais uma edi\u00e7\u00e3o do FestNatal Arax\u00e1. Neste ano, o maior evento natalino do Estado de Minas Gerais foi realizado entre os dias 9 e 23 de dezembro no Expominas com entrada gratuita e atra\u00e7\u00f5es de m\u00fasica, teatro, dan\u00e7a, oficinas, conta\u00e7\u00f5es de hist\u00f3rias e muito mais. \u201cFoi uma edi\u00e7\u00e3o que entra para a hist\u00f3ria e que fizemos com muito carinho para chegarmos aos resultados que tivemos: um p\u00fablico muito significativo, uma diversidade muito grande, a valoriza\u00e7\u00e3o de talentos locais, nacionais e internacionais. Tenho certeza de que cumprimos nosso papel que \u00e9 associar a cultura em suas v\u00e1rias express\u00f5es \u00e0 magia dessa \u00e9poca do ano\u201d, diz Elisa Bai\u00e3o Macedo, presidente da Funda\u00e7\u00e3o Acia (Facia).<\/p>\n\n\n\n<p>O FestNatal Arax\u00e1 teve a apresenta\u00e7\u00e3o do Minist\u00e9rio do Turismo e da CBMM. Foi realizado pela Lei Federal de Incentivo \u00e0 Cultura com o patroc\u00ednio Master da CBMM. Teve o patroc\u00ednio da Bem Brasil, Mart Minas, Zema, Codemge e Governo do Estado de Minas Gerais, com o apoio da ACIA Arax\u00e1, Click Telecom, Prefeitura Municipal de Arax\u00e1, Funda\u00e7\u00e3o Cultural Calmon Barreto e TV Integra\u00e7\u00e3o. Uma realiza\u00e7\u00e3o da Funda\u00e7\u00e3o Cultural Acia, Secretaria Especial da Cultura do Minist\u00e9rio do Turismo e Governo Federal<\/p>\n\n\n\n<p><strong>Despedida<\/strong><\/p>\n\n\n\n<p>Trabalhar com cultura \u00e9 um desafio di\u00e1rio e a gest\u00e3o 2020\/2022 da Funda\u00e7\u00e3o Cultural Acia (Facia) enfrentou essa realidade com muito trabalho, seriedade e criatividade. \u201cLidamos com as mais diferentes situa\u00e7\u00f5es, intemp\u00e9ries e mudan\u00e7as. Trabalhamos com o lado humano, com a criatividade e com o cora\u00e7\u00e3o. Enquanto membros da diretoria de uma Funda\u00e7\u00e3o que preza pela promo\u00e7\u00e3o da cultura, buscamos sempre colocar a frente de todos os nossos projetos essas realidades e, com esfor\u00e7o, fomos felizes em nossas a\u00e7\u00f5es, levadas ao longo dos anos para a nossa popula\u00e7\u00e3o\u201d, lembra Elisa.<\/p>\n\n\n\n<p>Neste tri\u00eanio eventos como o Festival Saberes e Sabores, Grande Arrai\u00e1 e o FestNatal cresceram e ganharam dimens\u00e3o nacional. Neste per\u00edodo tamb\u00e9m foi realizada a reforma da Igreja Matriz de S\u00e3o Domingos, patrim\u00f4nio hist\u00f3rico e cultural de Arax\u00e1 que ser\u00e1 reinaugurado em janeiro.&nbsp; \u201c\u00c9 um misto de alegria e responsabilidade. Diante disso, precisamos agradecer \u00e0 diretoria da Associa\u00e7\u00e3o Comercial, Industrial, de Turismo, Servi\u00e7os e Agroneg\u00f3cios de Arax\u00e1 (Acia) a confian\u00e7a, em todos n\u00f3s, para que pud\u00e9ssemos desempenhar as fun\u00e7\u00f5es frente a Funda\u00e7\u00e3o Cultural Acia. Fomos agraciados com essa possibilidade e, ao longo dos tr\u00eas anos de gest\u00e3o, com nossa equipe coesa e ciente do importante trabalho de valoriza\u00e7\u00e3o dos fazedores de cultura locais e nacionais, promovemos grandes momentos voltados \u00e0 comunidade local que reconhece a for\u00e7a deste trabalho\u201d, conclui Elisa.<\/p>\n\n\n\n<p><strong>Final do Concurso<\/strong><\/p>\n\n\n\n<p>A grande final do 12\u00ba Concurso Musical Novos Talentos abriu a programa\u00e7\u00e3o do \u00faltimo dia do FestNatal Arax\u00e1.&nbsp; Malu Santos Olinto, L\u00edvia Souza (<em>Categoria Vocal Infantojuvenil), <\/em>Anna Luiza Rodrigues<em>, <\/em>Lucas Prado (<em>Categoria Vocal Adulto), <\/em>Maria Lu\u00edza Botelho (<em>Categoria Instrumental Infantojuvenil)<\/em> Pedro Gomes e Gustavo da Silva (<em>Categoria Instrumental Adulto) <\/em>subiram ao palco na defini\u00e7\u00e3o dos campe\u00f5es e foi o p\u00fablico que ajudou a escolher os vencedores.<\/p>\n\n\n\n<p>Muita gente votou pelo site do evento e o resultado final foi:<\/p>\n\n\n\n<p>Categoria Vocal Infantojuvenil &#8211; Malu Santos &#8211; CAMPE\u00c3<\/p>\n\n\n\n<p>Categoria Vocal Adulto &#8211; Lucas Prado &#8211; CAMPE\u00c3O<\/p>\n\n\n\n<p>Categoria Instrumental Infantojuvenil &#8211; Maria Lu\u00edza Botelho \u2013 CAMPE\u00c3<\/p>\n\n\n\n<p>Categoria Instrumental Adulto \u2013 Gustavo da Silva &#8211; CAMPE\u00c3O<\/p>\n\n\n\n<p>\u201cEstou muito feliz! Participei em 2020 e n\u00e3o ganhei, desta vez meu dedo doeu de tanto ensaiar e deu tudo certo.\u201d diz Malu Santos Ol\u00edmpio.<\/p>\n\n\n\n<p><strong>\u00daltimas atra\u00e7\u00f5es<\/strong><\/p>\n\n\n\n<p>Papai Noel chegou para sua despedida em Arax\u00e1 \u00e0s 19h e, em sua vila, recebeu centenas de crian\u00e7as.&nbsp; Al\u00e9m da foto com Papai Noel e a entrega de cartinhas, as crian\u00e7as tamb\u00e9m se divertiram muito nesta sexta (23) com a conta\u00e7\u00e3o de hist\u00f3ria do livro \u201cL\u00e9o, o vaga-lume do Papai Noel\u201d, lan\u00e7ado nesta edi\u00e7\u00e3o do FestNatal.<\/p>\n\n\n\n<p>Circulando pelo Expominas, o B\u00eajazz On The Street (Lei de Incentivo \u00e0 Cultura) emocionou os presentes com uma apresenta\u00e7\u00e3o \u00fanica que reuniu cl\u00e1ssicos em um tom intimista.<\/p>\n\n\n\n<p>No palco central a noite foi encerrada com Manga Rosa Instrumental (Lei de Incentivo \u00e0 Cultura), Maia G\u00eameos (Programa\u00e7\u00e3o Extra) e Banda Ben (Programa\u00e7\u00e3o Extra).<\/p>\n\n\n\n<p><strong>Retrospectiva<\/strong><\/p>\n\n\n\n<p>Veja os 15 momentos mais marcantes do FestNatal Arax\u00e1 2022:<\/p>\n\n\n\n<p>09\/12 \u2013 Chegada do Papai Noel<\/p>\n\n\n\n<p>10\/12 \u2013 Tim Maia Cover<\/p>\n\n\n\n<p>11\/12 \u2013 Oficina de Arte &#8211; Graffiti<\/p>\n\n\n\n<p>12\/12 \u2013 Mostra de Dan\u00e7as<\/p>\n\n\n\n<p>13\/12 \u2013 Papai Noel pela cidade<\/p>\n\n\n\n<p>14\/12 \u2013 Shows sertanejos<\/p>\n\n\n\n<p>15\/12 \u2013 Conta\u00e7\u00e3o de hist\u00f3ria<\/p>\n\n\n\n<p>16\/12 \u2013 Ana Ca\u00f1as<\/p>\n\n\n\n<p>17\/12 \u2013 Camille Bertaut<\/p>\n\n\n\n<p>18\/12 \u2013 S\u00f3 pra Contrariar<\/p>\n\n\n\n<p>19\/12 \u2013 Diego Figueiredo, S\u00e9rgio Reis e Chiquinho Oliveira<\/p>\n\n\n\n<p>20\/12 \u2013 Espet\u00e1culo Uma Aventura Congelante<\/p>\n\n\n\n<p>21\/12 \u2013 Lan\u00e7amento do Livro: \u201cL\u00e9o, o Vagalume do Papai Noel\u201d<\/p>\n\n\n\n<p>22\/12 \u2013 Espet\u00e1culo Auto de Luz<\/p>\n\n\n\n<p>23\/12 \u2013 Banda Ben<\/p>\n","protected":false},"excerpt":{"rendered":"<p>Maior festival natalino de MG terminou nesta sexta (23); veja retrospectiva Quinze dias. Mais de duzentas atra\u00e7\u00f5es apresentadas por cerca<\/p>\n","protected":false},"author":2,"featured_media":3837,"comment_status":"open","ping_status":"open","sticky":false,"template":"","format":"standard","meta":{"footnotes":""},"categories":[9,5,11],"tags":[],"class_list":["post-3832","post","type-post","status-publish","format-standard","has-post-thumbnail","hentry","category-araxa","category-arte-e-cultura","category-destaques"],"_links":{"self":[{"href":"http:\/\/blogdoarmindomaia.com.br\/index.php?rest_route=\/wp\/v2\/posts\/3832","targetHints":{"allow":["GET"]}}],"collection":[{"href":"http:\/\/blogdoarmindomaia.com.br\/index.php?rest_route=\/wp\/v2\/posts"}],"about":[{"href":"http:\/\/blogdoarmindomaia.com.br\/index.php?rest_route=\/wp\/v2\/types\/post"}],"author":[{"embeddable":true,"href":"http:\/\/blogdoarmindomaia.com.br\/index.php?rest_route=\/wp\/v2\/users\/2"}],"replies":[{"embeddable":true,"href":"http:\/\/blogdoarmindomaia.com.br\/index.php?rest_route=%2Fwp%2Fv2%2Fcomments&post=3832"}],"version-history":[{"count":1,"href":"http:\/\/blogdoarmindomaia.com.br\/index.php?rest_route=\/wp\/v2\/posts\/3832\/revisions"}],"predecessor-version":[{"id":3838,"href":"http:\/\/blogdoarmindomaia.com.br\/index.php?rest_route=\/wp\/v2\/posts\/3832\/revisions\/3838"}],"wp:featuredmedia":[{"embeddable":true,"href":"http:\/\/blogdoarmindomaia.com.br\/index.php?rest_route=\/wp\/v2\/media\/3837"}],"wp:attachment":[{"href":"http:\/\/blogdoarmindomaia.com.br\/index.php?rest_route=%2Fwp%2Fv2%2Fmedia&parent=3832"}],"wp:term":[{"taxonomy":"category","embeddable":true,"href":"http:\/\/blogdoarmindomaia.com.br\/index.php?rest_route=%2Fwp%2Fv2%2Fcategories&post=3832"},{"taxonomy":"post_tag","embeddable":true,"href":"http:\/\/blogdoarmindomaia.com.br\/index.php?rest_route=%2Fwp%2Fv2%2Ftags&post=3832"}],"curies":[{"name":"wp","href":"https:\/\/api.w.org\/{rel}","templated":true}]}}