{"id":3839,"date":"2022-12-27T11:10:52","date_gmt":"2022-12-27T14:10:52","guid":{"rendered":"http:\/\/blogdoarmindomaia.com.br\/?p=3839"},"modified":"2022-12-27T11:10:54","modified_gmt":"2022-12-27T14:10:54","slug":"2a-edicao-do-neste-natal-seja-luz-apresentou-32-atracoes-culturais","status":"publish","type":"post","link":"http:\/\/blogdoarmindomaia.com.br\/?p=3839","title":{"rendered":"2\u00aa edi\u00e7\u00e3o do Neste Natal Seja Luz apresentou 32 atra\u00e7\u00f5es culturais"},"content":{"rendered":"\n<figure class=\"wp-block-image size-large is-style-default\"><img loading=\"lazy\" decoding=\"async\" width=\"1024\" height=\"682\" src=\"http:\/\/blogdoarmindomaia.com.br\/wp-content\/uploads\/2022\/12\/2a-edicao-do-Neste-Natal-Seja-Luz-apresentou-32-atracoes-culturais-pag-05-1024x682.jpeg\" alt=\"\" class=\"wp-image-3840\" srcset=\"http:\/\/blogdoarmindomaia.com.br\/wp-content\/uploads\/2022\/12\/2a-edicao-do-Neste-Natal-Seja-Luz-apresentou-32-atracoes-culturais-pag-05-1024x682.jpeg 1024w, http:\/\/blogdoarmindomaia.com.br\/wp-content\/uploads\/2022\/12\/2a-edicao-do-Neste-Natal-Seja-Luz-apresentou-32-atracoes-culturais-pag-05-300x200.jpeg 300w, http:\/\/blogdoarmindomaia.com.br\/wp-content\/uploads\/2022\/12\/2a-edicao-do-Neste-Natal-Seja-Luz-apresentou-32-atracoes-culturais-pag-05-768x512.jpeg 768w, http:\/\/blogdoarmindomaia.com.br\/wp-content\/uploads\/2022\/12\/2a-edicao-do-Neste-Natal-Seja-Luz-apresentou-32-atracoes-culturais-pag-05.jpeg 1280w\" sizes=\"auto, (max-width: 1024px) 100vw, 1024px\" \/><\/figure>\n\n\n\n<figure class=\"wp-block-image size-large is-style-default\"><img loading=\"lazy\" decoding=\"async\" width=\"1024\" height=\"682\" src=\"http:\/\/blogdoarmindomaia.com.br\/wp-content\/uploads\/2022\/12\/Neste-Natal-Seja-Luz-4-1024x682.jpeg\" alt=\"\" class=\"wp-image-3841\" srcset=\"http:\/\/blogdoarmindomaia.com.br\/wp-content\/uploads\/2022\/12\/Neste-Natal-Seja-Luz-4-1024x682.jpeg 1024w, http:\/\/blogdoarmindomaia.com.br\/wp-content\/uploads\/2022\/12\/Neste-Natal-Seja-Luz-4-300x200.jpeg 300w, http:\/\/blogdoarmindomaia.com.br\/wp-content\/uploads\/2022\/12\/Neste-Natal-Seja-Luz-4-768x512.jpeg 768w, http:\/\/blogdoarmindomaia.com.br\/wp-content\/uploads\/2022\/12\/Neste-Natal-Seja-Luz-4.jpeg 1280w\" sizes=\"auto, (max-width: 1024px) 100vw, 1024px\" \/><\/figure>\n\n\n\n<figure class=\"wp-block-image size-large is-style-default\"><img loading=\"lazy\" decoding=\"async\" width=\"1024\" height=\"682\" src=\"http:\/\/blogdoarmindomaia.com.br\/wp-content\/uploads\/2022\/12\/Neste-Natal-Seja-Luz-8-1-1024x682.jpeg\" alt=\"\" class=\"wp-image-3842\" srcset=\"http:\/\/blogdoarmindomaia.com.br\/wp-content\/uploads\/2022\/12\/Neste-Natal-Seja-Luz-8-1-1024x682.jpeg 1024w, http:\/\/blogdoarmindomaia.com.br\/wp-content\/uploads\/2022\/12\/Neste-Natal-Seja-Luz-8-1-300x200.jpeg 300w, http:\/\/blogdoarmindomaia.com.br\/wp-content\/uploads\/2022\/12\/Neste-Natal-Seja-Luz-8-1-768x512.jpeg 768w, http:\/\/blogdoarmindomaia.com.br\/wp-content\/uploads\/2022\/12\/Neste-Natal-Seja-Luz-8-1.jpeg 1280w\" sizes=\"auto, (max-width: 1024px) 100vw, 1024px\" \/><\/figure>\n\n\n\n<p>A 2\u00aa Edi\u00e7\u00e3o do Neste Natal Seja Luz chegou ao fim , com a conclus\u00e3o das 32 apresenta\u00e7\u00f5es e atividades culturais. Espa\u00e7os como a Pra\u00e7a Arthur Bernardes, Escolas Municipais, museus, Teatro Municipal Maximiliano Rocha, Feira do Produtor e Apac receberam a programa\u00e7\u00e3o entre os dias 3 e 20 de dezembro.<br><br>O evento foi realizado por meio da parceria entre a Prefeitura de Arax\u00e1, Funda\u00e7\u00e3o Cultural Calmon Barreto (FCCB) e C\u00e2mara de Dirigentes Lojistas (CDL). Shows, exposi\u00e7\u00f5es art\u00edsticas, oficinas, teatro, dan\u00e7as, m\u00fasica, palestras e muito mais, fizeram parte das atra\u00e7\u00f5es culturais.<br><br>De acordo com a presidente da FCCB, Cynthia Ver\u00e7osa, em 2022, o prop\u00f3sito foi que o festival chegasse a mais pessoas. \u201cO diferencial desta segunda edi\u00e7\u00e3o foi que n\u00f3s percebemos a gratid\u00e3o das pessoas que prestigiaram nossos espet\u00e1culos. Foi o sentimento em receber as apresenta\u00e7\u00f5es nos lugares em que eles estavam, como nas escolas rurais ou nos bairros mais distantes, onde as poucas pessoas t\u00eam a oportunidade ouvir uma m\u00fasica ao vivo ou assistir um espet\u00e1culo de dan\u00e7a. Tivemos um balan\u00e7o muito positivo de apresenta\u00e7\u00f5es e p\u00fablico\u201d, avalia.<br><br>Ilumina\u00e7\u00e3o<br><br>A ilumina\u00e7\u00e3o de Natal continua em Arax\u00e1 at\u00e9 o dia 6 de janeiro. Com repasse de R$ 2 milh\u00f5es do munic\u00edpio, a CDL ficou respons\u00e1vel pela montagem das luzes em 24 pontos da cidade. Para o prefeito Robson Magela, a ilumina\u00e7\u00e3o deste ano teve o intuito de reaproximar as pessoas do esp\u00edrito do Natal.<br><br>\u201cEstamos recebendo muitos elogios de que a h\u00e1 anos Arax\u00e1 n\u00e3o ficava t\u00e3o bonita e iluminada. Proporcionar isso \u00e0s pessoas \u00e9 muito gratificante. A gente v\u00ea fam\u00edlias e turistas apreciando a ilumina\u00e7\u00e3o. Isso tamb\u00e9m movimenta o com\u00e9rcio e faz com mais pessoas fomentem a economia local, al\u00e9m de propagar o esp\u00edrito natalino\u201d, destaca o prefeito.<\/p>\n","protected":false},"excerpt":{"rendered":"<p>A 2\u00aa Edi\u00e7\u00e3o do Neste Natal Seja Luz chegou ao fim , com a conclus\u00e3o das 32 apresenta\u00e7\u00f5es e atividades<\/p>\n","protected":false},"author":2,"featured_media":3841,"comment_status":"open","ping_status":"open","sticky":false,"template":"","format":"standard","meta":{"footnotes":""},"categories":[9,5],"tags":[],"class_list":["post-3839","post","type-post","status-publish","format-standard","has-post-thumbnail","hentry","category-araxa","category-arte-e-cultura"],"_links":{"self":[{"href":"http:\/\/blogdoarmindomaia.com.br\/index.php?rest_route=\/wp\/v2\/posts\/3839","targetHints":{"allow":["GET"]}}],"collection":[{"href":"http:\/\/blogdoarmindomaia.com.br\/index.php?rest_route=\/wp\/v2\/posts"}],"about":[{"href":"http:\/\/blogdoarmindomaia.com.br\/index.php?rest_route=\/wp\/v2\/types\/post"}],"author":[{"embeddable":true,"href":"http:\/\/blogdoarmindomaia.com.br\/index.php?rest_route=\/wp\/v2\/users\/2"}],"replies":[{"embeddable":true,"href":"http:\/\/blogdoarmindomaia.com.br\/index.php?rest_route=%2Fwp%2Fv2%2Fcomments&post=3839"}],"version-history":[{"count":1,"href":"http:\/\/blogdoarmindomaia.com.br\/index.php?rest_route=\/wp\/v2\/posts\/3839\/revisions"}],"predecessor-version":[{"id":3843,"href":"http:\/\/blogdoarmindomaia.com.br\/index.php?rest_route=\/wp\/v2\/posts\/3839\/revisions\/3843"}],"wp:featuredmedia":[{"embeddable":true,"href":"http:\/\/blogdoarmindomaia.com.br\/index.php?rest_route=\/wp\/v2\/media\/3841"}],"wp:attachment":[{"href":"http:\/\/blogdoarmindomaia.com.br\/index.php?rest_route=%2Fwp%2Fv2%2Fmedia&parent=3839"}],"wp:term":[{"taxonomy":"category","embeddable":true,"href":"http:\/\/blogdoarmindomaia.com.br\/index.php?rest_route=%2Fwp%2Fv2%2Fcategories&post=3839"},{"taxonomy":"post_tag","embeddable":true,"href":"http:\/\/blogdoarmindomaia.com.br\/index.php?rest_route=%2Fwp%2Fv2%2Ftags&post=3839"}],"curies":[{"name":"wp","href":"https:\/\/api.w.org\/{rel}","templated":true}]}}