{"id":385,"date":"2022-04-19T19:51:38","date_gmt":"2022-04-19T22:51:38","guid":{"rendered":"http:\/\/blogdoarmindomaia.com.br\/?p=385"},"modified":"2022-04-19T19:51:40","modified_gmt":"2022-04-19T22:51:40","slug":"centro-julio-dario-abre-inscricoes-para-os-cursos-de-fotografia-e-informatica-voltada-para-marketing-digital","status":"publish","type":"post","link":"http:\/\/blogdoarmindomaia.com.br\/?p=385","title":{"rendered":"<strong>Centro Julio D\u00e1rio abre inscri\u00e7\u00f5es para os Cursos De Fotografia e Inform\u00e1tica voltada para Marketing Digital<\/strong>"},"content":{"rendered":"\n<figure class=\"wp-block-image size-large is-style-default\"><img loading=\"lazy\" decoding=\"async\" width=\"1024\" height=\"576\" src=\"http:\/\/blogdoarmindomaia.com.br\/wp-content\/uploads\/2022\/04\/Julio-Darioinscricoes_projeto1-1024x576.jpeg\" alt=\"\" class=\"wp-image-386\" srcset=\"http:\/\/blogdoarmindomaia.com.br\/wp-content\/uploads\/2022\/04\/Julio-Darioinscricoes_projeto1-1024x576.jpeg 1024w, http:\/\/blogdoarmindomaia.com.br\/wp-content\/uploads\/2022\/04\/Julio-Darioinscricoes_projeto1-300x169.jpeg 300w, http:\/\/blogdoarmindomaia.com.br\/wp-content\/uploads\/2022\/04\/Julio-Darioinscricoes_projeto1-768x432.jpeg 768w, http:\/\/blogdoarmindomaia.com.br\/wp-content\/uploads\/2022\/04\/Julio-Darioinscricoes_projeto1.jpeg 1280w\" sizes=\"auto, (max-width: 1024px) 100vw, 1024px\" \/><\/figure>\n\n\n\n<p><em>Os cursos visam capacitar mulheres nas \u00e1reas de fotografia e inform\u00e1tica para atua\u00e7\u00e3o no mercado de trabalho<\/em><\/p>\n\n\n\n<p>O Centro de Forma\u00e7\u00e3o Profissional Julio D\u00e1rio (CFPJD), est\u00e1 com inscri\u00e7\u00f5es abertas para os cursos gratuitos de Fotografia e Inform\u00e1tica com foco em Marketing Digital para mulheres de 18 a 59 anos.<\/p>\n\n\n\n<p>A Oficina de Inform\u00e1tica voltada para Marketing digital \u00e9 um treinamento pr\u00e1tico em divulga\u00e7\u00e3o atrav\u00e9s de m\u00eddias online. Ao fim do curso, a benefici\u00e1ria ser\u00e1 capaz de impulsionar seu pr\u00f3prio neg\u00f3cio atrav\u00e9s da internet, divulgando produtos e\/ou servi\u00e7os.<\/p>\n\n\n\n<p>Sobre a Oficina de Fotografia, a benefici\u00e1ria ir\u00e1 aprender os conceitos b\u00e1sicos de fotografia, de maneira a entender o funcionamento de uma c\u00e2mera fotogr\u00e1fica digital e realizar o processamento das fotos em um software especializado.<\/p>\n\n\n\n<p>Os cursos s\u00e3o oferecidos por meio do Projeto \u201cMULHERES EM A\u00c7\u00c3O\u201d, apoiado com recurso do Fundo Municipal de Assist\u00eancia Social (FMAS). Todas as inscri\u00e7\u00f5es devem ser feitas presencialmente no Centro Julio D\u00e1rio situado \u00e0 av. Amazonas, 200 &#8211; S\u00e3o Geraldo.<\/p>\n\n\n\n<p>A data para se inscrever e passar pelo processo seletivo socioecon\u00f4mico ser\u00e1 de 18\/04 \u00e0 28\/04\/2022. Os interessados devem comparecer a sede da entidade para a inscri\u00e7\u00e3o portando a seguinte documenta\u00e7\u00e3o:<\/p>\n\n\n\n<p>\u00b7&nbsp;&nbsp;&nbsp;&nbsp;&nbsp;&nbsp;&nbsp;&nbsp;&nbsp;RG e CPF;<\/p>\n\n\n\n<p>\u00b7&nbsp;&nbsp;&nbsp;&nbsp;&nbsp;&nbsp;&nbsp;&nbsp;&nbsp;Comprovante de endere\u00e7o;<\/p>\n\n\n\n<p>\u00b7&nbsp;&nbsp;&nbsp;&nbsp;&nbsp;&nbsp;&nbsp;&nbsp;&nbsp;Comprovante de renda;<\/p>\n\n\n\n<p>\u00b7&nbsp;&nbsp;&nbsp;&nbsp;&nbsp;&nbsp;&nbsp;&nbsp;&nbsp;N\u00famero do CAD\u00fanico (caso tenha).<\/p>\n\n\n\n<p>Informa\u00e7\u00f5es: (34) 3662-3929<\/p>\n\n\n\n<p><strong><em>Ascom&nbsp; Centro Julio D\u00e1rio<\/em><\/strong><\/p>\n","protected":false},"excerpt":{"rendered":"<p>Os cursos visam capacitar mulheres nas \u00e1reas de fotografia e inform\u00e1tica para atua\u00e7\u00e3o no mercado de trabalho O Centro de<\/p>\n","protected":false},"author":2,"featured_media":386,"comment_status":"open","ping_status":"open","sticky":false,"template":"","format":"standard","meta":{"footnotes":""},"categories":[13],"tags":[],"class_list":["post-385","post","type-post","status-publish","format-standard","has-post-thumbnail","hentry","category-educacao"],"_links":{"self":[{"href":"http:\/\/blogdoarmindomaia.com.br\/index.php?rest_route=\/wp\/v2\/posts\/385","targetHints":{"allow":["GET"]}}],"collection":[{"href":"http:\/\/blogdoarmindomaia.com.br\/index.php?rest_route=\/wp\/v2\/posts"}],"about":[{"href":"http:\/\/blogdoarmindomaia.com.br\/index.php?rest_route=\/wp\/v2\/types\/post"}],"author":[{"embeddable":true,"href":"http:\/\/blogdoarmindomaia.com.br\/index.php?rest_route=\/wp\/v2\/users\/2"}],"replies":[{"embeddable":true,"href":"http:\/\/blogdoarmindomaia.com.br\/index.php?rest_route=%2Fwp%2Fv2%2Fcomments&post=385"}],"version-history":[{"count":1,"href":"http:\/\/blogdoarmindomaia.com.br\/index.php?rest_route=\/wp\/v2\/posts\/385\/revisions"}],"predecessor-version":[{"id":387,"href":"http:\/\/blogdoarmindomaia.com.br\/index.php?rest_route=\/wp\/v2\/posts\/385\/revisions\/387"}],"wp:featuredmedia":[{"embeddable":true,"href":"http:\/\/blogdoarmindomaia.com.br\/index.php?rest_route=\/wp\/v2\/media\/386"}],"wp:attachment":[{"href":"http:\/\/blogdoarmindomaia.com.br\/index.php?rest_route=%2Fwp%2Fv2%2Fmedia&parent=385"}],"wp:term":[{"taxonomy":"category","embeddable":true,"href":"http:\/\/blogdoarmindomaia.com.br\/index.php?rest_route=%2Fwp%2Fv2%2Fcategories&post=385"},{"taxonomy":"post_tag","embeddable":true,"href":"http:\/\/blogdoarmindomaia.com.br\/index.php?rest_route=%2Fwp%2Fv2%2Ftags&post=385"}],"curies":[{"name":"wp","href":"https:\/\/api.w.org\/{rel}","templated":true}]}}