{"id":3856,"date":"2022-12-29T11:49:24","date_gmt":"2022-12-29T14:49:24","guid":{"rendered":"http:\/\/blogdoarmindomaia.com.br\/?p=3856"},"modified":"2022-12-29T11:49:25","modified_gmt":"2022-12-29T14:49:25","slug":"demolicao-do-casarao-historico-do-seculo-19-e-embargada-pelo-ipdsa","status":"publish","type":"post","link":"http:\/\/blogdoarmindomaia.com.br\/?p=3856","title":{"rendered":"Demoli\u00e7\u00e3o do casar\u00e3o hist\u00f3rico do s\u00e9culo 19 \u00e9 embargada pelo IPDSA"},"content":{"rendered":"\n<figure class=\"wp-block-image size-full is-style-default\"><img loading=\"lazy\" decoding=\"async\" width=\"768\" height=\"1024\" src=\"http:\/\/blogdoarmindomaia.com.br\/wp-content\/uploads\/2022\/12\/casarao-2.jpg\" alt=\"\" class=\"wp-image-3857\" srcset=\"http:\/\/blogdoarmindomaia.com.br\/wp-content\/uploads\/2022\/12\/casarao-2.jpg 768w, http:\/\/blogdoarmindomaia.com.br\/wp-content\/uploads\/2022\/12\/casarao-2-225x300.jpg 225w\" sizes=\"auto, (max-width: 768px) 100vw, 768px\" \/><\/figure>\n\n\n\n<figure class=\"wp-block-image size-large is-style-default\"><img loading=\"lazy\" decoding=\"async\" width=\"1024\" height=\"768\" src=\"http:\/\/blogdoarmindomaia.com.br\/wp-content\/uploads\/2022\/12\/casarao-1-1024x768.jpg\" alt=\"\" class=\"wp-image-3858\" srcset=\"http:\/\/blogdoarmindomaia.com.br\/wp-content\/uploads\/2022\/12\/casarao-1-1024x768.jpg 1024w, http:\/\/blogdoarmindomaia.com.br\/wp-content\/uploads\/2022\/12\/casarao-1-300x225.jpg 300w, http:\/\/blogdoarmindomaia.com.br\/wp-content\/uploads\/2022\/12\/casarao-1-768x576.jpg 768w, http:\/\/blogdoarmindomaia.com.br\/wp-content\/uploads\/2022\/12\/casarao-1-1536x1152.jpg 1536w, http:\/\/blogdoarmindomaia.com.br\/wp-content\/uploads\/2022\/12\/casarao-1.jpg 1600w\" sizes=\"auto, (max-width: 1024px) 100vw, 1024px\" \/><\/figure>\n\n\n\n<p>Na noite de quarta-feira, 28 de dezembro, o casar\u00e3o hist\u00f3rico do s\u00e9culo 19, localizado no cora\u00e7\u00e3o de Arax\u00e1, na esquina da Avenida Ant\u00f4nio Carlos com a Rua Capit\u00e3o Jos\u00e9 Porf\u00edrio, come\u00e7ou a ser demolido, pelo o novo propriet\u00e1rio do im\u00f3vel.<\/p>\n\n\n\n<p>A a\u00e7\u00e3o causou muita estranheza na comunidade araxaense, pois se tratava de um im\u00f3vel constru\u00eddo no s\u00e9culo 19 e fazia parte do passado hist\u00f3rico do munic\u00edpio de Arax\u00e1.<\/p>\n\n\n\n<p>A&nbsp; demoli\u00e7\u00e3o do&nbsp; pr\u00e9dio chamou a aten\u00e7\u00e3o de muita gente, com fotos e v\u00eddeos da a\u00e7\u00e3o sendo divulgados amplamente na redes sociais.<\/p>\n\n\n\n<p>Na manh\u00e3 desta quinta-feira, fiscais do IPDSA \u2013 Instituto de Planejamento e Desenvolvimento Sustent\u00e1vel de Arax\u00e1, estiveram no local e constataram que n\u00e3o havia nenhum documento oficial do Instituto e do Conselho Municipal de Patrim\u00f4nio Cultural,&nbsp; autorizando a a\u00e7\u00e3o de demoli\u00e7\u00e3o do antigo casar\u00e3o. Ap\u00f3s a averigua\u00e7\u00e3o no local, os fiscais determinaram a paralisa\u00e7\u00e3o imediata da demoli\u00e7\u00e3o.<\/p>\n\n\n\n<p>De acordo com o Superintendente do IPDSA Vin\u00edcius Martins, \u201c assim que o IPDSA tomou conhecimento da demoli\u00e7\u00e3o os fiscais do Instituto foram para o local e determinaram aa suspens\u00e3o da atividade. No entanto na madrugada de quinta-feira, a demoli\u00e7\u00e3o foi conclu\u00edda, mesmo com o pedido de embargo por parte do IPDSA\u201d.&nbsp;&nbsp;&nbsp;&nbsp;&nbsp;<\/p>\n\n\n\n<p>J\u00e1 a Presidente da Funda\u00e7\u00e3o Cultural Calmon Barreto, Cyntia&nbsp; Ver\u00e7osa, disse a reportagem do Jornal Intera\u00e7\u00e3o que, \u201c infelizmente, uma parte hist\u00f3rica importante de Arax\u00e1 foi demolida numa madrugada. Mesmo com a n\u00e3o autoriza\u00e7\u00e3o do Compac e sem alvar\u00e1 do IPDSA. Agora&nbsp; n\u00f3s vamos enviar o&nbsp; caso para o Minist\u00e9rio P\u00fablico para tomar as devidas provid\u00eancias\u201d.<\/p>\n\n\n\n<p>Cyntia tamb\u00e9m revelou que o&nbsp; im\u00f3vel j\u00e1 tinha passado pelo processo de invent\u00e1rio&nbsp; e que estava em&nbsp; analise para o tombamento. E que neste caso jamais poderia ser demolido.<\/p>\n\n\n\n<p>A reportagem do Jornal Intera\u00e7\u00e3o est\u00e1 entrando em contanto com o propriet\u00e1rio do&nbsp; im\u00f3vel para&nbsp; saber a posi\u00e7\u00e3o do&nbsp; empres\u00e1rio sobre o caso. &nbsp;&nbsp;&nbsp;&nbsp;&nbsp;&nbsp;&nbsp;&nbsp;&nbsp;&nbsp;&nbsp;&nbsp;&nbsp;&nbsp;&nbsp;&nbsp;&nbsp;&nbsp;&nbsp;&nbsp;&nbsp;&nbsp;&nbsp;&nbsp;&nbsp;&nbsp;<\/p>\n","protected":false},"excerpt":{"rendered":"<p>Na noite de quarta-feira, 28 de dezembro, o casar\u00e3o hist\u00f3rico do s\u00e9culo 19, localizado no cora\u00e7\u00e3o de Arax\u00e1, na esquina<\/p>\n","protected":false},"author":2,"featured_media":3859,"comment_status":"open","ping_status":"open","sticky":false,"template":"","format":"standard","meta":{"footnotes":""},"categories":[9,11],"tags":[],"class_list":["post-3856","post","type-post","status-publish","format-standard","has-post-thumbnail","hentry","category-araxa","category-destaques"],"_links":{"self":[{"href":"http:\/\/blogdoarmindomaia.com.br\/index.php?rest_route=\/wp\/v2\/posts\/3856","targetHints":{"allow":["GET"]}}],"collection":[{"href":"http:\/\/blogdoarmindomaia.com.br\/index.php?rest_route=\/wp\/v2\/posts"}],"about":[{"href":"http:\/\/blogdoarmindomaia.com.br\/index.php?rest_route=\/wp\/v2\/types\/post"}],"author":[{"embeddable":true,"href":"http:\/\/blogdoarmindomaia.com.br\/index.php?rest_route=\/wp\/v2\/users\/2"}],"replies":[{"embeddable":true,"href":"http:\/\/blogdoarmindomaia.com.br\/index.php?rest_route=%2Fwp%2Fv2%2Fcomments&post=3856"}],"version-history":[{"count":1,"href":"http:\/\/blogdoarmindomaia.com.br\/index.php?rest_route=\/wp\/v2\/posts\/3856\/revisions"}],"predecessor-version":[{"id":3860,"href":"http:\/\/blogdoarmindomaia.com.br\/index.php?rest_route=\/wp\/v2\/posts\/3856\/revisions\/3860"}],"wp:featuredmedia":[{"embeddable":true,"href":"http:\/\/blogdoarmindomaia.com.br\/index.php?rest_route=\/wp\/v2\/media\/3859"}],"wp:attachment":[{"href":"http:\/\/blogdoarmindomaia.com.br\/index.php?rest_route=%2Fwp%2Fv2%2Fmedia&parent=3856"}],"wp:term":[{"taxonomy":"category","embeddable":true,"href":"http:\/\/blogdoarmindomaia.com.br\/index.php?rest_route=%2Fwp%2Fv2%2Fcategories&post=3856"},{"taxonomy":"post_tag","embeddable":true,"href":"http:\/\/blogdoarmindomaia.com.br\/index.php?rest_route=%2Fwp%2Fv2%2Ftags&post=3856"}],"curies":[{"name":"wp","href":"https:\/\/api.w.org\/{rel}","templated":true}]}}