{"id":3872,"date":"2022-12-29T17:10:20","date_gmt":"2022-12-29T20:10:20","guid":{"rendered":"http:\/\/blogdoarmindomaia.com.br\/?p=3872"},"modified":"2022-12-29T17:10:22","modified_gmt":"2022-12-29T20:10:22","slug":"paulo-nessralla-e-reeleito-presidente-da-cdl-de-araxa","status":"publish","type":"post","link":"http:\/\/blogdoarmindomaia.com.br\/?p=3872","title":{"rendered":"<strong>Paulo Nessralla \u00a0\u00e9 reeleito presidente da CDL de Arax\u00e1<\/strong>"},"content":{"rendered":"\n<figure class=\"wp-block-image size-full is-style-default\"><img loading=\"lazy\" decoding=\"async\" width=\"241\" height=\"321\" src=\"http:\/\/blogdoarmindomaia.com.br\/wp-content\/uploads\/2022\/12\/Paulo-Nessralla-e-reeleito-presidente-da-CDL-de-Araxa-pag-04.jpg\" alt=\"\" class=\"wp-image-3873\" srcset=\"http:\/\/blogdoarmindomaia.com.br\/wp-content\/uploads\/2022\/12\/Paulo-Nessralla-e-reeleito-presidente-da-CDL-de-Araxa-pag-04.jpg 241w, http:\/\/blogdoarmindomaia.com.br\/wp-content\/uploads\/2022\/12\/Paulo-Nessralla-e-reeleito-presidente-da-CDL-de-Araxa-pag-04-225x300.jpg 225w\" sizes=\"auto, (max-width: 241px) 100vw, 241px\" \/><figcaption class=\"wp-element-caption\">????????????????????????????????????<\/figcaption><\/figure>\n\n\n\n<p><strong>Professor e engenheiro araxaense Paulo Marcos Nessralla, foi reeleito&nbsp; presid\u00eancia da C\u00e2mara de Dirigentes lojistas, a CDL de&nbsp; Arax\u00e1, entidade de classe que ele ajudou a implantar em Arax\u00e1. Paulo Marcos Nessralla tamb\u00e9m no ano de&nbsp;<\/strong>1991, era professor e &nbsp;ent\u00e3o chefe do DE-II do Cefet-MG, em BH, e foi quem conduziu todo o processo para a implanta\u00e7\u00e3o&nbsp; da unidade&nbsp; do Cefet em Arax\u00e1. &nbsp;Paulo Nessralla, tinha assumido a presid\u00eancia da&nbsp;<strong>C\u00e2mara de Dirigentes lojistas, a CDL de&nbsp; Arax\u00e1, no lugar do empres\u00e1rio Itamar Machado. A reelei\u00e7\u00e3o dele para o tri\u00eanio 2023-2025, aconteceu no dia 9 de dezembro na sede da CDL. Entre as a\u00e7\u00f5es ofertadas pela CDL de&nbsp; Arax\u00e1 est\u00e3o; consulta de cr\u00e9dito, assessoria jur\u00eddica, certid\u00e3o&nbsp; digital&nbsp; e seguro&nbsp; de vida.&nbsp;&nbsp;&nbsp; A CDL de Arax\u00e1 fica na<\/strong>&nbsp; Rua Claudio Jos\u00e9 de Faria, 465 \u2013 Vila Jo\u00e3o Ribeiro \u2013 Arax\u00e1\/MG e o telefone \u00e9 o &nbsp;(34) 3662-6060. Em entrevista ao Jornal Intera\u00e7\u00e3o Paulo Nessralla disse que, \u201cn\u00f3s queremos realizar uma segunda gest\u00e3o \u00e0 frente da CDL de Arax\u00e1, buscando melhorar a oferta de servi\u00e7os aos nossos associados e temos como uma das metas principais a cria\u00e7\u00e3o de uma Universidade do Com\u00e9rcio, em nossa cidade, com o objetivo de ser um espa\u00e7o exclusivo para cursos, palestras, capacita\u00e7\u00e3o e conven\u00e7\u00f5es voltados para os empres\u00e1rios, comerciantes e seus colaboradores\u201d.&nbsp;&nbsp;&nbsp;&nbsp;&nbsp; <strong><\/strong><\/p>\n","protected":false},"excerpt":{"rendered":"<p>Professor e engenheiro araxaense Paulo Marcos Nessralla, foi reeleito&nbsp; presid\u00eancia da C\u00e2mara de Dirigentes lojistas, a CDL de&nbsp; Arax\u00e1, entidade<\/p>\n","protected":false},"author":2,"featured_media":3873,"comment_status":"open","ping_status":"open","sticky":false,"template":"","format":"standard","meta":{"footnotes":""},"categories":[9,11],"tags":[],"class_list":["post-3872","post","type-post","status-publish","format-standard","has-post-thumbnail","hentry","category-araxa","category-destaques"],"_links":{"self":[{"href":"http:\/\/blogdoarmindomaia.com.br\/index.php?rest_route=\/wp\/v2\/posts\/3872","targetHints":{"allow":["GET"]}}],"collection":[{"href":"http:\/\/blogdoarmindomaia.com.br\/index.php?rest_route=\/wp\/v2\/posts"}],"about":[{"href":"http:\/\/blogdoarmindomaia.com.br\/index.php?rest_route=\/wp\/v2\/types\/post"}],"author":[{"embeddable":true,"href":"http:\/\/blogdoarmindomaia.com.br\/index.php?rest_route=\/wp\/v2\/users\/2"}],"replies":[{"embeddable":true,"href":"http:\/\/blogdoarmindomaia.com.br\/index.php?rest_route=%2Fwp%2Fv2%2Fcomments&post=3872"}],"version-history":[{"count":1,"href":"http:\/\/blogdoarmindomaia.com.br\/index.php?rest_route=\/wp\/v2\/posts\/3872\/revisions"}],"predecessor-version":[{"id":3874,"href":"http:\/\/blogdoarmindomaia.com.br\/index.php?rest_route=\/wp\/v2\/posts\/3872\/revisions\/3874"}],"wp:featuredmedia":[{"embeddable":true,"href":"http:\/\/blogdoarmindomaia.com.br\/index.php?rest_route=\/wp\/v2\/media\/3873"}],"wp:attachment":[{"href":"http:\/\/blogdoarmindomaia.com.br\/index.php?rest_route=%2Fwp%2Fv2%2Fmedia&parent=3872"}],"wp:term":[{"taxonomy":"category","embeddable":true,"href":"http:\/\/blogdoarmindomaia.com.br\/index.php?rest_route=%2Fwp%2Fv2%2Fcategories&post=3872"},{"taxonomy":"post_tag","embeddable":true,"href":"http:\/\/blogdoarmindomaia.com.br\/index.php?rest_route=%2Fwp%2Fv2%2Ftags&post=3872"}],"curies":[{"name":"wp","href":"https:\/\/api.w.org\/{rel}","templated":true}]}}