{"id":3875,"date":"2022-12-29T17:12:56","date_gmt":"2022-12-29T20:12:56","guid":{"rendered":"http:\/\/blogdoarmindomaia.com.br\/?p=3875"},"modified":"2022-12-29T17:12:58","modified_gmt":"2022-12-29T20:12:58","slug":"campeonato-mineiro-tera-nova-formula-de-disputa-em-2023","status":"publish","type":"post","link":"http:\/\/blogdoarmindomaia.com.br\/?p=3875","title":{"rendered":"Campeonato Mineiro ter\u00e1 nova f\u00f3rmula de disputa em 2023"},"content":{"rendered":"\n<figure class=\"wp-block-image size-large is-style-default\"><img loading=\"lazy\" decoding=\"async\" width=\"1024\" height=\"683\" src=\"http:\/\/blogdoarmindomaia.com.br\/wp-content\/uploads\/2022\/12\/Cruzeiro-e-Atleticio-1024x683.jpg\" alt=\"\" class=\"wp-image-3876\" srcset=\"http:\/\/blogdoarmindomaia.com.br\/wp-content\/uploads\/2022\/12\/Cruzeiro-e-Atleticio-1024x683.jpg 1024w, http:\/\/blogdoarmindomaia.com.br\/wp-content\/uploads\/2022\/12\/Cruzeiro-e-Atleticio-300x200.jpg 300w, http:\/\/blogdoarmindomaia.com.br\/wp-content\/uploads\/2022\/12\/Cruzeiro-e-Atleticio-768x512.jpg 768w, http:\/\/blogdoarmindomaia.com.br\/wp-content\/uploads\/2022\/12\/Cruzeiro-e-Atleticio.jpg 1224w\" sizes=\"auto, (max-width: 1024px) 100vw, 1024px\" \/><\/figure>\n\n\n\n<p>A FMF (Federa\u00e7\u00e3o Mineira de Futebol) definiu que&nbsp;<a href=\"https:\/\/www.diarioceleste.com.br\/noticias-do-cruzeiro\/fmf-altera-formula-de-disputa-do-campeonato-mineiro-2023\/\">o Campeonato Mineiro 2023 ter\u00e1 a f\u00f3rmula de disputa alterada<\/a>, na primeira fase ser\u00e3o 3 grupos com 4 times cada. O&nbsp;<a href=\"https:\/\/www.diarioceleste.com.br\/\">Cruzeiro<\/a>&nbsp;ficou no Grupo C, que ter\u00e1 a presen\u00e7a do Democrata-GV, do Tombense e do Ipatinga. Os tr\u00eas clube da capital ser\u00e3o os cabe\u00e7as de chave nos tr\u00eas grupos.<\/p>\n\n\n\n<p><\/p>\n\n\n\n<p>O Grupo A conta com: Atl\u00e9tico, Athletic, Villa Nova e Pouso Alegre, no Grupo B teremos: Am\u00e9rica, Caldense, Patrocinense e Democrata-SL. Os clubes enfrentam advers\u00e1rios de outros grupos, os l\u00edderes avan\u00e7am de fase, al\u00e9m do 2\u00ba melhor. Um triangular de rebaixamento acontece com os tr\u00eas piores da primeira fase.<\/p>\n\n\n\n<p>As semifinais do Campeonato Mineiro acontecer\u00e3o com jogos de ida e volta, assim como a decis\u00e3o, que tamb\u00e9m ser\u00e1 realizada com duas partidas. O VAR estar\u00e1 presente em todas partidas da competi\u00e7\u00e3o estadual.<\/p>\n\n\n\n<p>Uma outra novidade \u00e9 que ficou definido que a FMF assumir\u00e1 a responsabilidade de cuidar do gramado dos est\u00e1dios, caso o clube n\u00e3o o entregue em condi\u00e7\u00f5es aptas a partir das primeiras vistorias, que est\u00e3o sendo realizadas.<\/p>\n\n\n\n<p>O Campeonato Mineiro 2023 ter\u00e1 in\u00edcio no dia 21 de janeiro, al\u00e9m das mudan\u00e7as j\u00e1 citadas, a competi\u00e7\u00e3o contar\u00e1 com a presen\u00e7a do VAR em todas as partidas.<\/p>\n","protected":false},"excerpt":{"rendered":"<p>A FMF (Federa\u00e7\u00e3o Mineira de Futebol) definiu que&nbsp;o Campeonato Mineiro 2023 ter\u00e1 a f\u00f3rmula de disputa alterada, na primeira fase<\/p>\n","protected":false},"author":2,"featured_media":3876,"comment_status":"open","ping_status":"open","sticky":false,"template":"","format":"standard","meta":{"footnotes":""},"categories":[9,11],"tags":[],"class_list":["post-3875","post","type-post","status-publish","format-standard","has-post-thumbnail","hentry","category-araxa","category-destaques"],"_links":{"self":[{"href":"http:\/\/blogdoarmindomaia.com.br\/index.php?rest_route=\/wp\/v2\/posts\/3875","targetHints":{"allow":["GET"]}}],"collection":[{"href":"http:\/\/blogdoarmindomaia.com.br\/index.php?rest_route=\/wp\/v2\/posts"}],"about":[{"href":"http:\/\/blogdoarmindomaia.com.br\/index.php?rest_route=\/wp\/v2\/types\/post"}],"author":[{"embeddable":true,"href":"http:\/\/blogdoarmindomaia.com.br\/index.php?rest_route=\/wp\/v2\/users\/2"}],"replies":[{"embeddable":true,"href":"http:\/\/blogdoarmindomaia.com.br\/index.php?rest_route=%2Fwp%2Fv2%2Fcomments&post=3875"}],"version-history":[{"count":1,"href":"http:\/\/blogdoarmindomaia.com.br\/index.php?rest_route=\/wp\/v2\/posts\/3875\/revisions"}],"predecessor-version":[{"id":3877,"href":"http:\/\/blogdoarmindomaia.com.br\/index.php?rest_route=\/wp\/v2\/posts\/3875\/revisions\/3877"}],"wp:featuredmedia":[{"embeddable":true,"href":"http:\/\/blogdoarmindomaia.com.br\/index.php?rest_route=\/wp\/v2\/media\/3876"}],"wp:attachment":[{"href":"http:\/\/blogdoarmindomaia.com.br\/index.php?rest_route=%2Fwp%2Fv2%2Fmedia&parent=3875"}],"wp:term":[{"taxonomy":"category","embeddable":true,"href":"http:\/\/blogdoarmindomaia.com.br\/index.php?rest_route=%2Fwp%2Fv2%2Fcategories&post=3875"},{"taxonomy":"post_tag","embeddable":true,"href":"http:\/\/blogdoarmindomaia.com.br\/index.php?rest_route=%2Fwp%2Fv2%2Ftags&post=3875"}],"curies":[{"name":"wp","href":"https:\/\/api.w.org\/{rel}","templated":true}]}}