{"id":3878,"date":"2022-12-29T17:24:55","date_gmt":"2022-12-29T20:24:55","guid":{"rendered":"http:\/\/blogdoarmindomaia.com.br\/?p=3878"},"modified":"2022-12-29T17:24:57","modified_gmt":"2022-12-29T20:24:57","slug":"memorial-mauricio-rosa-um-ano-resgatando-o-oficio-da-tipografia-e-contando-a-historia-da-evolucao-da-imprensa","status":"publish","type":"post","link":"http:\/\/blogdoarmindomaia.com.br\/?p=3878","title":{"rendered":"Memorial\u00a0 Maur\u00edcio Rosa:\u00a0 Um ano resgatando o of\u00edcio da tipografia e contando a hist\u00f3ria da evolu\u00e7\u00e3o da imprensa"},"content":{"rendered":"\n<figure class=\"wp-block-image size-large is-style-default\"><img loading=\"lazy\" decoding=\"async\" width=\"1024\" height=\"633\" src=\"http:\/\/blogdoarmindomaia.com.br\/wp-content\/uploads\/2022\/12\/Artigo-de-Vilma-Cunha-Duarte-A-Esquina-da-Cultura-pag-06-1024x633.jpg\" alt=\"\" class=\"wp-image-3880\" srcset=\"http:\/\/blogdoarmindomaia.com.br\/wp-content\/uploads\/2022\/12\/Artigo-de-Vilma-Cunha-Duarte-A-Esquina-da-Cultura-pag-06-1024x633.jpg 1024w, http:\/\/blogdoarmindomaia.com.br\/wp-content\/uploads\/2022\/12\/Artigo-de-Vilma-Cunha-Duarte-A-Esquina-da-Cultura-pag-06-300x185.jpg 300w, http:\/\/blogdoarmindomaia.com.br\/wp-content\/uploads\/2022\/12\/Artigo-de-Vilma-Cunha-Duarte-A-Esquina-da-Cultura-pag-06-768x475.jpg 768w, http:\/\/blogdoarmindomaia.com.br\/wp-content\/uploads\/2022\/12\/Artigo-de-Vilma-Cunha-Duarte-A-Esquina-da-Cultura-pag-06.jpg 1165w\" sizes=\"auto, (max-width: 1024px) 100vw, 1024px\" \/><\/figure>\n\n\n\n<figure class=\"wp-block-image size-large is-style-default\"><img loading=\"lazy\" decoding=\"async\" width=\"1024\" height=\"768\" src=\"http:\/\/blogdoarmindomaia.com.br\/wp-content\/uploads\/2022\/12\/Secretario-Juliano-Cesar-se-encanta-com-o-Memorial-Mauricio-Rosa-pag-12-1024x768.jpg\" alt=\"\" class=\"wp-image-3881\" srcset=\"http:\/\/blogdoarmindomaia.com.br\/wp-content\/uploads\/2022\/12\/Secretario-Juliano-Cesar-se-encanta-com-o-Memorial-Mauricio-Rosa-pag-12-1024x768.jpg 1024w, http:\/\/blogdoarmindomaia.com.br\/wp-content\/uploads\/2022\/12\/Secretario-Juliano-Cesar-se-encanta-com-o-Memorial-Mauricio-Rosa-pag-12-300x225.jpg 300w, http:\/\/blogdoarmindomaia.com.br\/wp-content\/uploads\/2022\/12\/Secretario-Juliano-Cesar-se-encanta-com-o-Memorial-Mauricio-Rosa-pag-12-768x576.jpg 768w, http:\/\/blogdoarmindomaia.com.br\/wp-content\/uploads\/2022\/12\/Secretario-Juliano-Cesar-se-encanta-com-o-Memorial-Mauricio-Rosa-pag-12-1536x1152.jpg 1536w, http:\/\/blogdoarmindomaia.com.br\/wp-content\/uploads\/2022\/12\/Secretario-Juliano-Cesar-se-encanta-com-o-Memorial-Mauricio-Rosa-pag-12.jpg 1600w\" sizes=\"auto, (max-width: 1024px) 100vw, 1024px\" \/><\/figure>\n\n\n\n<figure class=\"wp-block-image size-large is-style-default\"><img loading=\"lazy\" decoding=\"async\" width=\"1024\" height=\"576\" src=\"http:\/\/blogdoarmindomaia.com.br\/wp-content\/uploads\/2022\/12\/Tom-Farias-em-visita-ao-Memorial-Mauricio-Rosa-1024x576.jpg\" alt=\"\" class=\"wp-image-3882\" srcset=\"http:\/\/blogdoarmindomaia.com.br\/wp-content\/uploads\/2022\/12\/Tom-Farias-em-visita-ao-Memorial-Mauricio-Rosa-1024x576.jpg 1024w, http:\/\/blogdoarmindomaia.com.br\/wp-content\/uploads\/2022\/12\/Tom-Farias-em-visita-ao-Memorial-Mauricio-Rosa-300x169.jpg 300w, http:\/\/blogdoarmindomaia.com.br\/wp-content\/uploads\/2022\/12\/Tom-Farias-em-visita-ao-Memorial-Mauricio-Rosa-768x432.jpg 768w, http:\/\/blogdoarmindomaia.com.br\/wp-content\/uploads\/2022\/12\/Tom-Farias-em-visita-ao-Memorial-Mauricio-Rosa.jpg 1280w\" sizes=\"auto, (max-width: 1024px) 100vw, 1024px\" \/><\/figure>\n\n\n\n<figure class=\"wp-block-image size-large is-style-default\"><img loading=\"lazy\" decoding=\"async\" width=\"1024\" height=\"768\" src=\"http:\/\/blogdoarmindomaia.com.br\/wp-content\/uploads\/2022\/12\/Alunos-do-Oratorio-Nossa-Senhora-Auxiliadora-visitam-o-Memorial-Mauricio-Rosa-pag-09-1024x768.jpg\" alt=\"\" class=\"wp-image-3879\" srcset=\"http:\/\/blogdoarmindomaia.com.br\/wp-content\/uploads\/2022\/12\/Alunos-do-Oratorio-Nossa-Senhora-Auxiliadora-visitam-o-Memorial-Mauricio-Rosa-pag-09-1024x768.jpg 1024w, http:\/\/blogdoarmindomaia.com.br\/wp-content\/uploads\/2022\/12\/Alunos-do-Oratorio-Nossa-Senhora-Auxiliadora-visitam-o-Memorial-Mauricio-Rosa-pag-09-300x225.jpg 300w, http:\/\/blogdoarmindomaia.com.br\/wp-content\/uploads\/2022\/12\/Alunos-do-Oratorio-Nossa-Senhora-Auxiliadora-visitam-o-Memorial-Mauricio-Rosa-pag-09-768x576.jpg 768w, http:\/\/blogdoarmindomaia.com.br\/wp-content\/uploads\/2022\/12\/Alunos-do-Oratorio-Nossa-Senhora-Auxiliadora-visitam-o-Memorial-Mauricio-Rosa-pag-09-1536x1152.jpg 1536w, http:\/\/blogdoarmindomaia.com.br\/wp-content\/uploads\/2022\/12\/Alunos-do-Oratorio-Nossa-Senhora-Auxiliadora-visitam-o-Memorial-Mauricio-Rosa-pag-09.jpg 1600w\" sizes=\"auto, (max-width: 1024px) 100vw, 1024px\" \/><\/figure>\n\n\n\n<p>Parece que foi ontem! Mas j\u00e1 est\u00e1 fazendo um ano que Arax\u00e1 e nossa gente ganhou de presente mais um espa\u00e7o \u00fanico, dedicado exclusivamente\u00a0 a contar e compartilhar a rica historia da evolu\u00e7\u00e3o da imprensa, com destaque especial para o of\u00edcio da tipografia; arte que o patrono e homenageado do Memorial, o saudoso Maur\u00edcio Rosa exerceu com zelo, dedica\u00e7\u00e3o integral e muito respeito e amor. E neste primeiro ano de exist\u00eancia o Memorial da Escrita e da Imprensa Maur\u00edcio Rosa teve o orgulho de receber a visita de centenas de pessoas; estudantes, turistas, escritores, jornalistas, empres\u00e1rios, pol\u00edticos, educadores e principalmente gente interessada em conhecer cada pedacinho do espa\u00e7o, seu rico acervo e as hist\u00f3rias interessantes\u00a0 contadas pelo Memorial de forma did\u00e1tica, pedag\u00f3gica e com riqueza de detalhes. Confira nas fotos abaixo, alguns desses registros que s\u00f3 valorizam e d\u00e3o orgulho ao Memorial, que est\u00e1 localizado bem no cora\u00e7\u00e3o de Arax\u00e1 \u2013 Rua Santos Dumont, 225 centro.<\/p>\n","protected":false},"excerpt":{"rendered":"<p>Parece que foi ontem! Mas j\u00e1 est\u00e1 fazendo um ano que Arax\u00e1 e nossa gente ganhou de presente mais um<\/p>\n","protected":false},"author":2,"featured_media":3880,"comment_status":"open","ping_status":"open","sticky":false,"template":"","format":"standard","meta":{"footnotes":""},"categories":[9,11],"tags":[],"class_list":["post-3878","post","type-post","status-publish","format-standard","has-post-thumbnail","hentry","category-araxa","category-destaques"],"_links":{"self":[{"href":"http:\/\/blogdoarmindomaia.com.br\/index.php?rest_route=\/wp\/v2\/posts\/3878","targetHints":{"allow":["GET"]}}],"collection":[{"href":"http:\/\/blogdoarmindomaia.com.br\/index.php?rest_route=\/wp\/v2\/posts"}],"about":[{"href":"http:\/\/blogdoarmindomaia.com.br\/index.php?rest_route=\/wp\/v2\/types\/post"}],"author":[{"embeddable":true,"href":"http:\/\/blogdoarmindomaia.com.br\/index.php?rest_route=\/wp\/v2\/users\/2"}],"replies":[{"embeddable":true,"href":"http:\/\/blogdoarmindomaia.com.br\/index.php?rest_route=%2Fwp%2Fv2%2Fcomments&post=3878"}],"version-history":[{"count":1,"href":"http:\/\/blogdoarmindomaia.com.br\/index.php?rest_route=\/wp\/v2\/posts\/3878\/revisions"}],"predecessor-version":[{"id":3883,"href":"http:\/\/blogdoarmindomaia.com.br\/index.php?rest_route=\/wp\/v2\/posts\/3878\/revisions\/3883"}],"wp:featuredmedia":[{"embeddable":true,"href":"http:\/\/blogdoarmindomaia.com.br\/index.php?rest_route=\/wp\/v2\/media\/3880"}],"wp:attachment":[{"href":"http:\/\/blogdoarmindomaia.com.br\/index.php?rest_route=%2Fwp%2Fv2%2Fmedia&parent=3878"}],"wp:term":[{"taxonomy":"category","embeddable":true,"href":"http:\/\/blogdoarmindomaia.com.br\/index.php?rest_route=%2Fwp%2Fv2%2Fcategories&post=3878"},{"taxonomy":"post_tag","embeddable":true,"href":"http:\/\/blogdoarmindomaia.com.br\/index.php?rest_route=%2Fwp%2Fv2%2Ftags&post=3878"}],"curies":[{"name":"wp","href":"https:\/\/api.w.org\/{rel}","templated":true}]}}