{"id":3895,"date":"2023-01-05T11:19:42","date_gmt":"2023-01-05T14:19:42","guid":{"rendered":"http:\/\/blogdoarmindomaia.com.br\/?p=3895"},"modified":"2023-01-05T11:19:44","modified_gmt":"2023-01-05T14:19:44","slug":"cbmm-realiza-obras-de-revitalizacao-na-avenida-das-bandeiras-e-portaria-principal","status":"publish","type":"post","link":"http:\/\/blogdoarmindomaia.com.br\/?p=3895","title":{"rendered":"<strong>CBMM realiza obras de revitaliza\u00e7\u00e3o na Avenida das Bandeiras e portaria principal<\/strong>"},"content":{"rendered":"\n<figure class=\"wp-block-image size-large is-style-default\"><img loading=\"lazy\" decoding=\"async\" width=\"1024\" height=\"576\" src=\"http:\/\/blogdoarmindomaia.com.br\/wp-content\/uploads\/2023\/01\/CBMM-realiza-obras-de-revitalizacao-na-Avenida-das-Bandeiras-e-portaria-principal-pag-09-1024x576.jpg\" alt=\"\" class=\"wp-image-3896\" srcset=\"http:\/\/blogdoarmindomaia.com.br\/wp-content\/uploads\/2023\/01\/CBMM-realiza-obras-de-revitalizacao-na-Avenida-das-Bandeiras-e-portaria-principal-pag-09-1024x576.jpg 1024w, http:\/\/blogdoarmindomaia.com.br\/wp-content\/uploads\/2023\/01\/CBMM-realiza-obras-de-revitalizacao-na-Avenida-das-Bandeiras-e-portaria-principal-pag-09-300x169.jpg 300w, http:\/\/blogdoarmindomaia.com.br\/wp-content\/uploads\/2023\/01\/CBMM-realiza-obras-de-revitalizacao-na-Avenida-das-Bandeiras-e-portaria-principal-pag-09-768x432.jpg 768w, http:\/\/blogdoarmindomaia.com.br\/wp-content\/uploads\/2023\/01\/CBMM-realiza-obras-de-revitalizacao-na-Avenida-das-Bandeiras-e-portaria-principal-pag-09-1536x864.jpg 1536w, http:\/\/blogdoarmindomaia.com.br\/wp-content\/uploads\/2023\/01\/CBMM-realiza-obras-de-revitalizacao-na-Avenida-das-Bandeiras-e-portaria-principal-pag-09.jpg 1920w\" sizes=\"auto, (max-width: 1024px) 100vw, 1024px\" \/><\/figure>\n\n\n\n<p><em>A reforma trar\u00e1 mais seguran\u00e7a e melhoria no acesso de colaboradores, visitantes, terceiros e fornecedores<\/em><\/p>\n\n\n\n<p>Sempre em busca de melhoria cont\u00ednua, a CBMM iniciou obras de adequa\u00e7\u00e3o na portaria principal do complexo industrial da companhia, em Arax\u00e1 (MG). O projeto foi desenvolvido com o prop\u00f3sito de melhorar o acesso de colaboradores, diretos e terceiros, prestadores de servi\u00e7os e visitantes, aumentando a seguran\u00e7a e a agilidade no tr\u00e2nsito.<\/p>\n\n\n\n<p>As obras ser\u00e3o realizadas em tr\u00eas etapas, que contemplam: amplia\u00e7\u00e3o da faixa de circula\u00e7\u00e3o; constru\u00e7\u00e3o de desvio e de nova faixa de circula\u00e7\u00e3o para acesso \u00e0 Portaria de Terceiros; constru\u00e7\u00e3o de ciclovia; reforma do estacionamento externo; implanta\u00e7\u00e3o de estrutura modular; constru\u00e7\u00e3o de \u00e1rea de espera para ve\u00edculos pesados, e instala\u00e7\u00e3o de nova balan\u00e7a rodovi\u00e1ria, para triagem, com acesso exclusivo para ve\u00edculos pesados e \u00f4nibus.<\/p>\n\n\n\n<p>Com uma extens\u00e3o de aproximadamente 1,5 km, as obras t\u00eam conclus\u00e3o prevista para&nbsp; &nbsp;dezembro de 2023. Ao longo da execu\u00e7\u00e3o de todas as etapas, que ser\u00e3o realizadas em dois turnos, estar\u00e3o envolvidos diretamente mais de 250 colaboradores e mais de 15 fornecedores. \u201cEsta obra \u00e9 de suma import\u00e2ncia para os processos da empresa. Ela ir\u00e1 garantir tamb\u00e9m maior conforto e seguran\u00e7a para todos que acessam o nosso Complexo Industrial\u201d, comenta Gabriel Gomes, supervisor de obras da CBMM.<\/p>\n\n\n\n<p>\u201cE para que possamos concluir a obra dentro do prazo, principalmente prezando pela seguran\u00e7a de todos os envolvidos, algumas dicas s\u00e3o fundamentais. Devemos respeitar a sinaliza\u00e7\u00e3o do local da obra, o limite de velocidade m\u00e1ximo e redobrar a aten\u00e7\u00e3o ao transitar pela via, pois nesses pr\u00f3ximos meses teremos interdi\u00e7\u00f5es e tr\u00e1fego intenso de m\u00e1quinas e colaboradores na pista\u201d, complementa Gabriel.<\/p>\n\n\n\n<p>A Avenida das Bandeiras ter\u00e1, tamb\u00e9m, acesso exclusivo para atletas e ser\u00e1 totalmente recuperada com paisagismo, ilumina\u00e7\u00e3o, nova sinaliza\u00e7\u00e3o e com a reposi\u00e7\u00e3o de todas as bandeiras. O novo layout da portaria ir\u00e1 possibilitar a separa\u00e7\u00e3o dos acessos de ve\u00edculos leves e pesados, dando fluidez ao tr\u00e2nsito e ao processo de entrada e sa\u00edda de produtos na CBMM, proporcionando mais seguran\u00e7a a todos os usu\u00e1rios.<\/p>\n","protected":false},"excerpt":{"rendered":"<p>A reforma trar\u00e1 mais seguran\u00e7a e melhoria no acesso de colaboradores, visitantes, terceiros e fornecedores Sempre em busca de melhoria<\/p>\n","protected":false},"author":2,"featured_media":3896,"comment_status":"open","ping_status":"open","sticky":false,"template":"","format":"standard","meta":{"footnotes":""},"categories":[9,11],"tags":[],"class_list":["post-3895","post","type-post","status-publish","format-standard","has-post-thumbnail","hentry","category-araxa","category-destaques"],"_links":{"self":[{"href":"http:\/\/blogdoarmindomaia.com.br\/index.php?rest_route=\/wp\/v2\/posts\/3895","targetHints":{"allow":["GET"]}}],"collection":[{"href":"http:\/\/blogdoarmindomaia.com.br\/index.php?rest_route=\/wp\/v2\/posts"}],"about":[{"href":"http:\/\/blogdoarmindomaia.com.br\/index.php?rest_route=\/wp\/v2\/types\/post"}],"author":[{"embeddable":true,"href":"http:\/\/blogdoarmindomaia.com.br\/index.php?rest_route=\/wp\/v2\/users\/2"}],"replies":[{"embeddable":true,"href":"http:\/\/blogdoarmindomaia.com.br\/index.php?rest_route=%2Fwp%2Fv2%2Fcomments&post=3895"}],"version-history":[{"count":1,"href":"http:\/\/blogdoarmindomaia.com.br\/index.php?rest_route=\/wp\/v2\/posts\/3895\/revisions"}],"predecessor-version":[{"id":3897,"href":"http:\/\/blogdoarmindomaia.com.br\/index.php?rest_route=\/wp\/v2\/posts\/3895\/revisions\/3897"}],"wp:featuredmedia":[{"embeddable":true,"href":"http:\/\/blogdoarmindomaia.com.br\/index.php?rest_route=\/wp\/v2\/media\/3896"}],"wp:attachment":[{"href":"http:\/\/blogdoarmindomaia.com.br\/index.php?rest_route=%2Fwp%2Fv2%2Fmedia&parent=3895"}],"wp:term":[{"taxonomy":"category","embeddable":true,"href":"http:\/\/blogdoarmindomaia.com.br\/index.php?rest_route=%2Fwp%2Fv2%2Fcategories&post=3895"},{"taxonomy":"post_tag","embeddable":true,"href":"http:\/\/blogdoarmindomaia.com.br\/index.php?rest_route=%2Fwp%2Fv2%2Ftags&post=3895"}],"curies":[{"name":"wp","href":"https:\/\/api.w.org\/{rel}","templated":true}]}}