{"id":3899,"date":"2023-01-05T11:29:16","date_gmt":"2023-01-05T14:29:16","guid":{"rendered":"http:\/\/blogdoarmindomaia.com.br\/?p=3899"},"modified":"2023-01-05T11:29:18","modified_gmt":"2023-01-05T14:29:18","slug":"comecou-a-copinha-2023-minas-gerais-tem-quatro-times-na-competicao","status":"publish","type":"post","link":"http:\/\/blogdoarmindomaia.com.br\/?p=3899","title":{"rendered":"Come\u00e7ou a Copinha 2023: Minas Gerais tem quatro times na competi\u00e7\u00e3o"},"content":{"rendered":"\n<p> <\/p>\n\n\n\n<figure class=\"wp-block-image size-full is-style-default\"><img loading=\"lazy\" decoding=\"async\" width=\"675\" height=\"450\" src=\"http:\/\/blogdoarmindomaia.com.br\/wp-content\/uploads\/2023\/01\/Cruzeiro-na-Copinha.jpg\" alt=\"\" class=\"wp-image-3900\" srcset=\"http:\/\/blogdoarmindomaia.com.br\/wp-content\/uploads\/2023\/01\/Cruzeiro-na-Copinha.jpg 675w, http:\/\/blogdoarmindomaia.com.br\/wp-content\/uploads\/2023\/01\/Cruzeiro-na-Copinha-300x200.jpg 300w\" sizes=\"auto, (max-width: 675px) 100vw, 675px\" \/><\/figure>\n\n\n\n<p>A&nbsp;<a href=\"https:\/\/ge.globo.com\/futebol\/copa-sp-de-futebol-junior\/\">Copa S\u00e3o Paulo de Futebol J\u00fanior<\/a>&nbsp;come\u00e7ou na \u00faltima segunda-feira, com partidas sendo disputadas em diferentes sedes pelo estado de S\u00e3o Paulo. A 53\u00aa edi\u00e7\u00e3o do torneio de base conta com 128 times. A grande final ser\u00e1 disputada no dia 25, no anivers\u00e1rio da cidade de S\u00e3o Paulo. Atual campe\u00e3o, o Palmeiras estreiou na ter\u00e7a-feira, contra o Juazeirense, e venceu por 2 a 0.<\/p>\n\n\n\n<p>Craque da \u00faltima competi\u00e7\u00e3o, Endrick, do Palmeiras, j\u00e1 n\u00e3o atua nas categorias de base do clube. O jovem atacante foi promovido ao time principal do Verd\u00e3o no final da \u00faltima temporada. Da Copinha para c\u00e1, muito aconteceu, e o garoto palmeirense foi vendido ao Real Madrid.<\/p>\n\n\n\n<p>\u00c9 mais um exemplo de jovens promessas do futebol brasileiro se destacando na Copa S\u00e3o Paulo para o mundo. Recentemente, Gabriel Martinelli foi um dos atacantes do Brasil na Copa do Mundo. O jogador do Arsenal brilhou na Copinha de 2019.<\/p>\n\n\n\n<p>Esta edi\u00e7\u00e3o tem muitos atletas para ficarmos de olho. No atual campe\u00e3o, o Palmeiras, Luis Guilherme, meia-atacante, e Estev\u00e3o, ponta de 15 anos, s\u00e3o destaques. Pedro, meia-atacante do Corinthians e com convoca\u00e7\u00f5es para a sele\u00e7\u00e3o de base, \u00e9 outro. Ryan, do Flamengo, e Rayan, do Vasco, formam quase uma dupla de xar\u00e1s nos rivais cariocas.<\/p>\n\n\n\n<p><strong>Regulamento e datas<\/strong><\/p>\n\n\n\n<p>A competi\u00e7\u00e3o \u00e9 disputada em sete fases. Na primeira , que vai de 2 a 11 de janeiro, as equipes s\u00e3o divididas em 32 grupos de quatro times. Os dois melhores de cada chave se classificam.<\/p>\n\n\n\n<p>Na segunda fase, dias 12 e 13, os confrontos se d\u00e3o pelo seguinte crit\u00e9rio: o primeiro do Grupo A enfrenta o segundo do Grupo B, e o segundo do Grupo A pega o primeiro do Grupo B \u2013 e assim em sequ\u00eancia.<\/p>\n\n\n\n<p>A terceira fase ser\u00e1 disputada nos dias 14 e 15, com jogos entre os vencedores de cada confronto anterior. Depois disso, ocorrem as&nbsp;<strong>oitavas de final<\/strong>, dia 16 e 17. As&nbsp;<strong>quartas de final<\/strong>&nbsp;acontecem dia 18, 19 e 20, e as&nbsp;<strong>semifinais&nbsp;<\/strong>dias 21 e 22.<\/p>\n\n\n\n<p>De Minas Gerais est\u00e3o participando desta edi\u00e7\u00e3o da Copinha as equipes do Cruzeiro, Atl\u00e9tico Mineiro, Am\u00e9rica Mineiro e Inter de Minas.<\/p>\n\n\n\n<p><strong>Lista de campe\u00f5es<\/strong><\/p>\n\n\n\n<p>O Palmeiras \u00e9 o atual campe\u00e3o da Copinha. Em 2022, conquistou seu primeiro t\u00edtulo ao golear o Santos na grande final. Veja abaixo a lista dos campe\u00f5es:<\/p>\n\n\n\n<p><strong>Campe\u00f5es da Copinha<\/strong><\/p>\n\n\n\n<figure class=\"wp-block-table\"><table><tbody><tr><td><strong>Time<\/strong><\/td><td><strong>T\u00edtulos<\/strong><\/td><\/tr><tr><td><strong>Corinthians<\/strong><\/td><td>10<\/td><\/tr><tr><td><strong>Internacional<\/strong><\/td><td>5<\/td><\/tr><tr><td><strong>Fluminense<\/strong><\/td><td>5<\/td><\/tr><tr><td><strong>S\u00e3o Paulo<\/strong><\/td><td>4<\/td><\/tr><tr><td><strong>Flamengo<\/strong><\/td><td>4<\/td><\/tr><tr><td><strong>Santos<\/strong><\/td><td>3<\/td><\/tr><tr><td><strong>Atl\u00e9tico-MG<\/strong><\/td><td>3<\/td><\/tr><tr><td><strong>Ponte Preta<\/strong><\/td><td>2<\/td><\/tr><tr><td><strong>Nacional-SP<\/strong><\/td><td>2<\/td><\/tr><tr><td><strong>Portuguesa<\/strong><\/td><td>2<\/td><\/tr><tr><td><strong>Juventus<\/strong><\/td><td>1<\/td><\/tr><tr><td><strong>Cruzeiro<\/strong><\/td><td>1<\/td><\/tr><tr><td><strong>Guarani<\/strong><\/td><td>1<\/td><\/tr><tr><td><strong>Vasco<\/strong><\/td><td>1<\/td><\/tr><tr><td><strong>Am\u00e9rica-SP<\/strong><\/td><td>1<\/td><\/tr><tr><td><strong>Am\u00e9rica-MG<\/strong><\/td><td>1<\/td><\/tr><tr><td><strong>Lousano Paulista-SP<\/strong><\/td><td>1<\/td><\/tr><tr><td><strong>Roma Barueri<\/strong><\/td><td>1<\/td><\/tr><tr><td><strong>Mar\u00edlia-SP<\/strong><\/td><td>1<\/td><\/tr><tr><td><strong>Santo Andr\u00e9<\/strong><\/td><td>1<\/td><\/tr><tr><td><strong>Figueirense<\/strong><\/td><td>1<\/td><\/tr><tr><td><strong>Palmeiras<\/strong><\/td><td>1<\/td><\/tr><\/tbody><\/table><\/figure>\n\n\n\n<p>Fonte<\/p>\n","protected":false},"excerpt":{"rendered":"<p>A&nbsp;Copa S\u00e3o Paulo de Futebol J\u00fanior&nbsp;come\u00e7ou na \u00faltima segunda-feira, com partidas sendo disputadas em diferentes sedes pelo estado de S\u00e3o<\/p>\n","protected":false},"author":2,"featured_media":3900,"comment_status":"open","ping_status":"open","sticky":false,"template":"","format":"standard","meta":{"footnotes":""},"categories":[9,15],"tags":[],"class_list":["post-3899","post","type-post","status-publish","format-standard","has-post-thumbnail","hentry","category-araxa","category-esportes"],"_links":{"self":[{"href":"http:\/\/blogdoarmindomaia.com.br\/index.php?rest_route=\/wp\/v2\/posts\/3899","targetHints":{"allow":["GET"]}}],"collection":[{"href":"http:\/\/blogdoarmindomaia.com.br\/index.php?rest_route=\/wp\/v2\/posts"}],"about":[{"href":"http:\/\/blogdoarmindomaia.com.br\/index.php?rest_route=\/wp\/v2\/types\/post"}],"author":[{"embeddable":true,"href":"http:\/\/blogdoarmindomaia.com.br\/index.php?rest_route=\/wp\/v2\/users\/2"}],"replies":[{"embeddable":true,"href":"http:\/\/blogdoarmindomaia.com.br\/index.php?rest_route=%2Fwp%2Fv2%2Fcomments&post=3899"}],"version-history":[{"count":1,"href":"http:\/\/blogdoarmindomaia.com.br\/index.php?rest_route=\/wp\/v2\/posts\/3899\/revisions"}],"predecessor-version":[{"id":3901,"href":"http:\/\/blogdoarmindomaia.com.br\/index.php?rest_route=\/wp\/v2\/posts\/3899\/revisions\/3901"}],"wp:featuredmedia":[{"embeddable":true,"href":"http:\/\/blogdoarmindomaia.com.br\/index.php?rest_route=\/wp\/v2\/media\/3900"}],"wp:attachment":[{"href":"http:\/\/blogdoarmindomaia.com.br\/index.php?rest_route=%2Fwp%2Fv2%2Fmedia&parent=3899"}],"wp:term":[{"taxonomy":"category","embeddable":true,"href":"http:\/\/blogdoarmindomaia.com.br\/index.php?rest_route=%2Fwp%2Fv2%2Fcategories&post=3899"},{"taxonomy":"post_tag","embeddable":true,"href":"http:\/\/blogdoarmindomaia.com.br\/index.php?rest_route=%2Fwp%2Fv2%2Ftags&post=3899"}],"curies":[{"name":"wp","href":"https:\/\/api.w.org\/{rel}","templated":true}]}}