{"id":3914,"date":"2023-01-05T14:45:05","date_gmt":"2023-01-05T17:45:05","guid":{"rendered":"http:\/\/blogdoarmindomaia.com.br\/?p=3914"},"modified":"2023-01-05T14:45:07","modified_gmt":"2023-01-05T17:45:07","slug":"corpo-de-bombeiros-capturam-cobra-cascavel-em-bairro-de-araxa","status":"publish","type":"post","link":"http:\/\/blogdoarmindomaia.com.br\/?p=3914","title":{"rendered":"Corpo de Bombeiros\u00a0 capturam cobra cascavel em bairro de Arax\u00e1"},"content":{"rendered":"\n<figure class=\"wp-block-image size-full is-style-default\"><img loading=\"lazy\" decoding=\"async\" width=\"620\" height=\"349\" src=\"http:\/\/blogdoarmindomaia.com.br\/wp-content\/uploads\/2023\/01\/cascavel.jpg\" alt=\"\" class=\"wp-image-3915\" srcset=\"http:\/\/blogdoarmindomaia.com.br\/wp-content\/uploads\/2023\/01\/cascavel.jpg 620w, http:\/\/blogdoarmindomaia.com.br\/wp-content\/uploads\/2023\/01\/cascavel-300x169.jpg 300w\" sizes=\"auto, (max-width: 620px) 100vw, 620px\" \/><\/figure>\n\n\n\n<p>Uma cobra cascavel que estava na garagem de uma resid\u00eancia no Bairro Silv\u00e9ria em Arax\u00e1, foi capturada na \u00faltima segunda-feira (2), por volta de 13h30, por uma equipe do Corpo de Bombeiros que foi acionada pelos moradores. Segundo os bombeiros, a serpente estava muita agressiva. Ela foi capturada e colocada em uma caixa apropriada e em seguida a cascavel foi levada para uma \u00e1rea de preserva\u00e7\u00e3o ambiental, na zona rural de Arax\u00e1, para se reintegrar ao seu habitat natural.<\/p>\n","protected":false},"excerpt":{"rendered":"<p>Uma cobra cascavel que estava na garagem de uma resid\u00eancia no Bairro Silv\u00e9ria em Arax\u00e1, foi capturada na \u00faltima segunda-feira<\/p>\n","protected":false},"author":2,"featured_media":3915,"comment_status":"open","ping_status":"open","sticky":false,"template":"","format":"standard","meta":{"footnotes":""},"categories":[9,8],"tags":[],"class_list":["post-3914","post","type-post","status-publish","format-standard","has-post-thumbnail","hentry","category-araxa","category-cidades"],"_links":{"self":[{"href":"http:\/\/blogdoarmindomaia.com.br\/index.php?rest_route=\/wp\/v2\/posts\/3914","targetHints":{"allow":["GET"]}}],"collection":[{"href":"http:\/\/blogdoarmindomaia.com.br\/index.php?rest_route=\/wp\/v2\/posts"}],"about":[{"href":"http:\/\/blogdoarmindomaia.com.br\/index.php?rest_route=\/wp\/v2\/types\/post"}],"author":[{"embeddable":true,"href":"http:\/\/blogdoarmindomaia.com.br\/index.php?rest_route=\/wp\/v2\/users\/2"}],"replies":[{"embeddable":true,"href":"http:\/\/blogdoarmindomaia.com.br\/index.php?rest_route=%2Fwp%2Fv2%2Fcomments&post=3914"}],"version-history":[{"count":1,"href":"http:\/\/blogdoarmindomaia.com.br\/index.php?rest_route=\/wp\/v2\/posts\/3914\/revisions"}],"predecessor-version":[{"id":3916,"href":"http:\/\/blogdoarmindomaia.com.br\/index.php?rest_route=\/wp\/v2\/posts\/3914\/revisions\/3916"}],"wp:featuredmedia":[{"embeddable":true,"href":"http:\/\/blogdoarmindomaia.com.br\/index.php?rest_route=\/wp\/v2\/media\/3915"}],"wp:attachment":[{"href":"http:\/\/blogdoarmindomaia.com.br\/index.php?rest_route=%2Fwp%2Fv2%2Fmedia&parent=3914"}],"wp:term":[{"taxonomy":"category","embeddable":true,"href":"http:\/\/blogdoarmindomaia.com.br\/index.php?rest_route=%2Fwp%2Fv2%2Fcategories&post=3914"},{"taxonomy":"post_tag","embeddable":true,"href":"http:\/\/blogdoarmindomaia.com.br\/index.php?rest_route=%2Fwp%2Fv2%2Ftags&post=3914"}],"curies":[{"name":"wp","href":"https:\/\/api.w.org\/{rel}","templated":true}]}}