{"id":3922,"date":"2023-01-06T11:14:41","date_gmt":"2023-01-06T14:14:41","guid":{"rendered":"http:\/\/blogdoarmindomaia.com.br\/?p=3922"},"modified":"2023-01-06T11:14:43","modified_gmt":"2023-01-06T14:14:43","slug":"prefeitura-de-araxa-abre-credenciamento-para-a-contratacao-de-mais-medicos","status":"publish","type":"post","link":"http:\/\/blogdoarmindomaia.com.br\/?p=3922","title":{"rendered":"Prefeitura de Arax\u00e1 abre credenciamento para a contrata\u00e7\u00e3o de mais m\u00e9dicos"},"content":{"rendered":"\n<figure class=\"wp-block-image size-full is-style-default\"><img loading=\"lazy\" decoding=\"async\" width=\"1024\" height=\"683\" src=\"http:\/\/blogdoarmindomaia.com.br\/wp-content\/uploads\/2023\/01\/Prefeitura-de-Araxa-abre-credenciamento-para-a-contratacao-pag-04.jpeg\" alt=\"\" class=\"wp-image-3923\" srcset=\"http:\/\/blogdoarmindomaia.com.br\/wp-content\/uploads\/2023\/01\/Prefeitura-de-Araxa-abre-credenciamento-para-a-contratacao-pag-04.jpeg 1024w, http:\/\/blogdoarmindomaia.com.br\/wp-content\/uploads\/2023\/01\/Prefeitura-de-Araxa-abre-credenciamento-para-a-contratacao-pag-04-300x200.jpeg 300w, http:\/\/blogdoarmindomaia.com.br\/wp-content\/uploads\/2023\/01\/Prefeitura-de-Araxa-abre-credenciamento-para-a-contratacao-pag-04-768x512.jpeg 768w\" sizes=\"auto, (max-width: 1024px) 100vw, 1024px\" \/><\/figure>\n\n\n\n<p>A Secretaria Municipal de Sa\u00fade lan\u00e7ou edital para credenciamento de pessoa f\u00edsica ou jur\u00eddica para presta\u00e7\u00e3o de servi\u00e7os m\u00e9dicos em diferentes especialidades. A expectativa \u00e9 que a partir de fevereiro j\u00e1 ocorra amplia\u00e7\u00f5es, uma vez que os profissionais est\u00e3o na fase de apresenta\u00e7\u00e3o dos documentos e o Setor de Licita\u00e7\u00e3o deve concluir o ato de credenciamento atrav\u00e9s de publica\u00e7\u00e3o oficial.<br><br>Os profissionais ir\u00e3o atuar nos seguintes atendimentos: cirurgia geral, ortopedia, urologia, vascular, neurocirurgia, otorrinolaringologia, mastologia, cirurgia pl\u00e1stica, pequena cirurgia, neurologia cl\u00ednica, nefrologia, psiquiatria, oftalmologia, pneumologia, endocrinologia, cardiologia, cabe\u00e7a e pesco\u00e7o, proctologia, dermatologia, gastroenterologista, reumatologia, hematologia, infectologia, oncologia e ginecologia.<br><br>Vale ressaltar que os procedimentos cir\u00fargicos continuam sendo ofertados pelo Munic\u00edpio atrav\u00e9s de contratos ativos e que, com a modalidade de credenciamento, haver\u00e1 uma migra\u00e7\u00e3o destes mesmos contratos, o que possibilitar\u00e1 a oferta de um n\u00famero maior de procedimentos.<br><br>O processo de contrata\u00e7\u00e3o se d\u00e1 por apresenta\u00e7\u00e3o da documenta\u00e7\u00e3o no Centro Administrativo, localizado na Av. Ros\u00e1lia Isaura Ara\u00fajo, 275, em hor\u00e1rio comercial. A listagem completa est\u00e1 discriminada no edital dispon\u00edvel no site oficial da Prefeitura Municipal de Arax\u00e1 (&nbsp;<a href=\"http:\/\/www.araxa.mg.gov.br\/\" target=\"_blank\" rel=\"noreferrer noopener\">www.araxa.mg.gov.br&nbsp;<\/a>).<br><br>A secret\u00e1ria municipal de Sa\u00fade, Cristiane Gon\u00e7alves Pereira, explica que a amplia\u00e7\u00e3o do servi\u00e7o contribuir\u00e1 para aproximar o atendimento aos mun\u00edcipios de Arax\u00e1 e microrregi\u00e3o, nas unidades de refer\u00eancia e unidades de apoio \u00e0 Rede de Urg\u00eancia e Emerg\u00eancia, sendo especialmente planejada para atender \u00e0 demanda crescente do local.<br><br>\u201cCom o credenciamento conseguiremos regularizar a quantidade e o fluxo das cirurgias eletivas e de urg\u00eancia dos pacientes de Arax\u00e1 e da microrregi\u00e3o. \u00c9 um movimento crescente de adequa\u00e7\u00e3o das demandas do munic\u00edpio nas mais variadas especialidades e vem de encontro com a vis\u00e3o de melhoria do acesso aos servi\u00e7os de sa\u00fade de m\u00e9dia complexidade\u201d, afirma a secret\u00e1ria.<br><br>O prefeito Robson Magela destaca que a Sa\u00fade tem recebido investimentos que v\u00e3o al\u00e9m do percentual m\u00ednimo do Or\u00e7amento Municipal, com objetivo de ampliar e reestruturar um atendimento de qualidade \u00e0 popula\u00e7\u00e3o.<br><br>&#8220;Em dois anos de gest\u00e3o, a atual gest\u00e3o investiu mais de 227 milh\u00f5es na Sa\u00fade. Isso afeta diretamente em um atendimento digno que a nossa popula\u00e7\u00e3o merece. E vamos continuar trabalhando ainda mais para que a\u00e7\u00f5es como essas continuem sendo frequentes na vida da popula\u00e7\u00e3o&#8221;, diz o prefeito.<br><\/p>\n","protected":false},"excerpt":{"rendered":"<p>A Secretaria Municipal de Sa\u00fade lan\u00e7ou edital para credenciamento de pessoa f\u00edsica ou jur\u00eddica para presta\u00e7\u00e3o de servi\u00e7os m\u00e9dicos em<\/p>\n","protected":false},"author":2,"featured_media":3923,"comment_status":"open","ping_status":"open","sticky":false,"template":"","format":"standard","meta":{"footnotes":""},"categories":[9,29],"tags":[],"class_list":["post-3922","post","type-post","status-publish","format-standard","has-post-thumbnail","hentry","category-araxa","category-saude"],"_links":{"self":[{"href":"http:\/\/blogdoarmindomaia.com.br\/index.php?rest_route=\/wp\/v2\/posts\/3922","targetHints":{"allow":["GET"]}}],"collection":[{"href":"http:\/\/blogdoarmindomaia.com.br\/index.php?rest_route=\/wp\/v2\/posts"}],"about":[{"href":"http:\/\/blogdoarmindomaia.com.br\/index.php?rest_route=\/wp\/v2\/types\/post"}],"author":[{"embeddable":true,"href":"http:\/\/blogdoarmindomaia.com.br\/index.php?rest_route=\/wp\/v2\/users\/2"}],"replies":[{"embeddable":true,"href":"http:\/\/blogdoarmindomaia.com.br\/index.php?rest_route=%2Fwp%2Fv2%2Fcomments&post=3922"}],"version-history":[{"count":1,"href":"http:\/\/blogdoarmindomaia.com.br\/index.php?rest_route=\/wp\/v2\/posts\/3922\/revisions"}],"predecessor-version":[{"id":3924,"href":"http:\/\/blogdoarmindomaia.com.br\/index.php?rest_route=\/wp\/v2\/posts\/3922\/revisions\/3924"}],"wp:featuredmedia":[{"embeddable":true,"href":"http:\/\/blogdoarmindomaia.com.br\/index.php?rest_route=\/wp\/v2\/media\/3923"}],"wp:attachment":[{"href":"http:\/\/blogdoarmindomaia.com.br\/index.php?rest_route=%2Fwp%2Fv2%2Fmedia&parent=3922"}],"wp:term":[{"taxonomy":"category","embeddable":true,"href":"http:\/\/blogdoarmindomaia.com.br\/index.php?rest_route=%2Fwp%2Fv2%2Fcategories&post=3922"},{"taxonomy":"post_tag","embeddable":true,"href":"http:\/\/blogdoarmindomaia.com.br\/index.php?rest_route=%2Fwp%2Fv2%2Ftags&post=3922"}],"curies":[{"name":"wp","href":"https:\/\/api.w.org\/{rel}","templated":true}]}}