{"id":3936,"date":"2023-01-10T15:38:50","date_gmt":"2023-01-10T18:38:50","guid":{"rendered":"http:\/\/blogdoarmindomaia.com.br\/?p=3936"},"modified":"2023-01-10T15:38:51","modified_gmt":"2023-01-10T18:38:51","slug":"prefeitura-de-araxa-realiza-reforma-geral-da-unisse","status":"publish","type":"post","link":"http:\/\/blogdoarmindomaia.com.br\/?p=3936","title":{"rendered":"Prefeitura de Arax\u00e1 realiza reforma geral da Unisse"},"content":{"rendered":"\n<figure class=\"wp-block-image size-full is-style-default\"><img loading=\"lazy\" decoding=\"async\" width=\"1024\" height=\"683\" src=\"http:\/\/blogdoarmindomaia.com.br\/wp-content\/uploads\/2023\/01\/Prefeitura-de-Araxa-realiza-reforma-geral-da-Unisse-paag-09.jpg\" alt=\"\" class=\"wp-image-3937\" srcset=\"http:\/\/blogdoarmindomaia.com.br\/wp-content\/uploads\/2023\/01\/Prefeitura-de-Araxa-realiza-reforma-geral-da-Unisse-paag-09.jpg 1024w, http:\/\/blogdoarmindomaia.com.br\/wp-content\/uploads\/2023\/01\/Prefeitura-de-Araxa-realiza-reforma-geral-da-Unisse-paag-09-300x200.jpg 300w, http:\/\/blogdoarmindomaia.com.br\/wp-content\/uploads\/2023\/01\/Prefeitura-de-Araxa-realiza-reforma-geral-da-Unisse-paag-09-768x512.jpg 768w\" sizes=\"auto, (max-width: 1024px) 100vw, 1024px\" \/><\/figure>\n\n\n\n<p>A Prefeitura de Arax\u00e1 est\u00e1 realizando a reforma geral da Unidade de Sa\u00fade do Setor Sul-Sudeste (Unisse), no bairro Santa Terezinha. Esta \u00e9 a terceira unidade a receber melhorias pela atual gest\u00e3o, que tamb\u00e9m realizou a revitaliza\u00e7\u00e3o da Uninorte e Unileste. Em breve, a Unioeste, no bairro Boa Vista, tamb\u00e9m ser\u00e1 reformada.<br><br>A obra na Unisse est\u00e1 or\u00e7ada em R$ 429.700,00 pela empresa HZ Engenharia e Constru\u00e7\u00e3o, contratada via licita\u00e7\u00e3o e sob supervis\u00e3o da Secretaria Municipal de Obras P\u00fablicas e Mobilidade Urbana, com conclus\u00e3o prevista em at\u00e9 10 meses.<br><br>Entre as principais a\u00e7\u00f5es da manuten\u00e7\u00e3o est\u00e3o a aplica\u00e7\u00e3o de novos revestimentos em pisos e paredes, a reforma completa de sanit\u00e1rios, repintura geral, troca de esquadrias, reforma el\u00e9trica total (fia\u00e7\u00e3o, lumin\u00e1rias, tomadas e interruptores), substitui\u00e7\u00e3o do telhado (engradamento, telha, calha) e reboco com impermeabilizante em \u00e1reas afetadas pela umidade.<br><br>O servi\u00e7o vai solucionar principalmente problemas estruturais que o pr\u00e9dio da Unisse tinha como infiltra\u00e7\u00f5es e trincas. O prefeito Robson Magela, que visitou a unidade antes da reforma, destaca que em breve a comunidade do bairro Santa Terezinha e regi\u00e3o vai contar com um espa\u00e7o completamente revitalizado.<br><br>\u201cO espa\u00e7o se encontrava bastante comprometido. Com a reforma finalizada, a Unisse vai ser um espa\u00e7o acolhedor e com melhores condi\u00e7\u00f5es tanto para a comunidade quanto para os servidores que ali atuam. Este \u00e9 o principal objetivo da gest\u00e3o, fazer com que a sa\u00fade \u00e0 popula\u00e7\u00e3o seja feita de forma digna\u201d, destaca o prefeito.<br><br>Durante a reforma, os atendimentos est\u00e3o sendo feitos provisoriamente em um im\u00f3vel na rua Luiz Augusto Coelho, n\u00ba 110, Centro.<\/p>\n","protected":false},"excerpt":{"rendered":"<p>A Prefeitura de Arax\u00e1 est\u00e1 realizando a reforma geral da Unidade de Sa\u00fade do Setor Sul-Sudeste (Unisse), no bairro Santa<\/p>\n","protected":false},"author":2,"featured_media":3937,"comment_status":"open","ping_status":"open","sticky":false,"template":"","format":"standard","meta":{"footnotes":""},"categories":[9,29],"tags":[],"class_list":["post-3936","post","type-post","status-publish","format-standard","has-post-thumbnail","hentry","category-araxa","category-saude"],"_links":{"self":[{"href":"http:\/\/blogdoarmindomaia.com.br\/index.php?rest_route=\/wp\/v2\/posts\/3936","targetHints":{"allow":["GET"]}}],"collection":[{"href":"http:\/\/blogdoarmindomaia.com.br\/index.php?rest_route=\/wp\/v2\/posts"}],"about":[{"href":"http:\/\/blogdoarmindomaia.com.br\/index.php?rest_route=\/wp\/v2\/types\/post"}],"author":[{"embeddable":true,"href":"http:\/\/blogdoarmindomaia.com.br\/index.php?rest_route=\/wp\/v2\/users\/2"}],"replies":[{"embeddable":true,"href":"http:\/\/blogdoarmindomaia.com.br\/index.php?rest_route=%2Fwp%2Fv2%2Fcomments&post=3936"}],"version-history":[{"count":1,"href":"http:\/\/blogdoarmindomaia.com.br\/index.php?rest_route=\/wp\/v2\/posts\/3936\/revisions"}],"predecessor-version":[{"id":3938,"href":"http:\/\/blogdoarmindomaia.com.br\/index.php?rest_route=\/wp\/v2\/posts\/3936\/revisions\/3938"}],"wp:featuredmedia":[{"embeddable":true,"href":"http:\/\/blogdoarmindomaia.com.br\/index.php?rest_route=\/wp\/v2\/media\/3937"}],"wp:attachment":[{"href":"http:\/\/blogdoarmindomaia.com.br\/index.php?rest_route=%2Fwp%2Fv2%2Fmedia&parent=3936"}],"wp:term":[{"taxonomy":"category","embeddable":true,"href":"http:\/\/blogdoarmindomaia.com.br\/index.php?rest_route=%2Fwp%2Fv2%2Fcategories&post=3936"},{"taxonomy":"post_tag","embeddable":true,"href":"http:\/\/blogdoarmindomaia.com.br\/index.php?rest_route=%2Fwp%2Fv2%2Ftags&post=3936"}],"curies":[{"name":"wp","href":"https:\/\/api.w.org\/{rel}","templated":true}]}}