{"id":3948,"date":"2023-01-11T10:59:26","date_gmt":"2023-01-11T13:59:26","guid":{"rendered":"http:\/\/blogdoarmindomaia.com.br\/?p=3948"},"modified":"2023-01-11T10:59:28","modified_gmt":"2023-01-11T13:59:28","slug":"iniciada-a-preparacao-para-implantacao-da-iluminacao-de-led-em-toda-a-cidade","status":"publish","type":"post","link":"http:\/\/blogdoarmindomaia.com.br\/?p=3948","title":{"rendered":"Iniciada a prepara\u00e7\u00e3o para implanta\u00e7\u00e3o da ilumina\u00e7\u00e3o de LED em toda a cidade"},"content":{"rendered":"\n<figure class=\"wp-block-image size-full is-style-default\"><img loading=\"lazy\" decoding=\"async\" width=\"1024\" height=\"683\" src=\"http:\/\/blogdoarmindomaia.com.br\/wp-content\/uploads\/2023\/01\/Iniciada-a-preparacao-para-implantacao-da-iluminacao-de-LED-pag-08.jpeg\" alt=\"\" class=\"wp-image-3949\" srcset=\"http:\/\/blogdoarmindomaia.com.br\/wp-content\/uploads\/2023\/01\/Iniciada-a-preparacao-para-implantacao-da-iluminacao-de-LED-pag-08.jpeg 1024w, http:\/\/blogdoarmindomaia.com.br\/wp-content\/uploads\/2023\/01\/Iniciada-a-preparacao-para-implantacao-da-iluminacao-de-LED-pag-08-300x200.jpeg 300w, http:\/\/blogdoarmindomaia.com.br\/wp-content\/uploads\/2023\/01\/Iniciada-a-preparacao-para-implantacao-da-iluminacao-de-LED-pag-08-768x512.jpeg 768w\" sizes=\"auto, (max-width: 1024px) 100vw, 1024px\" \/><\/figure>\n\n\n\n<p>A Prefeitura de Arax\u00e1 deu o pontap\u00e9 inicial para a implanta\u00e7\u00e3o da ilumina\u00e7\u00e3o de LED na cidade. A Secretaria Municipal de Servi\u00e7os Urbanos est\u00e1 realizando, inicialmente, a troca de 190 pontos que contam com esta tecnologia. Na segunda fase, a implanta\u00e7\u00e3o do servi\u00e7o ir\u00e1 atingir toda a cidade, com previs\u00e3o de in\u00edcio para os pr\u00f3ximos 15 dias.<br><br>Entre os pontos que come\u00e7aram a receber a troca de l\u00e2mpadas est\u00e3o a avenidas Pedro Honorato da Silva (Ecol\u00f3gica), Joaquim Porf\u00edrio Botelho, Get\u00falio Vargas, Capit\u00e3o Belarmino de Paula Machado, Ant\u00f4nio Carlos, Cassiano de Paula Nascimento, Wilson Borges, D\u00e2maso Drummond, Ministro Olavo Drummond, Prefeito Aracely de Paula, Imbiara, Washington Barcelos e Amazonas, e as ruas Capit\u00e3o Chaves, Uberaba, Rio Branco, Costa Sena, Juca Gon\u00e7alves, Francelino Cardoso e Primeiro de Maio.<br><br>Na expectativa de melhora do tempo para retomada do servi\u00e7o, o secret\u00e1rio de Servi\u00e7os Urbanos, Ricardo Alexandre da Silva (Kak\u00e1), explica que logo a implanta\u00e7\u00e3o em novos pontos ir\u00e1 come\u00e7ar pelos bairros Boa Vista e Max Neumann, conforme j\u00e1 havia sido adiantado pelo prefeito Robson Magela.<br><br>\u201cCom este per\u00edodo intenso de chuva, o tempo gasto para uma troca \u00e9 de, no m\u00ednimo, 40 minutos. Por isso, j\u00e1 est\u00e3o sendo montadas quatro frentes de trabalho com previs\u00e3o de at\u00e9 1.500 l\u00e2mpadas substitu\u00eddas por m\u00eas. Isso significa melhor visibilidade nas ruas e avenidas da cidade e seguran\u00e7a para os araxaenses e turistas. Al\u00e9m disso, o servi\u00e7o gera economia para a Administra\u00e7\u00e3o P\u00fablica e faz com que a cidade se torne ainda mais sustent\u00e1vel\u201d, destaca o secret\u00e1rio.<br><br>Segundo o prefeito Robson Magela, a moderniza\u00e7\u00e3o do sistema de ilumina\u00e7\u00e3o com a substitui\u00e7\u00e3o de l\u00e2mpadas convencionais por pe\u00e7as LED \u00e9 um dos principais investimentos no setor p\u00fablico nos \u00faltimos anos.<br><br>\u201cLogo no in\u00edcio desta gest\u00e3o, planejamos essa a implanta\u00e7\u00e3o do LED nos pontos da cidade que mais necessitavam. E agora, com grande alegria, demos in\u00edcio a este sonho coletivo, que contemplar\u00e1 todo o Munic\u00edpio. Esta \u00e9 a Arax\u00e1 que a popula\u00e7\u00e3o tanto merece\u201d, destaca o prefeito.<br><br>O contrato para a implanta\u00e7\u00e3o de l\u00e2mpadas de LED na cidade foi assinado com o Cons\u00f3rcio Intermunicipal Multifinalit\u00e1rio do Planalto de Arax\u00e1 (Cimpla) e contempla a substitui\u00e7\u00e3o de 16.228 l\u00e2mpadas, manuten\u00e7\u00e3o preventiva, desenvolvimento de projetos, al\u00e9m da implanta\u00e7\u00e3o de um call center para que o cidad\u00e3o possa fazer suas solicita\u00e7\u00f5es para manuten\u00e7\u00e3o do servi\u00e7o.<\/p>\n","protected":false},"excerpt":{"rendered":"<p>A Prefeitura de Arax\u00e1 deu o pontap\u00e9 inicial para a implanta\u00e7\u00e3o da ilumina\u00e7\u00e3o de LED na cidade. A Secretaria Municipal<\/p>\n","protected":false},"author":2,"featured_media":3949,"comment_status":"open","ping_status":"open","sticky":false,"template":"","format":"standard","meta":{"footnotes":""},"categories":[9,11],"tags":[],"class_list":["post-3948","post","type-post","status-publish","format-standard","has-post-thumbnail","hentry","category-araxa","category-destaques"],"_links":{"self":[{"href":"http:\/\/blogdoarmindomaia.com.br\/index.php?rest_route=\/wp\/v2\/posts\/3948","targetHints":{"allow":["GET"]}}],"collection":[{"href":"http:\/\/blogdoarmindomaia.com.br\/index.php?rest_route=\/wp\/v2\/posts"}],"about":[{"href":"http:\/\/blogdoarmindomaia.com.br\/index.php?rest_route=\/wp\/v2\/types\/post"}],"author":[{"embeddable":true,"href":"http:\/\/blogdoarmindomaia.com.br\/index.php?rest_route=\/wp\/v2\/users\/2"}],"replies":[{"embeddable":true,"href":"http:\/\/blogdoarmindomaia.com.br\/index.php?rest_route=%2Fwp%2Fv2%2Fcomments&post=3948"}],"version-history":[{"count":1,"href":"http:\/\/blogdoarmindomaia.com.br\/index.php?rest_route=\/wp\/v2\/posts\/3948\/revisions"}],"predecessor-version":[{"id":3950,"href":"http:\/\/blogdoarmindomaia.com.br\/index.php?rest_route=\/wp\/v2\/posts\/3948\/revisions\/3950"}],"wp:featuredmedia":[{"embeddable":true,"href":"http:\/\/blogdoarmindomaia.com.br\/index.php?rest_route=\/wp\/v2\/media\/3949"}],"wp:attachment":[{"href":"http:\/\/blogdoarmindomaia.com.br\/index.php?rest_route=%2Fwp%2Fv2%2Fmedia&parent=3948"}],"wp:term":[{"taxonomy":"category","embeddable":true,"href":"http:\/\/blogdoarmindomaia.com.br\/index.php?rest_route=%2Fwp%2Fv2%2Fcategories&post=3948"},{"taxonomy":"post_tag","embeddable":true,"href":"http:\/\/blogdoarmindomaia.com.br\/index.php?rest_route=%2Fwp%2Fv2%2Ftags&post=3948"}],"curies":[{"name":"wp","href":"https:\/\/api.w.org\/{rel}","templated":true}]}}