{"id":3956,"date":"2023-01-12T14:11:48","date_gmt":"2023-01-12T17:11:48","guid":{"rendered":"http:\/\/blogdoarmindomaia.com.br\/?p=3956"},"modified":"2023-01-12T14:11:50","modified_gmt":"2023-01-12T17:11:50","slug":"ampara-participa-de-reuniao-com-a-prefeitura-para-apresentar-o-balanco-de-2022","status":"publish","type":"post","link":"http:\/\/blogdoarmindomaia.com.br\/?p=3956","title":{"rendered":"<strong>Ampara participa de reuni\u00e3o com a prefeitura para apresentar o balan\u00e7o de 2022<\/strong><br>"},"content":{"rendered":"\n<figure class=\"wp-block-image size-large is-style-default\"><img loading=\"lazy\" decoding=\"async\" width=\"1024\" height=\"768\" src=\"http:\/\/blogdoarmindomaia.com.br\/wp-content\/uploads\/2023\/01\/Reuniao-Ampara-e-Prefeitura-1024x768.jpeg\" alt=\"\" class=\"wp-image-3957\" srcset=\"http:\/\/blogdoarmindomaia.com.br\/wp-content\/uploads\/2023\/01\/Reuniao-Ampara-e-Prefeitura-1024x768.jpeg 1024w, http:\/\/blogdoarmindomaia.com.br\/wp-content\/uploads\/2023\/01\/Reuniao-Ampara-e-Prefeitura-300x225.jpeg 300w, http:\/\/blogdoarmindomaia.com.br\/wp-content\/uploads\/2023\/01\/Reuniao-Ampara-e-Prefeitura-768x576.jpeg 768w, http:\/\/blogdoarmindomaia.com.br\/wp-content\/uploads\/2023\/01\/Reuniao-Ampara-e-Prefeitura-1536x1152.jpeg 1536w, http:\/\/blogdoarmindomaia.com.br\/wp-content\/uploads\/2023\/01\/Reuniao-Ampara-e-Prefeitura.jpeg 1600w\" sizes=\"auto, (max-width: 1024px) 100vw, 1024px\" \/><\/figure>\n\n\n\n<p>A Associa\u00e7\u00e3o de Amparo \u00e0s Pessoas com C\u00e2ncer de Arax\u00e1 (Ampara) se reuniu na \u00faltima semana com o prefeito de Arax\u00e1, Robson Magela, para apresentar o balan\u00e7o do ano de 2022. De abril a dezembro, foram realizados 5.841 atendimentos, viabilizados por meio de conv\u00eanios com o poder executivo.<br><br>\u201cNa reuni\u00e3o, levamos um relat\u00f3rio, que constava a quantidade de atendimentos, impacto social, e o n\u00famero de fam\u00edlias atendidas e que est\u00e3o trabalhando na institui\u00e7\u00e3o. Conversamos sobre a expectativa deste ano em rela\u00e7\u00e3o aos avan\u00e7os da sa\u00fade e dos atendimentos que podem ser feitos com apoio do munic\u00edpio. Foi um encontro muito proveitoso, onde o prefeito Robson Magela reafirmou o compromisso da administra\u00e7\u00e3o em continuar sendo parceira da Ampara\u201d, conta a coordenadora da institui\u00e7\u00e3o, Juliana Silva.<br><br>O prefeito Robson Magela destaca que a entidade desempenha um papel fundamental na cidade. \u201cA Ampara realiza um trabalho excepcional em Arax\u00e1, acolhendo pacientes oncol\u00f3gicos e prestando apoio aos seus familiares. Ficamos muito felizes, enquanto gest\u00e3o municipal, em poder contribuir, ajudar e reconhecer esse bel\u00edssimo trabalho\u201d, refor\u00e7a o prefeito.<br><br><strong>Sobre a Ampara<\/strong><br><br>A Ampara atua h\u00e1 8 anos em Arax\u00e1, prestando assist\u00eancia a pacientes em tratamento de c\u00e2ncer, com a doa\u00e7\u00e3o de caixas de leite, cestas b\u00e1sicas, suplementos alimentares, bolsa de colostomia, medicamentos n\u00e3o encontrados ou n\u00e3o fornecidos pelo SUS, fraldas geri\u00e1tricas e absorventes cir\u00fargicos.<br><br>Al\u00e9m disso, a Associa\u00e7\u00e3o tamb\u00e9m realiza atendimentos psicol\u00f3gico, nutricional, de assessoria jur\u00eddica, assist\u00eancia social, oficinas, entre outros, auxiliando os atendidos e familiares.<br><br>Para a realiza\u00e7\u00e3o de doa\u00e7\u00f5es, os interessados podem comparecer \u00e0 sede da institui\u00e7\u00e3o, na Avenida Senador Montandon, n\u00b0 98, no Centro. O telefone para contato \u00e9 o (34) 3612-1611.<\/p>\n","protected":false},"excerpt":{"rendered":"<p>A Associa\u00e7\u00e3o de Amparo \u00e0s Pessoas com C\u00e2ncer de Arax\u00e1 (Ampara) se reuniu na \u00faltima semana com o prefeito de<\/p>\n","protected":false},"author":2,"featured_media":3957,"comment_status":"open","ping_status":"open","sticky":false,"template":"","format":"standard","meta":{"footnotes":""},"categories":[9,29],"tags":[],"class_list":["post-3956","post","type-post","status-publish","format-standard","has-post-thumbnail","hentry","category-araxa","category-saude"],"_links":{"self":[{"href":"http:\/\/blogdoarmindomaia.com.br\/index.php?rest_route=\/wp\/v2\/posts\/3956","targetHints":{"allow":["GET"]}}],"collection":[{"href":"http:\/\/blogdoarmindomaia.com.br\/index.php?rest_route=\/wp\/v2\/posts"}],"about":[{"href":"http:\/\/blogdoarmindomaia.com.br\/index.php?rest_route=\/wp\/v2\/types\/post"}],"author":[{"embeddable":true,"href":"http:\/\/blogdoarmindomaia.com.br\/index.php?rest_route=\/wp\/v2\/users\/2"}],"replies":[{"embeddable":true,"href":"http:\/\/blogdoarmindomaia.com.br\/index.php?rest_route=%2Fwp%2Fv2%2Fcomments&post=3956"}],"version-history":[{"count":1,"href":"http:\/\/blogdoarmindomaia.com.br\/index.php?rest_route=\/wp\/v2\/posts\/3956\/revisions"}],"predecessor-version":[{"id":3958,"href":"http:\/\/blogdoarmindomaia.com.br\/index.php?rest_route=\/wp\/v2\/posts\/3956\/revisions\/3958"}],"wp:featuredmedia":[{"embeddable":true,"href":"http:\/\/blogdoarmindomaia.com.br\/index.php?rest_route=\/wp\/v2\/media\/3957"}],"wp:attachment":[{"href":"http:\/\/blogdoarmindomaia.com.br\/index.php?rest_route=%2Fwp%2Fv2%2Fmedia&parent=3956"}],"wp:term":[{"taxonomy":"category","embeddable":true,"href":"http:\/\/blogdoarmindomaia.com.br\/index.php?rest_route=%2Fwp%2Fv2%2Fcategories&post=3956"},{"taxonomy":"post_tag","embeddable":true,"href":"http:\/\/blogdoarmindomaia.com.br\/index.php?rest_route=%2Fwp%2Fv2%2Ftags&post=3956"}],"curies":[{"name":"wp","href":"https:\/\/api.w.org\/{rel}","templated":true}]}}