{"id":3962,"date":"2023-01-12T14:22:03","date_gmt":"2023-01-12T17:22:03","guid":{"rendered":"http:\/\/blogdoarmindomaia.com.br\/?p=3962"},"modified":"2023-01-12T14:22:05","modified_gmt":"2023-01-12T17:22:05","slug":"cadastramento-de-estudantes-para-o-passe-livre-ja-comecou","status":"publish","type":"post","link":"http:\/\/blogdoarmindomaia.com.br\/?p=3962","title":{"rendered":"<strong>Cadastramento de estudantes para o passe livre j\u00e1 come\u00e7ou<\/strong>"},"content":{"rendered":"\n<figure class=\"wp-block-image size-full is-style-default\"><img loading=\"lazy\" decoding=\"async\" width=\"1024\" height=\"683\" src=\"http:\/\/blogdoarmindomaia.com.br\/wp-content\/uploads\/2023\/01\/Cadastramento-de-estudantes-para-o-passe-livre-ja-comecou-pag-03.jpeg\" alt=\"\" class=\"wp-image-3963\" srcset=\"http:\/\/blogdoarmindomaia.com.br\/wp-content\/uploads\/2023\/01\/Cadastramento-de-estudantes-para-o-passe-livre-ja-comecou-pag-03.jpeg 1024w, http:\/\/blogdoarmindomaia.com.br\/wp-content\/uploads\/2023\/01\/Cadastramento-de-estudantes-para-o-passe-livre-ja-comecou-pag-03-300x200.jpeg 300w, http:\/\/blogdoarmindomaia.com.br\/wp-content\/uploads\/2023\/01\/Cadastramento-de-estudantes-para-o-passe-livre-ja-comecou-pag-03-768x512.jpeg 768w\" sizes=\"auto, (max-width: 1024px) 100vw, 1024px\" \/><\/figure>\n\n\n\n<p>A gratuidade da tarifa do transporte p\u00fablico coletivo urbano para estudantes matriculados no ensino regular presencial come\u00e7ou na sexta-feira (6). A partir deste ano de 2023 todos os estudantes ter\u00e3o direito \u00e0 gratuidade do transporte p\u00fablico urbano para frequentarem as aulas. Para usufruir do benef\u00edcio, as pessoas devem procurar os pontos de apoio estruturados pela empresa Vera Cruz em parceria com a Prefeitura de Arax\u00e1 para realizar o seu cadastro.<br><br>O benef\u00edcio faz parte do Programa \u201cEu Vou\u201d, uma pol\u00edtica p\u00fablica de mobilidade urbana implantada pela Prefeitura de Arax\u00e1 no in\u00edcio de dezembro. Para ter direito ao benef\u00edcio de acordo com o calend\u00e1rio escolar, o aluno dever\u00e1 estar portando a documenta\u00e7\u00e3o abaixo e posteriormente deve procurar os pontos de cadastro.<br><br>O programa evitou o aumento da passagem de \u00f4nibus urbano e reduziu em 25% o valor, passando de R$ 4,00 (Quatro Reais) para R$ 3,00 (Tr\u00eas Reais) desde o dia 7 de dezembro. A nova legisla\u00e7\u00e3o amplia ainda o acesso de idosos \u00e0 gratuidade no transporte p\u00fablico, que passa a ser a partir de 60 anos completos (antes era a partir de 65 anos). Pessoas com defici\u00eancia e seus acompanhantes tamb\u00e9m possuem o direito \u00e0 gratuidade no transporte p\u00fablico coletivo.<br><br><strong>Documenta\u00e7\u00e3o necess\u00e1ria para Estudantes<br><\/strong><br>&#8211; Ficha de Cadastro devidamente preenchida e carimbada pela escola o qual ir\u00e1 estudar (ficha dispon\u00edvel nas secretarias das escolas)<br>&#8211; Cart\u00e3o Estudantil (se j\u00e1 possuir)<br><br><strong>Pontos de Cadastro para Estudantes<\/strong><\/p>\n\n\n\n<p><strong><br><\/strong>\u2022 Empresa Vera Cruz<br>\u2022 Base Comunit\u00e1ria de Seguran\u00e7a P\u00fablica do bairro Urciano Lemos<br>\u2022 Ouvidoria (antiga biblioteca municipal no cal\u00e7ad\u00e3o)<br><br><strong>Observa\u00e7\u00f5es<\/strong><br><br>O cadastro somente ser\u00e1 realizado com a presen\u00e7a do aluno titular do cart\u00e3o, uma vez que ser\u00e1 feito o cadastro de sua foto no sistema para \u201cReconhecimento Facial\u201d durante a utiliza\u00e7\u00e3o. O benef\u00edcio \u00e9 intrasfer\u00edvel e se n\u00e3o utilizado corretamente poder\u00e1 ser suspenso por at\u00e9 30 dias.<br><br><strong>Cadastro de Idosos<\/strong><\/p>\n\n\n\n<p><strong><br><\/strong>A gratuidade da tarifa do transporte p\u00fablico coletivo urbano para idosos a partir de 60 anos come\u00e7ou no \u00faltimo dia 20 de dezembro.&nbsp; A nova legisla\u00e7\u00e3o amplia ainda o acesso de idosos \u00e0 gratuidade no transporte p\u00fablico, que passa a ser a partir de 60 anos completos (antes era a partir de 65 anos).<br><br><strong>Pontos de Apoio de Idosos<br><\/strong><br>\u2022 Empresa Vera Cruz<br>\u2022 Base Comunit\u00e1ria do bairro Urciano Lemos<br>\u2022 Ouvidoria (antiga biblioteca municipal no cal\u00e7ad\u00e3o)<br>\u2022 N\u00facleo de Conviv\u00eancia do bairro Boa Vista<br>\u2022 Pra\u00e7a da Fam\u00edlia<br>\u2022 Escola Estadual Professor Luiz Ant\u00f4nio Corr\u00eaa Oliveira &#8211; Polivalente<\/p>\n","protected":false},"excerpt":{"rendered":"<p>A gratuidade da tarifa do transporte p\u00fablico coletivo urbano para estudantes matriculados no ensino regular presencial come\u00e7ou na sexta-feira (6).<\/p>\n","protected":false},"author":2,"featured_media":3963,"comment_status":"open","ping_status":"open","sticky":false,"template":"","format":"standard","meta":{"footnotes":""},"categories":[9,11,13],"tags":[],"class_list":["post-3962","post","type-post","status-publish","format-standard","has-post-thumbnail","hentry","category-araxa","category-destaques","category-educacao"],"_links":{"self":[{"href":"http:\/\/blogdoarmindomaia.com.br\/index.php?rest_route=\/wp\/v2\/posts\/3962","targetHints":{"allow":["GET"]}}],"collection":[{"href":"http:\/\/blogdoarmindomaia.com.br\/index.php?rest_route=\/wp\/v2\/posts"}],"about":[{"href":"http:\/\/blogdoarmindomaia.com.br\/index.php?rest_route=\/wp\/v2\/types\/post"}],"author":[{"embeddable":true,"href":"http:\/\/blogdoarmindomaia.com.br\/index.php?rest_route=\/wp\/v2\/users\/2"}],"replies":[{"embeddable":true,"href":"http:\/\/blogdoarmindomaia.com.br\/index.php?rest_route=%2Fwp%2Fv2%2Fcomments&post=3962"}],"version-history":[{"count":1,"href":"http:\/\/blogdoarmindomaia.com.br\/index.php?rest_route=\/wp\/v2\/posts\/3962\/revisions"}],"predecessor-version":[{"id":3964,"href":"http:\/\/blogdoarmindomaia.com.br\/index.php?rest_route=\/wp\/v2\/posts\/3962\/revisions\/3964"}],"wp:featuredmedia":[{"embeddable":true,"href":"http:\/\/blogdoarmindomaia.com.br\/index.php?rest_route=\/wp\/v2\/media\/3963"}],"wp:attachment":[{"href":"http:\/\/blogdoarmindomaia.com.br\/index.php?rest_route=%2Fwp%2Fv2%2Fmedia&parent=3962"}],"wp:term":[{"taxonomy":"category","embeddable":true,"href":"http:\/\/blogdoarmindomaia.com.br\/index.php?rest_route=%2Fwp%2Fv2%2Fcategories&post=3962"},{"taxonomy":"post_tag","embeddable":true,"href":"http:\/\/blogdoarmindomaia.com.br\/index.php?rest_route=%2Fwp%2Fv2%2Ftags&post=3962"}],"curies":[{"name":"wp","href":"https:\/\/api.w.org\/{rel}","templated":true}]}}