{"id":3977,"date":"2023-01-17T11:08:44","date_gmt":"2023-01-17T14:08:44","guid":{"rendered":"http:\/\/blogdoarmindomaia.com.br\/?p=3977"},"modified":"2023-01-17T11:08:46","modified_gmt":"2023-01-17T14:08:46","slug":"prefeitura-de-araxa-abre-processo-seletivo-para-contratacao-de-medicos-para-esfs","status":"publish","type":"post","link":"http:\/\/blogdoarmindomaia.com.br\/?p=3977","title":{"rendered":"<strong>Prefeitura de Arax\u00e1 abre processo seletivo para contrata\u00e7\u00e3o de m\u00e9dicos para ESFs<br><br><\/strong>"},"content":{"rendered":"\n<figure class=\"wp-block-image size-full is-style-default\"><img loading=\"lazy\" decoding=\"async\" width=\"1024\" height=\"683\" src=\"http:\/\/blogdoarmindomaia.com.br\/wp-content\/uploads\/2023\/01\/Prefeitura-de-Araxa-abre-processo-seletivo-para-contratacao-de-medicos-pag-03.jpeg\" alt=\"\" class=\"wp-image-3978\" srcset=\"http:\/\/blogdoarmindomaia.com.br\/wp-content\/uploads\/2023\/01\/Prefeitura-de-Araxa-abre-processo-seletivo-para-contratacao-de-medicos-pag-03.jpeg 1024w, http:\/\/blogdoarmindomaia.com.br\/wp-content\/uploads\/2023\/01\/Prefeitura-de-Araxa-abre-processo-seletivo-para-contratacao-de-medicos-pag-03-300x200.jpeg 300w, http:\/\/blogdoarmindomaia.com.br\/wp-content\/uploads\/2023\/01\/Prefeitura-de-Araxa-abre-processo-seletivo-para-contratacao-de-medicos-pag-03-768x512.jpeg 768w\" sizes=\"auto, (max-width: 1024px) 100vw, 1024px\" \/><\/figure>\n\n\n\n<p>A Prefeitura de Arax\u00e1 abriu processo seletivo para a contrata\u00e7\u00e3o de oito m\u00e9dicos que ir\u00e3o atender nas Estrat\u00e9gias de Sa\u00fade da Fam\u00edlia (ESFs). As inscri\u00e7\u00f5es devem ser realizadas do dia 16 de janeiro a 14 de fevereiro de 2023 (at\u00e9 \u00e0s 23h59), exclusivamente pelo e-mail (&nbsp;<a href=\"mailto:processoseletivo.esfaraxa@gmail.com\" target=\"_blank\" rel=\"noreferrer noopener\">processoseletivo.esfaraxa@gmail.com<\/a>&nbsp;).<br><br>O processo seletivo consta de tr\u00eas etapas, sendo An\u00e1lise de Curr\u00edculo, Avalia\u00e7\u00e3o Social e Exame M\u00e9dico com Entrega de Documentos. A expectativa da Secretaria Municipal de Sa\u00fade \u00e9 que, com o preenchimento das vagas, esses profissionais j\u00e1 sejam convocados para que iniciem, de imediato, o atendimento nas ESFs de Arax\u00e1.<br><br>Segundo a secret\u00e1ria Cristiane Gon\u00e7alves Pereira, o processo seletivo tem por objetivo, al\u00e9m do preenchimento das vagas, a forma\u00e7\u00e3o de cadastro reserva de m\u00e9dicos para ESFs.<br><br>&#8220;Atualmente, temos oito ESF\u00b4s sem o profissional m\u00e9dico vinculado. Este processo ir\u00e1 oferecer a remunera\u00e7\u00e3o de R$ 14.020,93, mais Adicional de Produtividade R$ 3.505,23, para 40 horas semanais. Preenchendo essas vagas, teremos 100% das ESFs com suas equipes completas, o que garante que tenhamos um melhor acompanhamento dos usu\u00e1rios em suas necessidades referentes a tratamentos, preven\u00e7\u00e3o e promo\u00e7\u00e3o \u00e0 sa\u00fade&#8221;, ressalta.<br><br>O edital com todas as informa\u00e7\u00f5es sobre o processo seletivo est\u00e1 dispon\u00edvel no link (&nbsp;<a href=\"https:\/\/bit.ly\/3HahFkx\" target=\"_blank\" rel=\"noreferrer noopener\">https:\/\/bit.ly\/3HahFkx<\/a>&nbsp;).<\/p>\n","protected":false},"excerpt":{"rendered":"<p>A Prefeitura de Arax\u00e1 abriu processo seletivo para a contrata\u00e7\u00e3o de oito m\u00e9dicos que ir\u00e3o atender nas Estrat\u00e9gias de Sa\u00fade<\/p>\n","protected":false},"author":2,"featured_media":3978,"comment_status":"open","ping_status":"open","sticky":false,"template":"","format":"standard","meta":{"footnotes":""},"categories":[9,11],"tags":[],"class_list":["post-3977","post","type-post","status-publish","format-standard","has-post-thumbnail","hentry","category-araxa","category-destaques"],"_links":{"self":[{"href":"http:\/\/blogdoarmindomaia.com.br\/index.php?rest_route=\/wp\/v2\/posts\/3977","targetHints":{"allow":["GET"]}}],"collection":[{"href":"http:\/\/blogdoarmindomaia.com.br\/index.php?rest_route=\/wp\/v2\/posts"}],"about":[{"href":"http:\/\/blogdoarmindomaia.com.br\/index.php?rest_route=\/wp\/v2\/types\/post"}],"author":[{"embeddable":true,"href":"http:\/\/blogdoarmindomaia.com.br\/index.php?rest_route=\/wp\/v2\/users\/2"}],"replies":[{"embeddable":true,"href":"http:\/\/blogdoarmindomaia.com.br\/index.php?rest_route=%2Fwp%2Fv2%2Fcomments&post=3977"}],"version-history":[{"count":1,"href":"http:\/\/blogdoarmindomaia.com.br\/index.php?rest_route=\/wp\/v2\/posts\/3977\/revisions"}],"predecessor-version":[{"id":3979,"href":"http:\/\/blogdoarmindomaia.com.br\/index.php?rest_route=\/wp\/v2\/posts\/3977\/revisions\/3979"}],"wp:featuredmedia":[{"embeddable":true,"href":"http:\/\/blogdoarmindomaia.com.br\/index.php?rest_route=\/wp\/v2\/media\/3978"}],"wp:attachment":[{"href":"http:\/\/blogdoarmindomaia.com.br\/index.php?rest_route=%2Fwp%2Fv2%2Fmedia&parent=3977"}],"wp:term":[{"taxonomy":"category","embeddable":true,"href":"http:\/\/blogdoarmindomaia.com.br\/index.php?rest_route=%2Fwp%2Fv2%2Fcategories&post=3977"},{"taxonomy":"post_tag","embeddable":true,"href":"http:\/\/blogdoarmindomaia.com.br\/index.php?rest_route=%2Fwp%2Fv2%2Ftags&post=3977"}],"curies":[{"name":"wp","href":"https:\/\/api.w.org\/{rel}","templated":true}]}}