{"id":3983,"date":"2023-01-17T11:19:58","date_gmt":"2023-01-17T14:19:58","guid":{"rendered":"http:\/\/blogdoarmindomaia.com.br\/?p=3983"},"modified":"2023-01-17T11:20:00","modified_gmt":"2023-01-17T14:20:00","slug":"dinamo-se-prepara-para-disputa-da-copa-regional-amapar-2023","status":"publish","type":"post","link":"http:\/\/blogdoarmindomaia.com.br\/?p=3983","title":{"rendered":"<strong>D\u00ednamo se prepara para disputa da Copa Regional Amapar 2023<\/strong>"},"content":{"rendered":"\n<figure class=\"wp-block-image size-large is-style-default\"><img loading=\"lazy\" decoding=\"async\" width=\"1024\" height=\"682\" src=\"http:\/\/blogdoarmindomaia.com.br\/wp-content\/uploads\/2023\/01\/Dinamo-se-prepara-para-disputa-da-Copa-Regional-Amapar-2023-esportes-1024x682.jpeg\" alt=\"\" class=\"wp-image-3984\" srcset=\"http:\/\/blogdoarmindomaia.com.br\/wp-content\/uploads\/2023\/01\/Dinamo-se-prepara-para-disputa-da-Copa-Regional-Amapar-2023-esportes-1024x682.jpeg 1024w, http:\/\/blogdoarmindomaia.com.br\/wp-content\/uploads\/2023\/01\/Dinamo-se-prepara-para-disputa-da-Copa-Regional-Amapar-2023-esportes-300x200.jpeg 300w, http:\/\/blogdoarmindomaia.com.br\/wp-content\/uploads\/2023\/01\/Dinamo-se-prepara-para-disputa-da-Copa-Regional-Amapar-2023-esportes-768x512.jpeg 768w, http:\/\/blogdoarmindomaia.com.br\/wp-content\/uploads\/2023\/01\/Dinamo-se-prepara-para-disputa-da-Copa-Regional-Amapar-2023-esportes.jpeg 1280w\" sizes=\"auto, (max-width: 1024px) 100vw, 1024px\" \/><\/figure>\n\n\n\n<p>Com nove novos refor\u00e7os e com um elenco de 27 jogadores, a Associa\u00e7\u00e3o Esportiva D\u00ednamo Esporte Clube se prepara para participar da 16\u00aa Copa Regional Amapar, a partir de fevereiro. O time estar\u00e1 no grupo 04, junto com mais seis clubes de Arax\u00e1 e regi\u00e3o.<br><br>Este ano a competi\u00e7\u00e3o contar\u00e1 com seis grupos com sete equipes, totalizando 42 participantes. A chave do D\u00ednamo conta tamb\u00e9m com os clubes: Parana\u00edba E.C (Carmo do Parana\u00edba), Nacional F.C (Tiros), Red Bull (Rio Parana\u00edba), Amigos F.C (Arax\u00e1), Ribeir\u00e3o da C F.C (Serra do Salitre) e Uni\u00e3o Cruzeiro (Brejo Bonito).<br><br>Os treinamentos da equipe come\u00e7aram na ter\u00e7a-feira (3), no Est\u00e1dio Octaviano Para\u00edso (Para\u00eds\u00e3o).&nbsp;&nbsp;Para este ano, a expectativa \u00e9 que o Azul\u00e3o chegue ainda mais longe do que em 2022, onde disputou a semifinal da Copa Amapar.&nbsp;<\/p>\n\n\n\n<p>\u201cAlmejamos ser campe\u00f5es. Dificuldades vamos ter, pois este ano as equipes est\u00e3o muito melhores, com ex-jogadores profissionais jogando em muitas delas. Mas n\u00f3s tamb\u00e9m temos um elenco muito qualificado, com refor\u00e7os no ataque. Por isso, temos totais possibilidades de conquistarmos o t\u00edtulo da competi\u00e7\u00e3o\u201d, avalia o t\u00e9cnico Tiago Pereira.<br><br>O primeiro advers\u00e1rio do D\u00ednamo ser\u00e1 a equipe do Amigos, no dia 11 de fevereiro, em local ainda a ser definido. A tabela completa com todas as partidas ser\u00e1 divulgada em breve pela empresa organizadora \u2018A Dona da Bola &#8211; Eventos Esportivos\u2019.<\/p>\n","protected":false},"excerpt":{"rendered":"<p>Com nove novos refor\u00e7os e com um elenco de 27 jogadores, a Associa\u00e7\u00e3o Esportiva D\u00ednamo Esporte Clube se prepara para<\/p>\n","protected":false},"author":2,"featured_media":3984,"comment_status":"open","ping_status":"open","sticky":false,"template":"","format":"standard","meta":{"footnotes":""},"categories":[9,15],"tags":[],"class_list":["post-3983","post","type-post","status-publish","format-standard","has-post-thumbnail","hentry","category-araxa","category-esportes"],"_links":{"self":[{"href":"http:\/\/blogdoarmindomaia.com.br\/index.php?rest_route=\/wp\/v2\/posts\/3983","targetHints":{"allow":["GET"]}}],"collection":[{"href":"http:\/\/blogdoarmindomaia.com.br\/index.php?rest_route=\/wp\/v2\/posts"}],"about":[{"href":"http:\/\/blogdoarmindomaia.com.br\/index.php?rest_route=\/wp\/v2\/types\/post"}],"author":[{"embeddable":true,"href":"http:\/\/blogdoarmindomaia.com.br\/index.php?rest_route=\/wp\/v2\/users\/2"}],"replies":[{"embeddable":true,"href":"http:\/\/blogdoarmindomaia.com.br\/index.php?rest_route=%2Fwp%2Fv2%2Fcomments&post=3983"}],"version-history":[{"count":1,"href":"http:\/\/blogdoarmindomaia.com.br\/index.php?rest_route=\/wp\/v2\/posts\/3983\/revisions"}],"predecessor-version":[{"id":3985,"href":"http:\/\/blogdoarmindomaia.com.br\/index.php?rest_route=\/wp\/v2\/posts\/3983\/revisions\/3985"}],"wp:featuredmedia":[{"embeddable":true,"href":"http:\/\/blogdoarmindomaia.com.br\/index.php?rest_route=\/wp\/v2\/media\/3984"}],"wp:attachment":[{"href":"http:\/\/blogdoarmindomaia.com.br\/index.php?rest_route=%2Fwp%2Fv2%2Fmedia&parent=3983"}],"wp:term":[{"taxonomy":"category","embeddable":true,"href":"http:\/\/blogdoarmindomaia.com.br\/index.php?rest_route=%2Fwp%2Fv2%2Fcategories&post=3983"},{"taxonomy":"post_tag","embeddable":true,"href":"http:\/\/blogdoarmindomaia.com.br\/index.php?rest_route=%2Fwp%2Fv2%2Ftags&post=3983"}],"curies":[{"name":"wp","href":"https:\/\/api.w.org\/{rel}","templated":true}]}}