{"id":3992,"date":"2023-01-18T15:00:46","date_gmt":"2023-01-18T18:00:46","guid":{"rendered":"http:\/\/blogdoarmindomaia.com.br\/?p=3992"},"modified":"2023-01-18T15:00:48","modified_gmt":"2023-01-18T18:00:48","slug":"decreto-declara-areas-de-utilidade-publica","status":"publish","type":"post","link":"http:\/\/blogdoarmindomaia.com.br\/?p=3992","title":{"rendered":"Decreto declara \u00e1reas de utilidade p\u00fablica"},"content":{"rendered":"\n<figure class=\"wp-block-image size-full is-style-default\"><img loading=\"lazy\" decoding=\"async\" width=\"700\" height=\"400\" src=\"http:\/\/blogdoarmindomaia.com.br\/wp-content\/uploads\/2023\/01\/casas_jardimesplendido_13123.jpg\" alt=\"\" class=\"wp-image-3993\" srcset=\"http:\/\/blogdoarmindomaia.com.br\/wp-content\/uploads\/2023\/01\/casas_jardimesplendido_13123.jpg 700w, http:\/\/blogdoarmindomaia.com.br\/wp-content\/uploads\/2023\/01\/casas_jardimesplendido_13123-300x171.jpg 300w\" sizes=\"auto, (max-width: 700px) 100vw, 700px\" \/><\/figure>\n\n\n\n<p>Foi publicado na edi\u00e7\u00e3o desta quinta-feira (12) do Di\u00e1rio Oficial do Munic\u00edpio de Arax\u00e1 (Doma), o decreto 1.470 \u2013 de 11 de janeiro de 2023, que visa dar solu\u00e7\u00e3o a um problema antigo relacionado ao empreendimento Jardim Espl\u00eandido. Mesmo com previs\u00e3o inicial de entrega das casas a partir de 2018, at\u00e9 hoje a situa\u00e7\u00e3o da passagem de esgoto n\u00e3o foi solucionada. A medida foi solicitada pelo vereador Raphael Rios em diversas reuni\u00f5es e audi\u00eancias. O decreto disp\u00f5e sobre declara\u00e7\u00e3o de utilidade p\u00fablica de im\u00f3veis para efeito de desapropria\u00e7\u00e3o ou institui\u00e7\u00e3o de servid\u00e3o de passagem. S\u00e3o \u00e1reas apontadas como necess\u00e1rias para a implanta\u00e7\u00e3o de rede de esgoto sanit\u00e1rio para atender cerca de 300 fam\u00edlias que aguardam a libera\u00e7\u00e3o do Residencial Jardim Espl\u00eandido. A partir do decreto assinado pelo prefeito Robson Magela ser\u00e3o realizados tr\u00e2mites para a justa indeniza\u00e7\u00e3o dos propriet\u00e1rios das \u00e1reas a serem desapropriadas.&nbsp;&nbsp;<\/p>\n","protected":false},"excerpt":{"rendered":"<p>Foi publicado na edi\u00e7\u00e3o desta quinta-feira (12) do Di\u00e1rio Oficial do Munic\u00edpio de Arax\u00e1 (Doma), o decreto 1.470 \u2013 de<\/p>\n","protected":false},"author":2,"featured_media":3993,"comment_status":"open","ping_status":"open","sticky":false,"template":"","format":"standard","meta":{"footnotes":""},"categories":[9,11],"tags":[],"class_list":["post-3992","post","type-post","status-publish","format-standard","has-post-thumbnail","hentry","category-araxa","category-destaques"],"_links":{"self":[{"href":"http:\/\/blogdoarmindomaia.com.br\/index.php?rest_route=\/wp\/v2\/posts\/3992","targetHints":{"allow":["GET"]}}],"collection":[{"href":"http:\/\/blogdoarmindomaia.com.br\/index.php?rest_route=\/wp\/v2\/posts"}],"about":[{"href":"http:\/\/blogdoarmindomaia.com.br\/index.php?rest_route=\/wp\/v2\/types\/post"}],"author":[{"embeddable":true,"href":"http:\/\/blogdoarmindomaia.com.br\/index.php?rest_route=\/wp\/v2\/users\/2"}],"replies":[{"embeddable":true,"href":"http:\/\/blogdoarmindomaia.com.br\/index.php?rest_route=%2Fwp%2Fv2%2Fcomments&post=3992"}],"version-history":[{"count":1,"href":"http:\/\/blogdoarmindomaia.com.br\/index.php?rest_route=\/wp\/v2\/posts\/3992\/revisions"}],"predecessor-version":[{"id":3994,"href":"http:\/\/blogdoarmindomaia.com.br\/index.php?rest_route=\/wp\/v2\/posts\/3992\/revisions\/3994"}],"wp:featuredmedia":[{"embeddable":true,"href":"http:\/\/blogdoarmindomaia.com.br\/index.php?rest_route=\/wp\/v2\/media\/3993"}],"wp:attachment":[{"href":"http:\/\/blogdoarmindomaia.com.br\/index.php?rest_route=%2Fwp%2Fv2%2Fmedia&parent=3992"}],"wp:term":[{"taxonomy":"category","embeddable":true,"href":"http:\/\/blogdoarmindomaia.com.br\/index.php?rest_route=%2Fwp%2Fv2%2Fcategories&post=3992"},{"taxonomy":"post_tag","embeddable":true,"href":"http:\/\/blogdoarmindomaia.com.br\/index.php?rest_route=%2Fwp%2Fv2%2Ftags&post=3992"}],"curies":[{"name":"wp","href":"https:\/\/api.w.org\/{rel}","templated":true}]}}