{"id":3998,"date":"2023-01-18T15:09:29","date_gmt":"2023-01-18T18:09:29","guid":{"rendered":"http:\/\/blogdoarmindomaia.com.br\/?p=3998"},"modified":"2023-01-18T15:09:31","modified_gmt":"2023-01-18T18:09:31","slug":"projeto-quarta-feira-do-povo-e-retomado-pela-prefeitura-de-araxa","status":"publish","type":"post","link":"http:\/\/blogdoarmindomaia.com.br\/?p=3998","title":{"rendered":"Projeto \u201cQuarta-feira do Povo&#8221; \u00e9 retomado pela Prefeitura de Arax\u00e1"},"content":{"rendered":"\n<figure class=\"wp-block-image size-full is-style-default\"><img loading=\"lazy\" decoding=\"async\" width=\"1024\" height=\"683\" src=\"http:\/\/blogdoarmindomaia.com.br\/wp-content\/uploads\/2023\/01\/Projeto-Quarta-feira-do-Povo-e-retomado-pela-Prefeitura-de-Araxa-pag-06.jpeg\" alt=\"\" class=\"wp-image-4000\" srcset=\"http:\/\/blogdoarmindomaia.com.br\/wp-content\/uploads\/2023\/01\/Projeto-Quarta-feira-do-Povo-e-retomado-pela-Prefeitura-de-Araxa-pag-06.jpeg 1024w, http:\/\/blogdoarmindomaia.com.br\/wp-content\/uploads\/2023\/01\/Projeto-Quarta-feira-do-Povo-e-retomado-pela-Prefeitura-de-Araxa-pag-06-300x200.jpeg 300w, http:\/\/blogdoarmindomaia.com.br\/wp-content\/uploads\/2023\/01\/Projeto-Quarta-feira-do-Povo-e-retomado-pela-Prefeitura-de-Araxa-pag-06-768x512.jpeg 768w\" sizes=\"auto, (max-width: 1024px) 100vw, 1024px\" \/><\/figure>\n\n\n\n<p>Sugerir e reivindicar a\u00e7\u00f5es para a gest\u00e3o da cidade diretamente ao prefeito municipal. Este \u00e9 objetivo do projeto \u201cQuarta-feira do Povo\u201d, que retomou suas atividades nesta quarta (11). Os encontros s\u00e3o agendados com anteced\u00eancia na sede do Poder Executivo, no Centro Administrativo, localizado na avenida Ros\u00e1lia Isaura Ara\u00fajo, n\u00ba 275, ou pelo telefone 3691-7023.<br><br>A promotora de vendas Suely de Jesus Vicente destaca que a Quarta-feira do Povo \u00e9 uma importante a\u00e7\u00e3o para aproximar a comunidade da Prefeitura de Arax\u00e1.<br><br>\u201cEste projeto \u00e9 maravilhoso para n\u00f3s, araxaenses! \u00c9 por meio dele que o prefeito pode exercer um papel ainda melhor perante a sociedade, ajudando a solucionar os desafios que v\u00e3o surgindo, e n\u00f3s o papel de cidad\u00e3os que participam das a\u00e7\u00f5es da gest\u00e3o\u201d, comenta.<br><br>As demandas apresentadas s\u00e3o analisadas imediatamente pelo prefeito Robson Magela e assessoria. \u201cO nosso principal intuito \u00e9 abrir as portas da Prefeitura de Arax\u00e1 e escutar atentamente cada pessoa, que exerce o verdadeiro papel de cidad\u00e3o. Esperamos que toda a popula\u00e7\u00e3o apresente sugest\u00f5es para seu bairro, para a cidade e reivindique a\u00e7\u00f5es que possam melhorar a vida da comunidade em todos os setores, como Sa\u00fade, Educa\u00e7\u00e3o ou Esporte, por exemplo. Dessa forma, vamos tentar solucionar a quest\u00e3o exposta com maior agilidade, sempre que for poss\u00edvel\u201d, destaca o prefeito.<\/p>\n","protected":false},"excerpt":{"rendered":"<p>Sugerir e reivindicar a\u00e7\u00f5es para a gest\u00e3o da cidade diretamente ao prefeito municipal. Este \u00e9 objetivo do projeto \u201cQuarta-feira do<\/p>\n","protected":false},"author":2,"featured_media":4000,"comment_status":"open","ping_status":"open","sticky":false,"template":"","format":"standard","meta":{"footnotes":""},"categories":[9,11],"tags":[],"class_list":["post-3998","post","type-post","status-publish","format-standard","has-post-thumbnail","hentry","category-araxa","category-destaques"],"_links":{"self":[{"href":"http:\/\/blogdoarmindomaia.com.br\/index.php?rest_route=\/wp\/v2\/posts\/3998","targetHints":{"allow":["GET"]}}],"collection":[{"href":"http:\/\/blogdoarmindomaia.com.br\/index.php?rest_route=\/wp\/v2\/posts"}],"about":[{"href":"http:\/\/blogdoarmindomaia.com.br\/index.php?rest_route=\/wp\/v2\/types\/post"}],"author":[{"embeddable":true,"href":"http:\/\/blogdoarmindomaia.com.br\/index.php?rest_route=\/wp\/v2\/users\/2"}],"replies":[{"embeddable":true,"href":"http:\/\/blogdoarmindomaia.com.br\/index.php?rest_route=%2Fwp%2Fv2%2Fcomments&post=3998"}],"version-history":[{"count":1,"href":"http:\/\/blogdoarmindomaia.com.br\/index.php?rest_route=\/wp\/v2\/posts\/3998\/revisions"}],"predecessor-version":[{"id":4001,"href":"http:\/\/blogdoarmindomaia.com.br\/index.php?rest_route=\/wp\/v2\/posts\/3998\/revisions\/4001"}],"wp:featuredmedia":[{"embeddable":true,"href":"http:\/\/blogdoarmindomaia.com.br\/index.php?rest_route=\/wp\/v2\/media\/4000"}],"wp:attachment":[{"href":"http:\/\/blogdoarmindomaia.com.br\/index.php?rest_route=%2Fwp%2Fv2%2Fmedia&parent=3998"}],"wp:term":[{"taxonomy":"category","embeddable":true,"href":"http:\/\/blogdoarmindomaia.com.br\/index.php?rest_route=%2Fwp%2Fv2%2Fcategories&post=3998"},{"taxonomy":"post_tag","embeddable":true,"href":"http:\/\/blogdoarmindomaia.com.br\/index.php?rest_route=%2Fwp%2Fv2%2Ftags&post=3998"}],"curies":[{"name":"wp","href":"https:\/\/api.w.org\/{rel}","templated":true}]}}