{"id":4009,"date":"2023-01-18T15:31:46","date_gmt":"2023-01-18T18:31:46","guid":{"rendered":"http:\/\/blogdoarmindomaia.com.br\/?p=4009"},"modified":"2023-01-18T15:31:49","modified_gmt":"2023-01-18T18:31:49","slug":"prorrogadas-as-inscricoes-para-o-projeto-casa-do-pequeno-jardineiro","status":"publish","type":"post","link":"http:\/\/blogdoarmindomaia.com.br\/?p=4009","title":{"rendered":"Prorrogadas as inscri\u00e7\u00f5es para o projeto Casa do Pequeno Jardineiro"},"content":{"rendered":"\n<figure class=\"wp-block-image size-full is-style-default\"><img loading=\"lazy\" decoding=\"async\" width=\"1024\" height=\"683\" src=\"http:\/\/blogdoarmindomaia.com.br\/wp-content\/uploads\/2023\/01\/Casa-do-Pequeno-Jardineiro.jpeg\" alt=\"\" class=\"wp-image-4010\" srcset=\"http:\/\/blogdoarmindomaia.com.br\/wp-content\/uploads\/2023\/01\/Casa-do-Pequeno-Jardineiro.jpeg 1024w, http:\/\/blogdoarmindomaia.com.br\/wp-content\/uploads\/2023\/01\/Casa-do-Pequeno-Jardineiro-300x200.jpeg 300w, http:\/\/blogdoarmindomaia.com.br\/wp-content\/uploads\/2023\/01\/Casa-do-Pequeno-Jardineiro-768x512.jpeg 768w\" sizes=\"auto, (max-width: 1024px) 100vw, 1024px\" \/><\/figure>\n\n\n\n<p>As inscri\u00e7\u00f5es para a Casa do Pequeno Jardineiro 2023 foram prorrogadas at\u00e9 o dia 20 janeiro. O projeto da Secretaria Municipal de A\u00e7\u00e3o Social voltado para adolescentes de 14 a 17 anos incentiva a educa\u00e7\u00e3o socioambiental, focada na inclus\u00e3o de adolescentes em situa\u00e7\u00e3o de vulnerabilidade social ou pessoal.<br><br>As inscri\u00e7\u00f5es gratuitas podem ser realizadas de quarta (18) a sexta (20), das 8h \u00e0s 16h, na sede da Casa do Pequeno Jardineiro &#8211; avenida Pedro Honorato da Silva (Avenida Ecol\u00f3gica), s\/n \u2013 Vila Silv\u00e9ria.<br><br>Est\u00e3o sendo ofertadas 125 vagas para adolescentes de 14 a 17 anos que estejam inscritos no Cadastro \u00danico do Governo Federal, devidamente matriculados no Ensino Fundamental ou M\u00e9dio e que possuam RG e CPF.<br><br>Os adolescentes selecionados ter\u00e3o direito a uma Bolsa Social no valor de meio sal\u00e1rio m\u00ednimo vigente, vale-transporte, camiseta de uniforme e alimenta\u00e7\u00e3o no local das atividades.<br><br><strong>Pr\u00e9-requisitos para inscri\u00e7\u00f5es<\/strong><br><br>&#8211; Ter idade entre 14 e 17 anos, sendo que o adolescente n\u00e3o poder\u00e1 completar 18 anos at\u00e9 o m\u00eas de dezembro;<br><br>&#8211; Estar inscrito no Cadastro \u00danico do Governo Federal e as informa\u00e7\u00f5es dever\u00e3o estar atualizadas;<br><br>&#8211; Estar matriculado no ensino fundamental ou m\u00e9dio, caso n\u00e3o o tenha conclu\u00eddo;<br><br>&#8211; Possuir RG e CPF.<br><br><strong>Inscri\u00e7\u00f5es<\/strong><br><br>O adolescente, acompanhado de pais ou respons\u00e1veis, dever\u00e1 apresentar no ato da inscri\u00e7\u00e3o o original de todos os documentos a seguir:<br><br>&#8211; RG atualizado, n\u00e3o podendo ser infantil e CPF do adolescente;<br><br>&#8211; RG e CPF do respons\u00e1vel legal do adolescente;<br><br>&#8211; 1 comprovante de endere\u00e7o atualizado (\u00faltimos 3 meses);<br><br>&#8211; Cart\u00e3o de Vacina constando imuniza\u00e7\u00e3o contra a Covid-19 e vacina antitet\u00e2nica;<br><br>&#8211; Atestado de escolaridade, emitido dentro do prazo m\u00e1ximo de 30 dias ou comprovante de matr\u00edcula para o ano letivo de 2023;<br><br>&#8211; Folha Resumo do Cadastro \u00danico (emitida na Secretaria Municipal de A\u00e7\u00e3o Social, CRAS e N\u00facleos de Conviv\u00eancia);<br><br>&#8211; Se o adolescente for benefici\u00e1rio do Benef\u00edcio de Presta\u00e7\u00e3o Continuada dever\u00e1 apresentar extrato do INSS;<br><br>&#8211; Comprovante de renda, atualizado, de todos que residem com o adolescente. A renda dever\u00e1 ser comprovada apresentando c\u00f3pia da carteira de trabalho (folhas de rosto frente e verso e contrato de trabalho), contracheques, comprovantes de benef\u00edcios sociais do governo, comprovante de recebimento de aposentadoria e pens\u00e3o por morte ou aliment\u00edcia.<br><br>Em caso de trabalhador aut\u00f4nomo, declara\u00e7\u00e3o do pr\u00f3prio punho e c\u00f3pia). Os familiares desempregados dever\u00e3o apresentar c\u00f3pia da Carteira de Trabalho onde consta anota\u00e7\u00e3o da \u00faltima contrata\u00e7\u00e3o e da folha seguinte;<br><br>&#8211; Para os adolescentes em cumprimento de Medida Socioeducativa dever\u00e3o apresentar encaminhamento do Centro de Refer\u00eancia Especializado de Assist\u00eancia Social \u2013 CREAS;<br><br>&#8211; Para os adolescentes com medida de prote\u00e7\u00e3o, estabelecidas pelo ECA, dever\u00e3o apresentar encaminhamento da unidade de atendimento (CRAS, CREAS, N\u00facleo de Conviv\u00eancia, Casa Lar, Abrigo Casa, Conselho Tutelar, etc.);<br><br>&#8211; Os adolescentes com defici\u00eancia dever\u00e3o apresentar laudo m\u00e9dico que descreva o estado de sa\u00fade do candidato;<br><br>&#8211; Termo de Guarda, nos casos onde se aplica.<br><\/p>\n","protected":false},"excerpt":{"rendered":"<p>As inscri\u00e7\u00f5es para a Casa do Pequeno Jardineiro 2023 foram prorrogadas at\u00e9 o dia 20 janeiro. O projeto da Secretaria<\/p>\n","protected":false},"author":2,"featured_media":4010,"comment_status":"open","ping_status":"open","sticky":false,"template":"","format":"standard","meta":{"footnotes":""},"categories":[9,8],"tags":[],"class_list":["post-4009","post","type-post","status-publish","format-standard","has-post-thumbnail","hentry","category-araxa","category-cidades"],"_links":{"self":[{"href":"http:\/\/blogdoarmindomaia.com.br\/index.php?rest_route=\/wp\/v2\/posts\/4009","targetHints":{"allow":["GET"]}}],"collection":[{"href":"http:\/\/blogdoarmindomaia.com.br\/index.php?rest_route=\/wp\/v2\/posts"}],"about":[{"href":"http:\/\/blogdoarmindomaia.com.br\/index.php?rest_route=\/wp\/v2\/types\/post"}],"author":[{"embeddable":true,"href":"http:\/\/blogdoarmindomaia.com.br\/index.php?rest_route=\/wp\/v2\/users\/2"}],"replies":[{"embeddable":true,"href":"http:\/\/blogdoarmindomaia.com.br\/index.php?rest_route=%2Fwp%2Fv2%2Fcomments&post=4009"}],"version-history":[{"count":1,"href":"http:\/\/blogdoarmindomaia.com.br\/index.php?rest_route=\/wp\/v2\/posts\/4009\/revisions"}],"predecessor-version":[{"id":4011,"href":"http:\/\/blogdoarmindomaia.com.br\/index.php?rest_route=\/wp\/v2\/posts\/4009\/revisions\/4011"}],"wp:featuredmedia":[{"embeddable":true,"href":"http:\/\/blogdoarmindomaia.com.br\/index.php?rest_route=\/wp\/v2\/media\/4010"}],"wp:attachment":[{"href":"http:\/\/blogdoarmindomaia.com.br\/index.php?rest_route=%2Fwp%2Fv2%2Fmedia&parent=4009"}],"wp:term":[{"taxonomy":"category","embeddable":true,"href":"http:\/\/blogdoarmindomaia.com.br\/index.php?rest_route=%2Fwp%2Fv2%2Fcategories&post=4009"},{"taxonomy":"post_tag","embeddable":true,"href":"http:\/\/blogdoarmindomaia.com.br\/index.php?rest_route=%2Fwp%2Fv2%2Ftags&post=4009"}],"curies":[{"name":"wp","href":"https:\/\/api.w.org\/{rel}","templated":true}]}}