{"id":4027,"date":"2023-01-19T14:20:32","date_gmt":"2023-01-19T17:20:32","guid":{"rendered":"http:\/\/blogdoarmindomaia.com.br\/?p=4027"},"modified":"2023-01-19T14:20:34","modified_gmt":"2023-01-19T17:20:34","slug":"saude-educacao-araxa-adere-ao-programa-saude-na-escola","status":"publish","type":"post","link":"http:\/\/blogdoarmindomaia.com.br\/?p=4027","title":{"rendered":"<strong>Sa\u00fade + Educa\u00e7\u00e3o: Arax\u00e1 adere ao Programa Sa\u00fade na Escola<\/strong>"},"content":{"rendered":"\n<figure class=\"wp-block-image size-full is-style-default\"><img loading=\"lazy\" decoding=\"async\" width=\"1024\" height=\"683\" src=\"http:\/\/blogdoarmindomaia.com.br\/wp-content\/uploads\/2023\/01\/Saude-Educacao-Araxa-adere-ao-Programa-Saude-na-Escola-pag-07.jpeg\" alt=\"\" class=\"wp-image-4028\" srcset=\"http:\/\/blogdoarmindomaia.com.br\/wp-content\/uploads\/2023\/01\/Saude-Educacao-Araxa-adere-ao-Programa-Saude-na-Escola-pag-07.jpeg 1024w, http:\/\/blogdoarmindomaia.com.br\/wp-content\/uploads\/2023\/01\/Saude-Educacao-Araxa-adere-ao-Programa-Saude-na-Escola-pag-07-300x200.jpeg 300w, http:\/\/blogdoarmindomaia.com.br\/wp-content\/uploads\/2023\/01\/Saude-Educacao-Araxa-adere-ao-Programa-Saude-na-Escola-pag-07-768x512.jpeg 768w\" sizes=\"auto, (max-width: 1024px) 100vw, 1024px\" \/><\/figure>\n\n\n\n<p>A miss\u00e3o da escola vai muito al\u00e9m da transmiss\u00e3o de conhecimento das disciplinas. A educa\u00e7\u00e3o tamb\u00e9m contribui para a transforma\u00e7\u00e3o social dos alunos e familiares.<br><br>Pensando nisso, a Prefeitura de Arax\u00e1 firmou a ades\u00e3o ao Programa Sa\u00fade na Escola (PSE), uma iniciativa dos Minist\u00e9rios da Sa\u00fade e da Educa\u00e7\u00e3o, institu\u00edda pelo Governo Federal em 2007. O programa tem como objetivo promover a sa\u00fade, a preven\u00e7\u00e3o a doen\u00e7as e agravos para os estudantes da Educa\u00e7\u00e3o B\u00e1sica da Rede P\u00fablica. Ele se desenvolve por ciclos, que t\u00eam dura\u00e7\u00e3o bienal.<br><br>O PSE \u00e9 voltado para crian\u00e7as, adolescentes, jovens e adultos, e resulta na pol\u00edtica intersetorial de Secretarias Municipais que se unem para promover sa\u00fade e educa\u00e7\u00e3o integral, contribuindo para o desenvolvimento da cidadania e da qualifica\u00e7\u00e3o das pol\u00edticas p\u00fablicas.<br><br>A secret\u00e1ria municipal de Sa\u00fade, Cristiane Gon\u00e7alves Pereira, explica que o programa visa uma permanente integra\u00e7\u00e3o e articula\u00e7\u00e3o da sa\u00fade com a educa\u00e7\u00e3o, promo\u00e7\u00e3o \u00e0 sa\u00fade, preven\u00e7\u00e3o e melhoria da qualidade de vida das fam\u00edlias.<br><br>\u201cSabemos que todos os estudantes s\u00e3o vetores de informa\u00e7\u00e3o. Ent\u00e3o, eles absorvem as informa\u00e7\u00f5es passadas pela equipe de sa\u00fade em rela\u00e7\u00e3o \u00e0 qualidade de vida que s\u00e3o repassadas para seus familiares\u2019, diz.<br><br>\u201cPortanto, essa atua\u00e7\u00e3o e integra\u00e7\u00e3o da educa\u00e7\u00e3o com a sa\u00fade \u00e9 de extrema import\u00e2ncia, pois se trata de um p\u00fablico selecionado em um ambiente apropriado para capta\u00e7\u00e3o de novas informa\u00e7\u00f5es. Esse repasse de informa\u00e7\u00e3o j\u00e1 faz parte do calend\u00e1rio da educa\u00e7\u00e3o e agora entra a sa\u00fade para agregar mais conhecimento e informa\u00e7\u00e3o de forma t\u00e9cnica e qualificada\u201d, acrescenta Cristiane.<br><br>De acordo com a secret\u00e1ria municipal de Educa\u00e7\u00e3o, Zulma Moreira, a sa\u00fade e a educa\u00e7\u00e3o juntas conseguem oportunizar um atendimento mais qualificado e integral aos estudantes.<br><br>\u201cA escola \u00e9 um espa\u00e7o prop\u00edcio para a conviv\u00eancia social e para o estabelecimento de rela\u00e7\u00f5es favor\u00e1veis \u00e0 promo\u00e7\u00e3o da sa\u00fade pelo vi\u00e9s de uma educa\u00e7\u00e3o integral. Esse programa tem o objetivo justamente de fortalecer esse v\u00ednculo integrando as \u00e1reas da sa\u00fade e da educa\u00e7\u00e3o no enfrentamento de vulnerabilidades, na amplia\u00e7\u00e3o do acesso aos servi\u00e7os de sa\u00fade e na melhoria da qualidade de vida\u201d, refor\u00e7a.<\/p>\n","protected":false},"excerpt":{"rendered":"<p>A miss\u00e3o da escola vai muito al\u00e9m da transmiss\u00e3o de conhecimento das disciplinas. A educa\u00e7\u00e3o tamb\u00e9m contribui para a transforma\u00e7\u00e3o<\/p>\n","protected":false},"author":2,"featured_media":4028,"comment_status":"open","ping_status":"open","sticky":false,"template":"","format":"standard","meta":{"footnotes":""},"categories":[9,11],"tags":[],"class_list":["post-4027","post","type-post","status-publish","format-standard","has-post-thumbnail","hentry","category-araxa","category-destaques"],"_links":{"self":[{"href":"http:\/\/blogdoarmindomaia.com.br\/index.php?rest_route=\/wp\/v2\/posts\/4027","targetHints":{"allow":["GET"]}}],"collection":[{"href":"http:\/\/blogdoarmindomaia.com.br\/index.php?rest_route=\/wp\/v2\/posts"}],"about":[{"href":"http:\/\/blogdoarmindomaia.com.br\/index.php?rest_route=\/wp\/v2\/types\/post"}],"author":[{"embeddable":true,"href":"http:\/\/blogdoarmindomaia.com.br\/index.php?rest_route=\/wp\/v2\/users\/2"}],"replies":[{"embeddable":true,"href":"http:\/\/blogdoarmindomaia.com.br\/index.php?rest_route=%2Fwp%2Fv2%2Fcomments&post=4027"}],"version-history":[{"count":1,"href":"http:\/\/blogdoarmindomaia.com.br\/index.php?rest_route=\/wp\/v2\/posts\/4027\/revisions"}],"predecessor-version":[{"id":4029,"href":"http:\/\/blogdoarmindomaia.com.br\/index.php?rest_route=\/wp\/v2\/posts\/4027\/revisions\/4029"}],"wp:featuredmedia":[{"embeddable":true,"href":"http:\/\/blogdoarmindomaia.com.br\/index.php?rest_route=\/wp\/v2\/media\/4028"}],"wp:attachment":[{"href":"http:\/\/blogdoarmindomaia.com.br\/index.php?rest_route=%2Fwp%2Fv2%2Fmedia&parent=4027"}],"wp:term":[{"taxonomy":"category","embeddable":true,"href":"http:\/\/blogdoarmindomaia.com.br\/index.php?rest_route=%2Fwp%2Fv2%2Fcategories&post=4027"},{"taxonomy":"post_tag","embeddable":true,"href":"http:\/\/blogdoarmindomaia.com.br\/index.php?rest_route=%2Fwp%2Fv2%2Ftags&post=4027"}],"curies":[{"name":"wp","href":"https:\/\/api.w.org\/{rel}","templated":true}]}}