{"id":4040,"date":"2023-01-19T14:48:40","date_gmt":"2023-01-19T17:48:40","guid":{"rendered":"http:\/\/blogdoarmindomaia.com.br\/?p=4040"},"modified":"2023-01-19T14:48:42","modified_gmt":"2023-01-19T17:48:42","slug":"justica-determina-desocupacao-de-areas-invadidas","status":"publish","type":"post","link":"http:\/\/blogdoarmindomaia.com.br\/?p=4040","title":{"rendered":"<strong>Justi\u00e7a determina desocupa\u00e7\u00e3o de \u00e1reas invadidas <\/strong>"},"content":{"rendered":"\n<figure class=\"wp-block-image size-full is-style-default\"><img loading=\"lazy\" decoding=\"async\" width=\"724\" height=\"408\" src=\"http:\/\/blogdoarmindomaia.com.br\/wp-content\/uploads\/2023\/01\/Justica-determina-desocupacao-de-areas-invadidas-pag-07.jpeg\" alt=\"\" class=\"wp-image-4041\" srcset=\"http:\/\/blogdoarmindomaia.com.br\/wp-content\/uploads\/2023\/01\/Justica-determina-desocupacao-de-areas-invadidas-pag-07.jpeg 724w, http:\/\/blogdoarmindomaia.com.br\/wp-content\/uploads\/2023\/01\/Justica-determina-desocupacao-de-areas-invadidas-pag-07-300x169.jpeg 300w\" sizes=\"auto, (max-width: 724px) 100vw, 724px\" \/><\/figure>\n\n\n\n<p>A Justi\u00e7a do Estado de Minas Gerais determinou a desocupa\u00e7\u00e3o de espa\u00e7os p\u00fablicos urbanos invadidos, localizados no bairro Santa Maria e Salom\u00e3o Drummond. As \u00e1reas est\u00e3o localizadas nas ruas Maria da Mota, Venezuela e Ermida Soares de Lourdes, na regi\u00e3o pr\u00f3ximo ao Canil Municipal, e devem ser reintegradas ao Munic\u00edpio em car\u00e1ter de urg\u00eancia.<br><br>As a\u00e7\u00f5es foram movidas em agosto de 2020, pela gest\u00e3o municipal da \u00e9poca, atendendo a uma recomenda\u00e7\u00e3o do Minist\u00e9rio P\u00fablico de Minas Gerais.<br><br>Segundo a decis\u00e3o judicial, o grupo de pessoas corre risco e perigo &#8220;morando em habita\u00e7\u00f5es toscas, sem condi\u00e7\u00f5es sanit\u00e1rias condignas, com fam\u00edlias, crian\u00e7as e idosos habitando de maneira rudimentar e prec\u00e1ria edifica\u00e7\u00f5es que s\u00e3o pouco mais que gambiaras provis\u00f3rias&#8221;.<br><br>A decis\u00e3o judicial refor\u00e7a, ainda, que a medida resguarda tamb\u00e9m a seguran\u00e7a f\u00edsica das pessoas diante o elevado risco de desabamento e inunda\u00e7\u00f5es no per\u00edodo chuvoso. O juiz determina tamb\u00e9m que a reintegra\u00e7\u00e3o de posse deve ser cumprida desde que as fam\u00edlias sejam realocadas para locais seguros ap\u00f3s abordagem social.<br><br>A Prefeitura de Arax\u00e1 iniciou o estudo para viabilizar a transfer\u00eancia das fam\u00edlias, alvos da decis\u00e3o judicial, que est\u00e3o em vulnerabilidade social e ocupando as \u00e1reas invadidas.<\/p>\n","protected":false},"excerpt":{"rendered":"<p>A Justi\u00e7a do Estado de Minas Gerais determinou a desocupa\u00e7\u00e3o de espa\u00e7os p\u00fablicos urbanos invadidos, localizados no bairro Santa Maria<\/p>\n","protected":false},"author":2,"featured_media":4041,"comment_status":"open","ping_status":"open","sticky":false,"template":"","format":"standard","meta":{"footnotes":""},"categories":[9,11],"tags":[],"class_list":["post-4040","post","type-post","status-publish","format-standard","has-post-thumbnail","hentry","category-araxa","category-destaques"],"_links":{"self":[{"href":"http:\/\/blogdoarmindomaia.com.br\/index.php?rest_route=\/wp\/v2\/posts\/4040","targetHints":{"allow":["GET"]}}],"collection":[{"href":"http:\/\/blogdoarmindomaia.com.br\/index.php?rest_route=\/wp\/v2\/posts"}],"about":[{"href":"http:\/\/blogdoarmindomaia.com.br\/index.php?rest_route=\/wp\/v2\/types\/post"}],"author":[{"embeddable":true,"href":"http:\/\/blogdoarmindomaia.com.br\/index.php?rest_route=\/wp\/v2\/users\/2"}],"replies":[{"embeddable":true,"href":"http:\/\/blogdoarmindomaia.com.br\/index.php?rest_route=%2Fwp%2Fv2%2Fcomments&post=4040"}],"version-history":[{"count":1,"href":"http:\/\/blogdoarmindomaia.com.br\/index.php?rest_route=\/wp\/v2\/posts\/4040\/revisions"}],"predecessor-version":[{"id":4042,"href":"http:\/\/blogdoarmindomaia.com.br\/index.php?rest_route=\/wp\/v2\/posts\/4040\/revisions\/4042"}],"wp:featuredmedia":[{"embeddable":true,"href":"http:\/\/blogdoarmindomaia.com.br\/index.php?rest_route=\/wp\/v2\/media\/4041"}],"wp:attachment":[{"href":"http:\/\/blogdoarmindomaia.com.br\/index.php?rest_route=%2Fwp%2Fv2%2Fmedia&parent=4040"}],"wp:term":[{"taxonomy":"category","embeddable":true,"href":"http:\/\/blogdoarmindomaia.com.br\/index.php?rest_route=%2Fwp%2Fv2%2Fcategories&post=4040"},{"taxonomy":"post_tag","embeddable":true,"href":"http:\/\/blogdoarmindomaia.com.br\/index.php?rest_route=%2Fwp%2Fv2%2Ftags&post=4040"}],"curies":[{"name":"wp","href":"https:\/\/api.w.org\/{rel}","templated":true}]}}