{"id":4043,"date":"2023-01-19T15:02:31","date_gmt":"2023-01-19T18:02:31","guid":{"rendered":"http:\/\/blogdoarmindomaia.com.br\/?p=4043"},"modified":"2023-01-19T15:02:33","modified_gmt":"2023-01-19T18:02:33","slug":"araxa-implanta-novos-itinerarios-para-o-transporte-publico","status":"publish","type":"post","link":"http:\/\/blogdoarmindomaia.com.br\/?p=4043","title":{"rendered":"<strong>Arax\u00e1 implanta novos itiner\u00e1rios para o transporte p\u00fablico<\/strong>"},"content":{"rendered":"\n<figure class=\"wp-block-image size-full is-style-default\"><img loading=\"lazy\" decoding=\"async\" width=\"1024\" height=\"683\" src=\"http:\/\/blogdoarmindomaia.com.br\/wp-content\/uploads\/2023\/01\/Araxa-implanta-novos-itinerarios-para-o-transporte-publico-ppag-08.jpeg\" alt=\"\" class=\"wp-image-4044\" srcset=\"http:\/\/blogdoarmindomaia.com.br\/wp-content\/uploads\/2023\/01\/Araxa-implanta-novos-itinerarios-para-o-transporte-publico-ppag-08.jpeg 1024w, http:\/\/blogdoarmindomaia.com.br\/wp-content\/uploads\/2023\/01\/Araxa-implanta-novos-itinerarios-para-o-transporte-publico-ppag-08-300x200.jpeg 300w, http:\/\/blogdoarmindomaia.com.br\/wp-content\/uploads\/2023\/01\/Araxa-implanta-novos-itinerarios-para-o-transporte-publico-ppag-08-768x512.jpeg 768w\" sizes=\"auto, (max-width: 1024px) 100vw, 1024px\" \/><\/figure>\n\n\n\n<p>Novas linhas de transporte p\u00fablico coletivo urbano est\u00e3o sendo implantadas em atendimento de demandas da popula\u00e7\u00e3o feitas \u00e0 Prefeitura de Arax\u00e1. A partir da pr\u00f3xima semana, moradores do bairro Jardim Europa passam a ser atendidos. E na quinta-feira (26), a linha Belvedere \/ Centro (n\u00ba 29) come\u00e7a a funcionar das 7h \u00e0s 18h50.<br><br>Al\u00e9m disso, a linha Jardim das Oliveiras \/ Centro (n\u00ba 28) foi reativada nesta quarta-feira (19), tamb\u00e9m em atendimento \u00e0 comunidade. Ela passa pela Igreja do Ros\u00e1rio, na avenida Senador Montandon, e tem hor\u00e1rio estendido at\u00e9 a Apae e Uniarax\u00e1. J\u00e1 no sentido Centro \/ Jardim das Oliveiras, o ponto inicial \u00e9 na Pra\u00e7a Dom Bosco, na avenida Imbiara. Esses itiner\u00e1rios circulam das 6h40 \u00e0s 18h20.<br><br>\u201cA Administra\u00e7\u00e3o Municipal est\u00e1 empenhada em contribuir efetivamente com a melhoria do transporte p\u00fablico de Arax\u00e1. E junto com a reativa\u00e7\u00e3o e implanta\u00e7\u00e3o de novas linhas, tamb\u00e9m est\u00e3o sendo instaladas coberturas nos pontos de \u00f4nibus no Centro e nos bairros. Uma delas foi instalada na avenida Get\u00falio Vargas, no ponto pr\u00f3ximo ao Bernard\u00e3o\u201d, afirma o secret\u00e1rio municipal de Seguran\u00e7a P\u00fablica, Daniel Rosa.<br><br>Ele acrescenta que a empresa Vera Cruz, concession\u00e1ria do transporte p\u00fablico, vai revitalizar em breve 20 abrigos de pontos de \u00f4nibus e a Prefeitura de Arax\u00e1 licitar\u00e1 a instala\u00e7\u00e3o de outras 60 novas coberturas<\/p>\n","protected":false},"excerpt":{"rendered":"<p>Novas linhas de transporte p\u00fablico coletivo urbano est\u00e3o sendo implantadas em atendimento de demandas da popula\u00e7\u00e3o feitas \u00e0 Prefeitura de<\/p>\n","protected":false},"author":2,"featured_media":4044,"comment_status":"open","ping_status":"open","sticky":false,"template":"","format":"standard","meta":{"footnotes":""},"categories":[9,11],"tags":[],"class_list":["post-4043","post","type-post","status-publish","format-standard","has-post-thumbnail","hentry","category-araxa","category-destaques"],"_links":{"self":[{"href":"http:\/\/blogdoarmindomaia.com.br\/index.php?rest_route=\/wp\/v2\/posts\/4043","targetHints":{"allow":["GET"]}}],"collection":[{"href":"http:\/\/blogdoarmindomaia.com.br\/index.php?rest_route=\/wp\/v2\/posts"}],"about":[{"href":"http:\/\/blogdoarmindomaia.com.br\/index.php?rest_route=\/wp\/v2\/types\/post"}],"author":[{"embeddable":true,"href":"http:\/\/blogdoarmindomaia.com.br\/index.php?rest_route=\/wp\/v2\/users\/2"}],"replies":[{"embeddable":true,"href":"http:\/\/blogdoarmindomaia.com.br\/index.php?rest_route=%2Fwp%2Fv2%2Fcomments&post=4043"}],"version-history":[{"count":1,"href":"http:\/\/blogdoarmindomaia.com.br\/index.php?rest_route=\/wp\/v2\/posts\/4043\/revisions"}],"predecessor-version":[{"id":4045,"href":"http:\/\/blogdoarmindomaia.com.br\/index.php?rest_route=\/wp\/v2\/posts\/4043\/revisions\/4045"}],"wp:featuredmedia":[{"embeddable":true,"href":"http:\/\/blogdoarmindomaia.com.br\/index.php?rest_route=\/wp\/v2\/media\/4044"}],"wp:attachment":[{"href":"http:\/\/blogdoarmindomaia.com.br\/index.php?rest_route=%2Fwp%2Fv2%2Fmedia&parent=4043"}],"wp:term":[{"taxonomy":"category","embeddable":true,"href":"http:\/\/blogdoarmindomaia.com.br\/index.php?rest_route=%2Fwp%2Fv2%2Fcategories&post=4043"},{"taxonomy":"post_tag","embeddable":true,"href":"http:\/\/blogdoarmindomaia.com.br\/index.php?rest_route=%2Fwp%2Fv2%2Ftags&post=4043"}],"curies":[{"name":"wp","href":"https:\/\/api.w.org\/{rel}","templated":true}]}}