{"id":405,"date":"2022-04-19T20:07:37","date_gmt":"2022-04-19T23:07:37","guid":{"rendered":"http:\/\/blogdoarmindomaia.com.br\/?p=405"},"modified":"2022-04-19T20:07:38","modified_gmt":"2022-04-19T23:07:38","slug":"vereadores-aprovam-plano-municipal-de-gestao-de-residuos-de-construcao-civil","status":"publish","type":"post","link":"http:\/\/blogdoarmindomaia.com.br\/?p=405","title":{"rendered":"Vereadores aprovam Plano Municipal de Gest\u00e3o de Res\u00edduos de Constru\u00e7\u00e3o Civil"},"content":{"rendered":"\n<figure class=\"wp-block-image size-full is-style-default\"><img loading=\"lazy\" decoding=\"async\" width=\"1000\" height=\"667\" src=\"http:\/\/blogdoarmindomaia.com.br\/wp-content\/uploads\/2022\/04\/Plenario.jpg\" alt=\"\" class=\"wp-image-406\" srcset=\"http:\/\/blogdoarmindomaia.com.br\/wp-content\/uploads\/2022\/04\/Plenario.jpg 1000w, http:\/\/blogdoarmindomaia.com.br\/wp-content\/uploads\/2022\/04\/Plenario-300x200.jpg 300w, http:\/\/blogdoarmindomaia.com.br\/wp-content\/uploads\/2022\/04\/Plenario-768x512.jpg 768w\" sizes=\"auto, (max-width: 1000px) 100vw, 1000px\" \/><\/figure>\n\n\n\n<p>A Reuni\u00e3o Ordin\u00e1ria realizada na tarde desta ter\u00e7a-feira (19) aprovou projetos importantes, entre eles a institui\u00e7\u00e3o de curso obrigat\u00f3rio de primeiros socorros para servidores de unidades de ensino municipais e o Plano Municipal de Gest\u00e3o de Res\u00edduos de Constru\u00e7\u00e3o Civil.<\/p>\n\n\n\n<p>De autoria do Poder Executivo, o plano prev\u00ea que os res\u00edduos da constru\u00e7\u00e3o civil gerados no Munic\u00edpio de Arax\u00e1 devem obrigatoriamente serem destinados \u00e0 \u00e1reas devidamente autorizadas e licenciadas, visando \u00e0 triagem, reutiliza\u00e7\u00e3o, reciclagem, preserva\u00e7\u00e3o ou destina\u00e7\u00e3o mais adequada, conforme determina a legisla\u00e7\u00e3o federal e estadual espec\u00edfica.<\/p>\n\n\n\n<p>A \u00edntegra das mat\u00e9rias pode ser acessada no portal&nbsp;<a href=\"http:\/\/sapl.araxa.mg.leg.br\/\" rel=\"noreferrer noopener\" target=\"_blank\">sapl.araxa.mg.leg.br<\/a>.<\/p>\n\n\n\n<p>Projetos aprovados:<\/p>\n\n\n\n<p>Projeto de Lei n\u00ba&nbsp;14\/2022:&nbsp;Institui o Plano Municipal de Gest\u00e3o de Res\u00edduos de Constru\u00e7\u00e3o Civil no Munic\u00edpio de Arax\u00e1 e d\u00e1 outras providencias (com emendas). Autor: Executivo;<\/p>\n\n\n\n<p>Projeto de Lei n\u00ba 88\/2022: &#8220;Institui curso obrigat\u00f3rio de primeiros socorros aos servidores das unidades de ensino p\u00fablico municipal&#8221;. Autor: vereador Dirley da Escolinha;<\/p>\n\n\n\n<p>Projeto de Lei n\u00ba: 89\/2022: &#8220;Disp\u00f5e sobre denomina\u00e7\u00e3o de Via P\u00fablica, a Rua Jeov\u00e1 Borges da Cruz, a atual Rua Sete do Loteamento Residencial Flor de L\u00f3tus&#8221;. Autor: vereador Dirley da Escolinha;<\/p>\n\n\n\n<p>Projeto de Lei n\u00ba 90\/2022: &#8220;Disp\u00f5e sobre denomina\u00e7\u00e3o de Via P\u00fablica, a Rua Elves V\u00edtor de Souza, a atual Rua JE 22 do Loteamento Jardim Espl\u00eandido&#8221;. Autor: vereador Luiz Carlos;<\/p>\n\n\n\n<p>Projeto de Lei n\u00ba 92\/2022: Altera a Lei Municipal n\u00ba 7.770, de 06 de mar\u00e7o de 2022, a qual autoriza o Munic\u00edpio de Arax\u00e1 a celebrar Termo de Fomento junto a ANDAI\u00c1,&nbsp;&nbsp;Associa\u00e7\u00e3o de Desenvolvimento e Interc\u00e2mbio Cultural Ind\u00edgena da Regi\u00e3o de Arax\u00e1&#8221;. Autor: Executivo.<\/p>\n\n\n\n<p>VALTINHO DA FARM\u00c1CIA (PP)<\/p>\n\n\n\n<p>Primeiro orador da tarde, o vereador Valtinho da Farm\u00e1cia fez observa\u00e7\u00f5es sobre a Unidade de Pronto Atendimento (UPA) e solicitou \u00e0 Secretaria de Sa\u00fade, a disponibiliza\u00e7\u00e3o de mais macas para a unidade. Segundo ele, o pedido se faz necess\u00e1rio para melhorar o atendimento prestado, especialmente aos pacientes que chegam e t\u00eam dificuldades de locomo\u00e7\u00e3o.<\/p>\n\n\n\n<p>\u00c0 Secretaria de Servi\u00e7os Urbanos, o vereador solicitou a limpeza da rua Santa Juliana, no bairro Santa Luzia, al\u00e9m da limpeza e capina do terreno institucional localizado \u00e0 rua Dr. Bernardo Ladeira, no bairro Max Neumann.<\/p>\n\n\n\n<p>PASTOR MOACIR (Republicanos)<\/p>\n\n\n\n<p>A principal cobran\u00e7a do vereador Pastor Moaciar ao usar a Tribuna foi em rela\u00e7\u00e3o ao crescente n\u00famero de casos confirmados de dengue em Arax\u00e1. Preocupado com a situa\u00e7\u00e3o, ele solicitou aos \u00f3rg\u00e3os e Secretarias municipais competentes, uma for\u00e7a tarefa para combater os focos do mosquito aedes aegypti, que transmite tamb\u00e9m as doen\u00e7as:&nbsp;zika v\u00edrus, febre amarela e chikungunya.<\/p>\n\n\n\n<p>Moacir tamb\u00e9m solicitou a recupera\u00e7\u00e3o asf\u00e1ltica da rua Lygia Valle Cardoso no bairro Boa Vista; Orcalino Jos\u00e9 Carneiro, Baltazar Gon\u00e7alves de Matos e Rufino Moura Borges, no bairro P\u00e3o de A\u00e7\u00facar I; al\u00e9m de reforma da Pra\u00e7a Jos\u00e9 Porf\u00edrio dos Santos, tamb\u00e9m no bairro P\u00e3o de A\u00e7\u00facar I.<\/p>\n\n\n\n<p>Leni Nobre (PT)<\/p>\n\n\n\n<p>A vereadora Leni fez diversas solicita\u00e7\u00f5es ao Executivo ao utilizar a Tribuna. Solicitou \u00e0 Secretaria de A\u00e7\u00e3o e Promo\u00e7\u00e3o Social algumas informa\u00e7\u00f5es referentes ao aluguel social, quantidade de benefici\u00e1rios, valor do benef\u00edcio, entre outros. Leni solicitou \u00e0 Secretaria de Educa\u00e7\u00e3o, informa\u00e7\u00f5es referentes ao funcionamento da Biblioteca P\u00fablica M\u00f3vel, quantidade de atendimentos mensais e orienta\u00e7\u00f5es \u00e0 popula\u00e7\u00e3o que deseja ter acesso aos servi\u00e7os prestados pela unidade itinerante.<\/p>\n\n\n\n<p>A vereadora solicitou tamb\u00e9m reparos nas vias: que seja realizada uma reforma no Centro de Conviv\u00eancia do bairro Santo Ant\u00f4nio, al\u00e9m do estudo da possibilidade de constru\u00e7\u00e3o de rotat\u00f3ria ou qualquer outra medida que possa melhor o tr\u00e2nsito em frente ao N\u00facleo citado. Indicou tamb\u00e9m a disponibiliza\u00e7\u00e3o de pontos para a coleta de lixo eletr\u00f4nico e tecnol\u00f3gico.<\/p>\n\n\n\n<p>Leni apresentou Mo\u00e7\u00e3o de Congratula\u00e7\u00e3o e Reconhecimento \u00e0 nova diretoria do Cefet-Arax\u00e1, atrav\u00e9s dos professores Natal J\u00fanio Pires (diretor) e Glaydson Keller de Almeida Ferreira (diretor adjunto).<\/p>\n\n\n\n<p>MARISTELA DUTRA (PATRIOTA)<\/p>\n\n\n\n<p>A vereadora Maristela apresentou um projeto de lei para que seja instalado equipamento eliminador de ar na tubula\u00e7\u00e3o do sistema de abastecimento de \u00e1gua nas resid\u00eancias de Arax\u00e1. De acordo com a vereadora, o sistema impede que seja calculado ar na conta mensal de \u00e1gua, gerando economia para os usu\u00e1rios do servi\u00e7o que hoje \u00e9 fornecido pela Copasa.<\/p>\n\n\n\n<p>Maristela tamb\u00e9m solicitou \u00e0 Secretaria de Seguran\u00e7a que seja realizada vistoria nos \u00f4nibus do transporte coletivo urbano, especialmente no que diz respeito \u00e0s rampas de eleva\u00e7\u00e3o para embarque e desembarque de pessoas com defici\u00eancia; prop\u00f4s a implanta\u00e7\u00e3o de uma &#8220;Pra\u00e7a Gourmet&#8221; para fomentar o setor aliment\u00edcio de Arax\u00e1; solicitou uma for\u00e7a-tarefa para combater o aumento nos casos de dengue em Arax\u00e1.<\/p>\n\n\n\n<p>A vereadora tamb\u00e9m apresentou dois requerimentos \u00e0 Mesa Diretora, solicitando a presen\u00e7a da presidente da Funda\u00e7\u00e3o Cultural Calmon Barreto (FCCB) Cynthia Ver\u00e7osa, para esclarecimentos sobre o concurso p\u00fablico anunciado para provimento de cargos na autarquia. Outro requerimento apresentado pela vereadora solicita o debate sobre a constru\u00e7\u00e3o do Hospital Municipal e implanta\u00e7\u00e3o da UTI Neonatal.<\/p>\n\n\n\n<p>ALEXANDRE IRM\u00c3OS PAULA (PL)<\/p>\n\n\n\n<p>O vereador Alexandre usou seu tempo regimental para solicitar melhorias nas vias da cidade, em atendimento \u00e0s demandas apresentadas pela comunidade. Entre elas a limpeza da Rua Gaud\u00eancio Ign\u00e1cio de Almeida (no sentido Aeroporto Romeu Zema &#8211; Clube Girassol); melhorias no acesso da Avenida D\u00e2maso Drummond \u00e0 Alameda Helena Pereira de Moraes; constru\u00e7\u00e3o de passeio no canteiro central da Avenida Jo\u00e3o Paulo II; e limpeza e capina na Avenida Tancredo Neves, no sentido ao bairro Parque das Flores.<\/p>\n\n\n\n<p><em><strong>Ascom CMA<\/strong><\/em><\/p>\n","protected":false},"excerpt":{"rendered":"<p>A Reuni\u00e3o Ordin\u00e1ria realizada na tarde desta ter\u00e7a-feira (19) aprovou projetos importantes, entre eles a institui\u00e7\u00e3o de curso obrigat\u00f3rio de<\/p>\n","protected":false},"author":2,"featured_media":406,"comment_status":"open","ping_status":"open","sticky":false,"template":"","format":"standard","meta":{"footnotes":""},"categories":[25],"tags":[],"class_list":["post-405","post","type-post","status-publish","format-standard","has-post-thumbnail","hentry","category-politica"],"_links":{"self":[{"href":"http:\/\/blogdoarmindomaia.com.br\/index.php?rest_route=\/wp\/v2\/posts\/405","targetHints":{"allow":["GET"]}}],"collection":[{"href":"http:\/\/blogdoarmindomaia.com.br\/index.php?rest_route=\/wp\/v2\/posts"}],"about":[{"href":"http:\/\/blogdoarmindomaia.com.br\/index.php?rest_route=\/wp\/v2\/types\/post"}],"author":[{"embeddable":true,"href":"http:\/\/blogdoarmindomaia.com.br\/index.php?rest_route=\/wp\/v2\/users\/2"}],"replies":[{"embeddable":true,"href":"http:\/\/blogdoarmindomaia.com.br\/index.php?rest_route=%2Fwp%2Fv2%2Fcomments&post=405"}],"version-history":[{"count":1,"href":"http:\/\/blogdoarmindomaia.com.br\/index.php?rest_route=\/wp\/v2\/posts\/405\/revisions"}],"predecessor-version":[{"id":407,"href":"http:\/\/blogdoarmindomaia.com.br\/index.php?rest_route=\/wp\/v2\/posts\/405\/revisions\/407"}],"wp:featuredmedia":[{"embeddable":true,"href":"http:\/\/blogdoarmindomaia.com.br\/index.php?rest_route=\/wp\/v2\/media\/406"}],"wp:attachment":[{"href":"http:\/\/blogdoarmindomaia.com.br\/index.php?rest_route=%2Fwp%2Fv2%2Fmedia&parent=405"}],"wp:term":[{"taxonomy":"category","embeddable":true,"href":"http:\/\/blogdoarmindomaia.com.br\/index.php?rest_route=%2Fwp%2Fv2%2Fcategories&post=405"},{"taxonomy":"post_tag","embeddable":true,"href":"http:\/\/blogdoarmindomaia.com.br\/index.php?rest_route=%2Fwp%2Fv2%2Ftags&post=405"}],"curies":[{"name":"wp","href":"https:\/\/api.w.org\/{rel}","templated":true}]}}