{"id":4050,"date":"2023-01-20T11:07:19","date_gmt":"2023-01-20T14:07:19","guid":{"rendered":"http:\/\/blogdoarmindomaia.com.br\/?p=4050"},"modified":"2023-01-20T11:07:21","modified_gmt":"2023-01-20T14:07:21","slug":"janeiro-roxo-campanha-de-conscientizacao-sobre-a-hanseniase","status":"publish","type":"post","link":"http:\/\/blogdoarmindomaia.com.br\/?p=4050","title":{"rendered":"<strong>Janeiro Roxo: Campanha de conscientiza\u00e7\u00e3o sobre a hansen\u00edase<\/strong>"},"content":{"rendered":"\n<figure class=\"wp-block-image size-full is-style-default\"><img loading=\"lazy\" decoding=\"async\" width=\"692\" height=\"600\" src=\"http:\/\/blogdoarmindomaia.com.br\/wp-content\/uploads\/2023\/01\/Janeiro-Roxo-Campanha-de-conscientizacao-sobre-a-hanseniase-pag-03.jpg\" alt=\"\" class=\"wp-image-4051\" srcset=\"http:\/\/blogdoarmindomaia.com.br\/wp-content\/uploads\/2023\/01\/Janeiro-Roxo-Campanha-de-conscientizacao-sobre-a-hanseniase-pag-03.jpg 692w, http:\/\/blogdoarmindomaia.com.br\/wp-content\/uploads\/2023\/01\/Janeiro-Roxo-Campanha-de-conscientizacao-sobre-a-hanseniase-pag-03-300x260.jpg 300w\" sizes=\"auto, (max-width: 692px) 100vw, 692px\" \/><\/figure>\n\n\n\n<p>A&nbsp;hansen\u00edase \u00e9 uma doen\u00e7a infecciosa,&nbsp;contagiosa&nbsp;e de evolu\u00e7\u00e3o cr\u00f4nica,&nbsp;causada por um bacilo chamado&nbsp;Mycobacterium&nbsp;leprae,&nbsp;que tem prefer\u00eancia pela&nbsp;pele e os nervos perif\u00e9ricos&nbsp;e&nbsp;pode afetar qualquer pessoa. Para conscientizar a popula\u00e7\u00e3o, a&nbsp;<a href=\"https:\/\/www.saude.mg.gov.br\/\" target=\"_blank\" rel=\"noreferrer noopener\">Secretaria de Estado de Sa\u00fade<\/a>&nbsp;promove neste m\u00eas a campanha&nbsp;\u201cJaneiro Roxo&nbsp;&#8211; Conhecer e enfrentar a Hansen\u00edase de Janeiro a Janeiro\u201d.&nbsp;&nbsp;<\/p>\n\n\n\n<p>A partir das&nbsp;a\u00e7\u00f5es&nbsp;educacionais,&nbsp;de comunica\u00e7\u00e3o&nbsp;e&nbsp;mobiliza\u00e7\u00e3o social,&nbsp;somada \u00e0s&nbsp;estrat\u00e9gias de sensibiliza\u00e7\u00e3o dos profissionais de sa\u00fade, a campanha tem como foco divulgar informa\u00e7\u00f5es sobre preven\u00e7\u00e3o,&nbsp;sinais e&nbsp;sintomas,&nbsp;diagn\u00f3stico e&nbsp;tratamento, para romper com estigmas e discrimina\u00e7\u00e3o que ainda giram em torno da hansen\u00edase.&nbsp;&nbsp;&nbsp; &nbsp; &nbsp;&nbsp;&nbsp; &nbsp; &nbsp;&nbsp; &nbsp; &nbsp; &nbsp; &nbsp; &nbsp; &nbsp; &nbsp; &nbsp;&nbsp; &nbsp; &nbsp; &nbsp; &nbsp; &nbsp; &nbsp; &nbsp; &nbsp; &nbsp; &nbsp; &nbsp; &nbsp; &nbsp; &nbsp; &nbsp; &nbsp;<\/p>\n\n\n\n<p>Segundo Marina Caldeira, coordenadora de Hansen\u00edase da SES-MG, a estrat\u00e9gia da campanha \u00e9 atingir os dois p\u00fablicos-alvo.<br><br>\u201cUma das frentes \u00e9 o incentivo ao autocuidado,&nbsp;o diagn\u00f3stico&nbsp;e tratamento&nbsp;oportunos. A popula\u00e7\u00e3o precisa ter acesso a informa\u00e7\u00f5es sobre hansen\u00edase e estar atenta aos&nbsp;sinais e&nbsp;sintomas para procurar&nbsp;a unidade de sa\u00fade&nbsp;em tempo oportuno. Mas tamb\u00e9m \u00e9 necess\u00e1rio sensibilizar&nbsp;e mobilizar&nbsp;os profissionais de sa\u00fade sobre&nbsp;a import\u00e2ncia das a\u00e7\u00f5es de busca ativa de casos novos e a&nbsp;investiga\u00e7\u00e3o de contatos,&nbsp;fundamentais&nbsp;para interromper a transmiss\u00e3o&nbsp;e assistir oportunamente as pessoas acometidas pela hansen\u00edase.&nbsp;Al\u00e9m disso, buscamos incentivar&nbsp;a execu\u00e7\u00e3o destas&nbsp;e outras&nbsp;a\u00e7\u00f5es&nbsp;pela Aten\u00e7\u00e3o Prim\u00e1ria \u00e0 Sa\u00fade, e que perpassam em toda a rede de aten\u00e7\u00e3o \u00e0 sa\u00fade. Por ser a ordenadora do cuidado integral em hansen\u00edase, as equipes precisam&nbsp;conhecer o cen\u00e1rio e&nbsp;fortalecer as estrat\u00e9gias&nbsp;de enfrentamento&nbsp;nos territ\u00f3rios\u201d.&nbsp;&nbsp;&nbsp;<\/p>\n","protected":false},"excerpt":{"rendered":"<p>A&nbsp;hansen\u00edase \u00e9 uma doen\u00e7a infecciosa,&nbsp;contagiosa&nbsp;e de evolu\u00e7\u00e3o cr\u00f4nica,&nbsp;causada por um bacilo chamado&nbsp;Mycobacterium&nbsp;leprae,&nbsp;que tem prefer\u00eancia pela&nbsp;pele e os nervos perif\u00e9ricos&nbsp;e&nbsp;pode afetar<\/p>\n","protected":false},"author":2,"featured_media":4051,"comment_status":"open","ping_status":"open","sticky":false,"template":"","format":"standard","meta":{"footnotes":""},"categories":[9,29],"tags":[],"class_list":["post-4050","post","type-post","status-publish","format-standard","has-post-thumbnail","hentry","category-araxa","category-saude"],"_links":{"self":[{"href":"http:\/\/blogdoarmindomaia.com.br\/index.php?rest_route=\/wp\/v2\/posts\/4050","targetHints":{"allow":["GET"]}}],"collection":[{"href":"http:\/\/blogdoarmindomaia.com.br\/index.php?rest_route=\/wp\/v2\/posts"}],"about":[{"href":"http:\/\/blogdoarmindomaia.com.br\/index.php?rest_route=\/wp\/v2\/types\/post"}],"author":[{"embeddable":true,"href":"http:\/\/blogdoarmindomaia.com.br\/index.php?rest_route=\/wp\/v2\/users\/2"}],"replies":[{"embeddable":true,"href":"http:\/\/blogdoarmindomaia.com.br\/index.php?rest_route=%2Fwp%2Fv2%2Fcomments&post=4050"}],"version-history":[{"count":1,"href":"http:\/\/blogdoarmindomaia.com.br\/index.php?rest_route=\/wp\/v2\/posts\/4050\/revisions"}],"predecessor-version":[{"id":4052,"href":"http:\/\/blogdoarmindomaia.com.br\/index.php?rest_route=\/wp\/v2\/posts\/4050\/revisions\/4052"}],"wp:featuredmedia":[{"embeddable":true,"href":"http:\/\/blogdoarmindomaia.com.br\/index.php?rest_route=\/wp\/v2\/media\/4051"}],"wp:attachment":[{"href":"http:\/\/blogdoarmindomaia.com.br\/index.php?rest_route=%2Fwp%2Fv2%2Fmedia&parent=4050"}],"wp:term":[{"taxonomy":"category","embeddable":true,"href":"http:\/\/blogdoarmindomaia.com.br\/index.php?rest_route=%2Fwp%2Fv2%2Fcategories&post=4050"},{"taxonomy":"post_tag","embeddable":true,"href":"http:\/\/blogdoarmindomaia.com.br\/index.php?rest_route=%2Fwp%2Fv2%2Ftags&post=4050"}],"curies":[{"name":"wp","href":"https:\/\/api.w.org\/{rel}","templated":true}]}}