{"id":4059,"date":"2023-01-23T11:30:31","date_gmt":"2023-01-23T14:30:31","guid":{"rendered":"http:\/\/blogdoarmindomaia.com.br\/?p=4059"},"modified":"2023-01-23T11:30:33","modified_gmt":"2023-01-23T14:30:33","slug":"cultura-organizacional-por-tamara-vieira-e-giuliano-fernandes-cbmm","status":"publish","type":"post","link":"http:\/\/blogdoarmindomaia.com.br\/?p=4059","title":{"rendered":"Cultura Organizacional: Por Tamara Vieira e Giuliano Fernandes &#8211; CBMM"},"content":{"rendered":"\n<figure class=\"wp-block-image size-large is-style-default\"><img loading=\"lazy\" decoding=\"async\" width=\"1024\" height=\"683\" src=\"http:\/\/blogdoarmindomaia.com.br\/wp-content\/uploads\/2023\/01\/CBMMTamara-Vieira-1024x683.jpg\" alt=\"\" class=\"wp-image-4060\" srcset=\"http:\/\/blogdoarmindomaia.com.br\/wp-content\/uploads\/2023\/01\/CBMMTamara-Vieira-1024x683.jpg 1024w, http:\/\/blogdoarmindomaia.com.br\/wp-content\/uploads\/2023\/01\/CBMMTamara-Vieira-300x200.jpg 300w, http:\/\/blogdoarmindomaia.com.br\/wp-content\/uploads\/2023\/01\/CBMMTamara-Vieira-768x512.jpg 768w, http:\/\/blogdoarmindomaia.com.br\/wp-content\/uploads\/2023\/01\/CBMMTamara-Vieira-1536x1024.jpg 1536w, http:\/\/blogdoarmindomaia.com.br\/wp-content\/uploads\/2023\/01\/CBMMTamara-Vieira-2048x1365.jpg 2048w\" sizes=\"auto, (max-width: 1024px) 100vw, 1024px\" \/><\/figure>\n\n\n\n<p><strong>Cultura organizacional \u00e9 fator de diferencia\u00e7\u00e3o.<\/strong><\/p>\n\n\n\n<p>Como a cultura corporativa influencia no desempenho<\/p>\n\n\n\n<p>Uma cultura organizacional pode ser um diferencial quando todas as fun\u00e7\u00f5es de uma empresa atuam em conson\u00e2ncia, alinhadas aos objetivos estrat\u00e9gicos e de acordo com os valores e normas que a institui\u00e7\u00e3o acredita.<\/p>\n\n\n\n<p>Uma cultura, que impacta no desenvolvimento tanto da empresa quanto dos seus profissionais, \u00e9 realmente forte quando sua composi\u00e7\u00e3o \u00e9 claramente percebida atrav\u00e9s de comportamentos, s\u00edmbolos e sistemas totalmente alinhados.<\/p>\n\n\n\n<p>Tao desafiador quanto construir uma cultura forte, \u00e9 promover sua evolu\u00e7\u00e3o constante, especialmente em per\u00edodos de mudan\u00e7a significativa no contexto externo ou nos objetivos estrat\u00e9gicos da pr\u00f3pria organiza\u00e7\u00e3o.<\/p>\n\n\n\n<p>As lideran\u00e7as, s\u00e3o pe\u00e7as chave para a forma\u00e7\u00e3o e evolu\u00e7\u00e3o da cultura corporativa, pois ela precisa ser comunicada, vivenciada e constantemente fortalecida. \u00c9 necess\u00e1rio um trabalho conjunto com elementos da gest\u00e3o de pessoas e da comunica\u00e7\u00e3o, habilidades essenciais em qualquer l\u00edder moderno. E mais poderoso do que o discurso, s\u00e3o as demonstra\u00e7\u00f5es pr\u00e1ticas, do dia-a-dia, que fazem com que a cultura seja enraizada e com que os comportamentos desejados sejam percebidos de forma coerente e replicados pelos colaboradores.&nbsp;<\/p>\n\n\n\n<p>A exemplo disso, a CBMM, empresa brasileira com sede em Arax\u00e1, Minas Gerais, com mais de 6 d\u00e9cadas de atua\u00e7\u00e3o, viu a necessidade premente de evoluir sua cultura organizacional, para apoiar sua estrat\u00e9gia de crescimento acelerado atrav\u00e9s da diversifica\u00e7\u00e3o, com o objetivo principal de aumentar o tamanho de seu mercado e o impacto positivo na cadeia de materiais e aplica\u00e7\u00f5es onde sua tecnologia pode ser utilizada. Nos \u00faltimos anos, a Companhia vem promovendo um ambiente mais aberto e menos hierarquizado como parte da aten\u00e7\u00e3o especial \u00e0 evolu\u00e7\u00e3o de sua cultura atrav\u00e9s das pessoas.<\/p>\n\n\n\n<p>A Companhia acredita que um plano de crescimento ousado, com expans\u00e3o da capacidade produtiva e entrada em novos mercados, precisa ter como um de seus pilares uma cultura organizacional s\u00f3lida, vivenciada em todas as sedes e por todos os seus colaboradores em diferentes regi\u00f5es do mundo. A capacidade de atrair e unir tamanha diversidade de experiencias e talentos envolvidas e participativas na&nbsp; evolu\u00e7\u00e3o de uma cultura coesa \u00e9 tamb\u00e9m parte dos investimentos que a empresa faz pensando em ampliar sua longevidade e relev\u00e2ncia.<\/p>\n\n\n\n<p>Por: Tamara Vieira, Gerente de Desenvolvimento Humano e Organizacional da CBMM e Giuliano Fernandes, Gerente de Marketing e Comunica\u00e7\u00e3o da CBMM.<\/p>\n","protected":false},"excerpt":{"rendered":"<p>Cultura organizacional \u00e9 fator de diferencia\u00e7\u00e3o. Como a cultura corporativa influencia no desempenho Uma cultura organizacional pode ser um diferencial<\/p>\n","protected":false},"author":2,"featured_media":0,"comment_status":"open","ping_status":"open","sticky":false,"template":"","format":"standard","meta":{"footnotes":""},"categories":[9,11],"tags":[],"class_list":["post-4059","post","type-post","status-publish","format-standard","hentry","category-araxa","category-destaques"],"_links":{"self":[{"href":"http:\/\/blogdoarmindomaia.com.br\/index.php?rest_route=\/wp\/v2\/posts\/4059","targetHints":{"allow":["GET"]}}],"collection":[{"href":"http:\/\/blogdoarmindomaia.com.br\/index.php?rest_route=\/wp\/v2\/posts"}],"about":[{"href":"http:\/\/blogdoarmindomaia.com.br\/index.php?rest_route=\/wp\/v2\/types\/post"}],"author":[{"embeddable":true,"href":"http:\/\/blogdoarmindomaia.com.br\/index.php?rest_route=\/wp\/v2\/users\/2"}],"replies":[{"embeddable":true,"href":"http:\/\/blogdoarmindomaia.com.br\/index.php?rest_route=%2Fwp%2Fv2%2Fcomments&post=4059"}],"version-history":[{"count":1,"href":"http:\/\/blogdoarmindomaia.com.br\/index.php?rest_route=\/wp\/v2\/posts\/4059\/revisions"}],"predecessor-version":[{"id":4062,"href":"http:\/\/blogdoarmindomaia.com.br\/index.php?rest_route=\/wp\/v2\/posts\/4059\/revisions\/4062"}],"wp:attachment":[{"href":"http:\/\/blogdoarmindomaia.com.br\/index.php?rest_route=%2Fwp%2Fv2%2Fmedia&parent=4059"}],"wp:term":[{"taxonomy":"category","embeddable":true,"href":"http:\/\/blogdoarmindomaia.com.br\/index.php?rest_route=%2Fwp%2Fv2%2Fcategories&post=4059"},{"taxonomy":"post_tag","embeddable":true,"href":"http:\/\/blogdoarmindomaia.com.br\/index.php?rest_route=%2Fwp%2Fv2%2Ftags&post=4059"}],"curies":[{"name":"wp","href":"https:\/\/api.w.org\/{rel}","templated":true}]}}