{"id":409,"date":"2022-04-19T20:12:02","date_gmt":"2022-04-19T23:12:02","guid":{"rendered":"http:\/\/blogdoarmindomaia.com.br\/?p=409"},"modified":"2022-04-19T20:12:04","modified_gmt":"2022-04-19T23:12:04","slug":"coluna-do-luis-borges","status":"publish","type":"post","link":"http:\/\/blogdoarmindomaia.com.br\/?p=409","title":{"rendered":"Coluna do Luis Borges:"},"content":{"rendered":"\n<figure class=\"wp-block-image size-full is-style-default\"><img loading=\"lazy\" decoding=\"async\" width=\"203\" height=\"219\" src=\"http:\/\/blogdoarmindomaia.com.br\/wp-content\/uploads\/2022\/04\/Luis-Borges.jpg\" alt=\"\" class=\"wp-image-410\"\/><\/figure>\n\n\n\n<figure class=\"wp-block-table\"><table><tbody><tr><td><a href=\"http:\/\/observacaoeanalise.com.br\/o-capitalismo-sem-riscos-da-energia-eletrica\/\" rel=\"noreferrer noopener\" target=\"_blank\">O capitalismo sem riscos da energia el\u00e9trica &#8211; Observa\u00e7\u00e3o &amp; An\u00e1lise<\/a>O governo federal anunciou que a tarifa de escassez h\u00eddrica, criada em agosto do ano passado, deixar\u00e1 de ser cobrada nas contas de energia el\u00e9trica a partir do dia 16 de abril. O acr\u00e9scimo de R$14,20 a cada 100 kWh consumidos deveria vigorar durante 8 meses, de 1\u00ba de setembro de 2021 a 30 de \u2026<a href=\"http:\/\/observacaoeanalise.com.br\/\" target=\"_blank\" rel=\"noreferrer noopener\">observacaoeanalise.com.br<\/a><\/td><\/tr><\/tbody><\/table><\/figure>\n\n\n\n<h1 class=\"wp-block-heading\">O capitalismo sem riscos da energia el\u00e9trica<\/h1>\n\n\n\n<p>por&nbsp;<a href=\"http:\/\/observacaoeanalise.com.br\/author\/observa\/\" rel=\"noreferrer noopener\" target=\"_blank\">Luis Borges<\/a>&nbsp;,&nbsp;&nbsp;12 de abril de 2022&nbsp;&nbsp;<a href=\"http:\/\/observacaoeanalise.com.br\/root\/?cat=8\" rel=\"noreferrer noopener\" target=\"_blank\">Pensata<\/a><\/p>\n\n\n\n<hr class=\"wp-block-separator\"\/>\n\n\n\n<p>O governo federal anunciou que a tarifa de escassez h\u00eddrica, criada em agosto do ano passado, deixar\u00e1 de ser cobrada nas contas de energia el\u00e9trica a partir do dia 16 de abril. O acr\u00e9scimo de R$14,20 a cada 100 kWh consumidos deveria vigorar durante 8 meses, de 1\u00ba de setembro de 2021 a 30 de abril de 2022, e seu fim acabou sendo antecipado em 15 dias. Seria isso uma pequena bondade dentre as muitas que acontecem num ano eleitoral ou os altos \u00edndices pluviom\u00e9tricos desse per\u00edodo chuvoso mostram claramente que os reservat\u00f3rios se recuperaram h\u00e1 pelo menos 1 m\u00eas?<\/p>\n\n\n\n<p>N\u00e3o dava mais para manter a cobran\u00e7a diante de tantas evid\u00eancias objetivas, por mais que a cara e poluente energia das termel\u00e9tricas seja t\u00e3o bem defendida pelos tecnocratas de plant\u00e3o na Ag\u00eancia Nacional de Energia El\u00e9trica. Buscar fontes alternativas para a gera\u00e7\u00e3o de energia el\u00e9trica e implement\u00e1-las ainda \u00e9 um desafio na matriz energ\u00e9tica brasileira.<\/p>\n\n\n\n<p>\u00c9 interessante observar e analisar como \u00e9 bom um neg\u00f3cio em que o risco deixa de existir diante da menor dificuldade e num servi\u00e7o p\u00fablico concedido. Basta uma canetada governamental para que o preju\u00edzo iminente seja repassado ao consumidor, que deveria ser tratado com o respeito que o cliente-cidad\u00e3o merece e deve exigir.<\/p>\n\n\n\n<p>S\u00f3 repassar a ruindade advinda das falhas do planejamento e gest\u00e3o para os usu\u00e1rios \u2013 que n\u00e3o tem outra op\u00e7\u00e3o de fornecedor \u2013 \u00e9 muito simples e isenta o dono do neg\u00f3cio de enfrentar os desafios e riscos inerentes. Quem olhar para os detalhes da composi\u00e7\u00e3o da tarifa de energia el\u00e9trica, se houver um m\u00ednimo de transpar\u00eancia, ver\u00e1 a quantidade de penduricalhos que fazem parte da precifica\u00e7\u00e3o. Um bom exemplo, al\u00e9m das bandeiras tarif\u00e1rias, est\u00e1 ligado aos \u201cgatos\u201d de energia el\u00e9trica feitos por pessoas f\u00edsicas e jur\u00eddicas, independente da discuss\u00e3o sobre honestidade e necessidade. \u00c9 preciso lembrar que cabe \u00e0 distribuidora de energia el\u00e9trica auditar e descobrir os \u201cgatos\u201d existentes. \u00c9 claro que \u00e9 mais f\u00e1cil ficar inerte, pois essa perda est\u00e1 sendo paga na tarifa mediante rateio entre os consumidores.<\/p>\n\n\n\n<p>Enquanto isso, a m\u00eddia divulgou que o lucro l\u00edquido da Cemig em 2021 cresceu 31% e chegou a R$3,7 bilh\u00f5es. Quais causas levaram a esse resultado que dar\u00e1 bons dividendos aos acionistas, a come\u00e7ar pelo estado de Minas Gerais ?<\/p>\n\n\n\n<p>\u00c9 s\u00f3 lembrar dos transformadores estourando ao longo das redes de distribui\u00e7\u00e3o de energia, como que clamando por manuten\u00e7\u00e3o preventiva e mesmo preditiva. Mas, pelo visto, pode ser interessante postergar a realiza\u00e7\u00e3o de servi\u00e7os essenciais ao sistema para chegar ao resultado anual.<\/p>\n\n\n\n<p>Uma das consequ\u00eancias \u00e9 a falta de energia el\u00e9trica, que traz preju\u00edzo para os consumidores, inclusive com a perda de alimentos na geladeira e estragos em aparelhos eletroeletr\u00f4nicos, por exemplo. Ficar mais de 24 horas sem energia el\u00e9trica \u00e9 cada vez mais frequente, principalmente diante de qualquer intensa e r\u00e1pida chuva. E a empresa concession\u00e1ria dos servi\u00e7os tem dificuldade para resolver rapidamente os problemas gerados.<\/p>\n\n\n\n<p>Tamb\u00e9m \u00e9 importante lembrar, dentro do capitalismo sem riscos, o empr\u00e9stimo banc\u00e1rio de R$10,5 bilh\u00f5es autorizados pela ANEEL para socorrer as distribuidoras de energia visando cobrir mais preju\u00edzos delas no ano passado em fun\u00e7\u00e3o da crise h\u00eddrica. Acontece que esses valores ser\u00e3o pagos pelos consumidores em suas contas mensais a partir de 2023.<\/p>\n\n\n\n<p>O que acontece com uma pessoa f\u00edsica ou jur\u00eddica que n\u00e3o consegue pagar a conta de energia el\u00e9trica? N\u00e3o se fala em criar uma bandeira de escassez de renda causada pelo desemprego ou pela enorme perda de poder aquisitivo nesse j\u00e1 longo tempo de infla\u00e7\u00e3o t\u00e3o alta \u2013 11,3% s\u00f3 nos \u00faltimos 12 meses. Ao consumidor resta apenas pagar a conta para n\u00e3o ser cortado.<\/p>\n\n\n\n<p>Quando pior, pior mesmo e correndo todo o risco.<\/p>\n","protected":false},"excerpt":{"rendered":"<p>O capitalismo sem riscos da energia el\u00e9trica &#8211; Observa\u00e7\u00e3o &amp; An\u00e1liseO governo federal anunciou que a tarifa de escassez h\u00eddrica,<\/p>\n","protected":false},"author":2,"featured_media":410,"comment_status":"open","ping_status":"open","sticky":false,"template":"","format":"standard","meta":{"footnotes":""},"categories":[23],"tags":[],"class_list":["post-409","post","type-post","status-publish","format-standard","has-post-thumbnail","hentry","category-opiniao"],"_links":{"self":[{"href":"http:\/\/blogdoarmindomaia.com.br\/index.php?rest_route=\/wp\/v2\/posts\/409","targetHints":{"allow":["GET"]}}],"collection":[{"href":"http:\/\/blogdoarmindomaia.com.br\/index.php?rest_route=\/wp\/v2\/posts"}],"about":[{"href":"http:\/\/blogdoarmindomaia.com.br\/index.php?rest_route=\/wp\/v2\/types\/post"}],"author":[{"embeddable":true,"href":"http:\/\/blogdoarmindomaia.com.br\/index.php?rest_route=\/wp\/v2\/users\/2"}],"replies":[{"embeddable":true,"href":"http:\/\/blogdoarmindomaia.com.br\/index.php?rest_route=%2Fwp%2Fv2%2Fcomments&post=409"}],"version-history":[{"count":1,"href":"http:\/\/blogdoarmindomaia.com.br\/index.php?rest_route=\/wp\/v2\/posts\/409\/revisions"}],"predecessor-version":[{"id":411,"href":"http:\/\/blogdoarmindomaia.com.br\/index.php?rest_route=\/wp\/v2\/posts\/409\/revisions\/411"}],"wp:featuredmedia":[{"embeddable":true,"href":"http:\/\/blogdoarmindomaia.com.br\/index.php?rest_route=\/wp\/v2\/media\/410"}],"wp:attachment":[{"href":"http:\/\/blogdoarmindomaia.com.br\/index.php?rest_route=%2Fwp%2Fv2%2Fmedia&parent=409"}],"wp:term":[{"taxonomy":"category","embeddable":true,"href":"http:\/\/blogdoarmindomaia.com.br\/index.php?rest_route=%2Fwp%2Fv2%2Fcategories&post=409"},{"taxonomy":"post_tag","embeddable":true,"href":"http:\/\/blogdoarmindomaia.com.br\/index.php?rest_route=%2Fwp%2Fv2%2Ftags&post=409"}],"curies":[{"name":"wp","href":"https:\/\/api.w.org\/{rel}","templated":true}]}}